{"id":128612,"date":"2026-04-27T20:45:57","date_gmt":"2026-04-27T23:45:57","guid":{"rendered":"https:\/\/noticiasbahia360.com.br\/?p=128612"},"modified":"2026-04-27T20:45:57","modified_gmt":"2026-04-27T23:45:57","slug":"saiba-como-consultar-sua-situacao-eleitoral-ate-o-dia-6-de-maio","status":"publish","type":"post","link":"https:\/\/noticiasbahia360.com.br\/?p=128612","title":{"rendered":"Saiba como consultar sua situa\u00e7\u00e3o eleitoral at\u00e9 o dia 6 de maio"},"content":{"rendered":"<div>\n<div>\n<figure><img decoding=\"async\" src=\"http:\/\/noticiasbahia360.com.br\/wp-content\/uploads\/2026\/04\/Urna-Foto-Rovena-Rosa-Agencia-Brasil.jpg\" alt=\"Elei\u00e7\u00f5es Urna eletr\u00f4nica | Foto: Rovena Rosa\/ Ag\u00eancia Brasil\"><figcaption>Urna eletr\u00f4nica | Foto: Rovena Rosa\/ Ag\u00eancia Brasil<\/figcaption><\/figure>\n<\/div>\n<p>Faltam 9 dias para o fim do prazo para regulariza\u00e7\u00e3o do t\u00edtulo eleitoral. At\u00e9 o dia 6 de maio, brasileiros de 18 a 70 anos podem regularizar, atualizar dados ou fazer a coleta de biometria.<\/p>\n<h2 class=\"wp-block-heading\" id=\"h-onde-consultar\">Onde consultar?<\/h2>\n<p><a href=\"https:\/\/www.tse.jus.br\/\" type=\"link\" id=\"https:\/\/www.tse.jus.br\/\" target=\"_blank\" rel=\"noreferrer noopener\">Portal do Tribunal Superior Eleitoral (TSE)<\/a>: no <a href=\"https:\/\/www.tse.jus.br\/servicos-eleitorais\/autoatendimento-eleitoral#\/\" type=\"link\" id=\"https:\/\/www.tse.jus.br\/servicos-eleitorais\/autoatendimento-eleitoral#\/\" target=\"_blank\" rel=\"noreferrer noopener\">Autoatendimento eleitoral<\/a> voc\u00ea pode verificar eventuais pend\u00eancias e como regulariz\u00e1-las.<\/p>\n<p>Clique em \u201cConsultas\u201d e depois em \u201cSitua\u00e7\u00e3o do t\u00edtulo\u201d. \u00c9 preciso informar o n\u00famero do t\u00edtulo, o CPF ou o nome e a data de nascimento.<\/p>\n<p><strong>Entre os diversos servi\u00e7os, nesta p\u00e1gina \u00e9 poss\u00edvel ainda:<\/strong><\/p>\n<ul class=\"wp-block-list\">\n<li>Iniciar o processo de alistamento eleitoral<\/li>\n<li>Alterar dados<\/li>\n<li>Incluir nome social<\/li>\n<li>Imprimir o t\u00edtulo<\/li>\n<li>Consultar e pagar d\u00e9bitos<\/li>\n<li>Justificativa eleitoral<\/li>\n<li>Local de vota\u00e7\u00e3o<\/li>\n<li>Emitir certid\u00e3o de crimes eleitorais<\/li>\n<li>Trabalhos eleitorais<\/li>\n<li>Documento de quita\u00e7\u00e3o eleitoral<\/li>\n<\/ul>\n<p>Ainda no Portal do TSE, na p\u00e1gina principal, os eleitores podem acessar o menu de servi\u00e7os eleitorais e clicar em \u201cSitua\u00e7\u00e3o eleitoral\u201d para consultar o seu caso informando nome ou n\u00famero do t\u00edtulo.<\/p>\n<h2 class=\"wp-block-heading\" id=\"h-significado-dos-resultados-sobre-a-situacao-eleitoral\">Significado dos resultados sobre a situa\u00e7\u00e3o eleitoral:<\/h2>\n<ul class=\"wp-block-list\">\n<li><strong>Regular:<\/strong> voc\u00ea pode votar e sua inscri\u00e7\u00e3o eleitoral est\u00e1 habilitada para transfer\u00eancia de domic\u00edlio, a revis\u00e3o.<\/li>\n<\/ul>\n<p><em>Observa\u00e7\u00e3o: A regularidade do eleitor n\u00e3o corresponde \u00e0 quita\u00e7\u00e3o de d\u00e9bitos com a Justi\u00e7a Eleitoral.<\/em><\/p>\n<ul class=\"wp-block-list\">\n<li><strong>Cancelado:<\/strong> revela que o seu t\u00edtulo eleitoral est\u00e1 indispon\u00edvel para o exerc\u00edcio do voto, motivado pelo n\u00e3o comparecimento a tr\u00eas elei\u00e7\u00f5es consecutivas sem justificativa ou quita\u00e7\u00e3o de multas, perda de direitos pol\u00edticos, aus\u00eancia \u00e0 revis\u00e3o do eleitorado, entre outros.<\/li>\n<li><strong>Suspenso:<\/strong> voto nas elei\u00e7\u00f5es impedido devido a situa\u00e7\u00f5es como presta\u00e7\u00e3o de servi\u00e7o militar obrigat\u00f3rio. Al\u00e9m das causas dispostas no art. 15 da Constitui\u00e7\u00e3o Federal, como incapacidade civil absoluta, condena\u00e7\u00e3o criminal transitada em julgado, enquanto durarem seus efeitos, e improbidade administrativa.<\/li>\n<\/ul>\n<p>As regulariza\u00e7\u00f5es podem ser solicitadas no Portal do TSE ou no <a href=\"https:\/\/www.tse.jus.br\/servicos-eleitorais\/servicos\/aplicativo-e-titulo?tab=ancora-2\" type=\"link\" id=\"https:\/\/www.tse.jus.br\/servicos-eleitorais\/servicos\/aplicativo-e-titulo?tab=ancora-2\" target=\"_blank\" rel=\"noreferrer noopener\">aplicativo e-T\u00edtulo<\/a>. Em alguns casos, \u00e9 necess\u00e1rio agendar atendimento presencial em um cart\u00f3rio eleitoral.<\/p>\n<h2 class=\"wp-block-heading\" id=\"h-aplicativo-e-titulo\">Aplicativo e-T\u00edtulo<\/h2>\n<ul class=\"wp-block-list\">\n<li>T\u00edtulo Digital: neste aplicativo \u00e9 poss\u00edvel ter os dados, zona e se\u00e7\u00e3o eleitoral digitalmente na palma da m\u00e3o.<\/li>\n<li>Certid\u00f5es: emiss\u00e3o de Certid\u00e3o de Quita\u00e7\u00e3o Eleitoral e Certid\u00e3o de Crimes Eleitorais.<\/li>\n<li>Justificativa de Aus\u00eancia<\/li>\n<li>Consultar local de vota\u00e7\u00e3o<\/li>\n<li>Pagamento de multas via Pix ou boleto.<\/li>\n<li>Consulta de situa\u00e7\u00e3o eleitoral<\/li>\n<li>Inscri\u00e7\u00e3o como mes\u00e1rio<\/li>\n<li>Autenticidade de documentos<\/li>\n<li>Nada Consta (emiss\u00e3o de declara\u00e7\u00f5es sobre impedimentos eleitorais)<\/li>\n<\/ul>\n<p><em>Observa\u00e7\u00e3o: \u00e9 importante baixar ou atualizar o aplicativo antes do dia da elei\u00e7\u00e3o. O TSE pode suspender estes servi\u00e7os 24 horas antes do pleito para evitar sobrecarga no sistema.<\/em><\/p>\n<h2 class=\"wp-block-heading\" id=\"h-o-que-so-pode-ser-feito-presencialmente\">O que s\u00f3 pode ser feito presencialmente?<\/h2>\n<ul class=\"wp-block-list\">\n<li>Cadastramento Biom\u00e9trico: coleta de impress\u00f5es digitais, fotografia e assinatura<\/li>\n<li>Primeiro t\u00edtulo (alistamento)<\/li>\n<li>Entrega de algumas documenta\u00e7\u00f5es<\/li>\n<li>Valida\u00e7\u00e3o de documentos (se o eleitor n\u00e3o conseguir pelo Portal do TSE ou em casos de inconsist\u00eancias graves nos dados informados)<\/li>\n<\/ul>\n<p>Este ano, as elei\u00e7\u00f5es no Brasil acontecem no dia 4 de outubro (1\u00ba turno) e 25 de outubro (2\u00ba turno), onde houver necessidade.<\/p>\n<h2 class=\"wp-block-heading\" id=\"h-nas-eleicoes-2026-serao-votados\">Nas Elei\u00e7\u00f5es 2026 ser\u00e3o votados:<\/h2>\n<ul class=\"wp-block-list\">\n<li>Presidente da Rep\u00fablica<\/li>\n<li>Governador<\/li>\n<li>Senador (ser\u00e3o eleitos dois senadores por estado)<\/li>\n<li>Deputado Federal (ou Distrital, no caso do DF)<\/li>\n<\/ul>\n<p><em>Siga o Acorda Cidade no\u00a0<\/em><a href=\"https:\/\/news.google.com\/search?q=acorda%20cidade&amp;hl=pt-BR&amp;gl=BR&amp;ceid=BR%3Apt-419\"><strong><em>Google Not\u00edcias<\/em><\/strong><\/a><em>\u00a0e receba os principais destaques do dia. Participe tamb\u00e9m dos nossos canais no\u00a0<\/em><a href=\"https:\/\/www.whatsapp.com\/channel\/0029Va6Rb4v3WHTNnsh8WI3N\"><strong><em>WhatsApp<\/em><\/strong><\/a><em>\u00a0e\u00a0<\/em><a href=\"https:\/\/www.youtube.com\/@acordacidadenoticias\/videos\"><strong>YouTube<\/strong><\/a><em>\u00a0e grupo de\u00a0<\/em><a href=\"https:\/\/t.me\/+sSz0khrgARA0ZmRh\"><strong><em>Telegram<\/em><\/strong><\/a><em>.<\/em><\/p>\n<\/div>\n","protected":false},"excerpt":{"rendered":"<div>\n<div>\n<figure><img decoding=\"async\" src=\"https:\/\/www.acordacidade.com.br\/wp-content\/uploads\/2026\/01\/Urna-Foto-Rovena-Rosa-Agencia-Brasil.jpg\" alt=\"Elei\u00e7\u00f5es Urna eletr\u00f4nica | Foto: Rovena Rosa\/ Ag\u00eancia Brasil\"><figcaption>Urna eletr\u00f4nica | Foto: Rovena Rosa\/ Ag\u00eancia Brasil<\/figcaption><\/figure>\n<\/div>\n<p>Este ano, as elei\u00e7\u00f5es no Brasil acontecem no dia 4 de outubro (1\u00ba turno) e 25 de outubro (2\u00ba turno), onde houver necessidade.<\/p><\/div>\n","protected":false},"author":1,"featured_media":128613,"comment_status":"closed","ping_status":"closed","sticky":false,"template":"","format":"gallery","meta":{"footnotes":""},"categories":[8,9,6,57,56,10],"tags":[],"class_list":["post-128612","post","type-post","status-publish","format-gallery","has-post-thumbnail","hentry","category-bahia","category-brasil","category-feira-de-santana","category-mundo","category-policia","category-politica","post_format-post-format-gallery"],"featured_image_urls":{"full":["https:\/\/noticiasbahia360.com.br\/wp-content\/uploads\/2026\/04\/Urna-Foto-Rovena-Rosa-Agencia-Brasil.jpg",1200,718,false],"thumbnail":["https:\/\/noticiasbahia360.com.br\/wp-content\/uploads\/2026\/04\/Urna-Foto-Rovena-Rosa-Agencia-Brasil-150x150.jpg",150,150,true],"medium":["https:\/\/noticiasbahia360.com.br\/wp-content\/uploads\/2026\/04\/Urna-Foto-Rovena-Rosa-Agencia-Brasil-300x180.jpg",300,180,true],"medium_large":["https:\/\/noticiasbahia360.com.br\/wp-content\/uploads\/2026\/04\/Urna-Foto-Rovena-Rosa-Agencia-Brasil-768x460.jpg",640,383,true],"large":["https:\/\/noticiasbahia360.com.br\/wp-content\/uploads\/2026\/04\/Urna-Foto-Rovena-Rosa-Agencia-Brasil-1024x613.jpg",640,383,true],"1536x1536":["https:\/\/noticiasbahia360.com.br\/wp-content\/uploads\/2026\/04\/Urna-Foto-Rovena-Rosa-Agencia-Brasil.jpg",1200,718,false],"2048x2048":["https:\/\/noticiasbahia360.com.br\/wp-content\/uploads\/2026\/04\/Urna-Foto-Rovena-Rosa-Agencia-Brasil.jpg",1200,718,false],"chromenews-featured":["https:\/\/noticiasbahia360.com.br\/wp-content\/uploads\/2026\/04\/Urna-Foto-Rovena-Rosa-Agencia-Brasil-1024x613.jpg",1024,613,true],"chromenews-large":["https:\/\/noticiasbahia360.com.br\/wp-content\/uploads\/2026\/04\/Urna-Foto-Rovena-Rosa-Agencia-Brasil-825x575.jpg",825,575,true],"chromenews-medium":["https:\/\/noticiasbahia360.com.br\/wp-content\/uploads\/2026\/04\/Urna-Foto-Rovena-Rosa-Agencia-Brasil-590x410.jpg",590,410,true]},"author_info":{"display_name":"noticiasbahia360.com.br","author_link":"https:\/\/noticiasbahia360.com.br\/?author=1"},"category_info":"<a href=\"https:\/\/noticiasbahia360.com.br\/?cat=8\" rel=\"category\">Bahia<\/a> <a href=\"https:\/\/noticiasbahia360.com.br\/?cat=9\" rel=\"category\">Brasil<\/a> <a href=\"https:\/\/noticiasbahia360.com.br\/?cat=6\" rel=\"category\">Feira de Santana<\/a> <a href=\"https:\/\/noticiasbahia360.com.br\/?cat=57\" rel=\"category\">Mundo<\/a> <a href=\"https:\/\/noticiasbahia360.com.br\/?cat=56\" rel=\"category\">Pol\u00edcia<\/a> <a href=\"https:\/\/noticiasbahia360.com.br\/?cat=10\" rel=\"category\">Pol\u00edtica<\/a>","tag_info":"Pol\u00edtica","comment_count":"0","_links":{"self":[{"href":"https:\/\/noticiasbahia360.com.br\/index.php?rest_route=\/wp\/v2\/posts\/128612","targetHints":{"allow":["GET"]}}],"collection":[{"href":"https:\/\/noticiasbahia360.com.br\/index.php?rest_route=\/wp\/v2\/posts"}],"about":[{"href":"https:\/\/noticiasbahia360.com.br\/index.php?rest_route=\/wp\/v2\/types\/post"}],"author":[{"embeddable":true,"href":"https:\/\/noticiasbahia360.com.br\/index.php?rest_route=\/wp\/v2\/users\/1"}],"replies":[{"embeddable":true,"href":"https:\/\/noticiasbahia360.com.br\/index.php?rest_route=%2Fwp%2Fv2%2Fcomments&post=128612"}],"version-history":[{"count":0,"href":"https:\/\/noticiasbahia360.com.br\/index.php?rest_route=\/wp\/v2\/posts\/128612\/revisions"}],"wp:featuredmedia":[{"embeddable":true,"href":"https:\/\/noticiasbahia360.com.br\/index.php?rest_route=\/wp\/v2\/media\/128613"}],"wp:attachment":[{"href":"https:\/\/noticiasbahia360.com.br\/index.php?rest_route=%2Fwp%2Fv2%2Fmedia&parent=128612"}],"wp:term":[{"taxonomy":"category","embeddable":true,"href":"https:\/\/noticiasbahia360.com.br\/index.php?rest_route=%2Fwp%2Fv2%2Fcategories&post=128612"},{"taxonomy":"post_tag","embeddable":true,"href":"https:\/\/noticiasbahia360.com.br\/index.php?rest_route=%2Fwp%2Fv2%2Ftags&post=128612"}],"curies":[{"name":"wp","href":"https:\/\/api.w.org\/{rel}","templated":true}]}}