{"id":128614,"date":"2026-04-27T21:05:55","date_gmt":"2026-04-28T00:05:55","guid":{"rendered":"https:\/\/noticiasbahia360.com.br\/?p=128614"},"modified":"2026-04-27T21:05:55","modified_gmt":"2026-04-28T00:05:55","slug":"governo-federal-destina-r-450-milhoes-para-fortalecer-pronaf-mais-leite","status":"publish","type":"post","link":"https:\/\/noticiasbahia360.com.br\/?p=128614","title":{"rendered":"Governo federal destina R$ 450 milh\u00f5es para fortalecer Pronaf Mais Leite"},"content":{"rendered":"<div>\n<div>\n<figure><img decoding=\"async\" src=\"http:\/\/noticiasbahia360.com.br\/wp-content\/uploads\/2026\/04\/Governo-federal-destina-R-450-milhoes-para-fortalecer-o-Pronaf-Mais-Leite-Foto-Cadu-Gomes-VPR.jpg\" alt=\"Governo federal destina R$ 450 milh\u00f5es para fortalecer o Pronaf Mais Leite\"><figcaption>Foto: Cadu Gomes\/ VPR<\/figcaption><\/figure>\n<\/div>\n<p>Ag\u00eancia Brasil \u2014\u00a0O governo federal anunciou, nesta segunda-feira (27), em Andradina, no interior de S\u00e3o Paulo, a destina\u00e7\u00e3o de R$ 450 milh\u00f5es em cr\u00e9dito rural subsidiado para o Programa Nacional de Fortalecimento da Agricultura Familiar Mais Leite (Pronaf Mais Leite).\u00a0<img decoding=\"async\" src=\"https:\/\/agenciabrasil.ebc.com.br\/ebc.png?id=1687411&amp;o=node\"><img decoding=\"async\" src=\"https:\/\/agenciabrasil.ebc.com.br\/ebc.gif?id=1687411&amp;o=node\"><\/p>\n<p>O programa \u00e9 uma linha de cr\u00e9dito especial do governo federal focado no aumento da produtividade da pecu\u00e1ria leiteira familiar. O objetivo \u00e9 financiar o melhoramento gen\u00e9tico, com foco na transfer\u00eancia de embri\u00f5es, al\u00e9m de infraestrutura, ordenhadeiras e tanques de resfriamento, visando aumentar a produ\u00e7\u00e3o por animal.<\/p>\n<p><strong>A previs\u00e3o \u00e9 a de financiar at\u00e9 300 mil embri\u00f5es e elevar a produ\u00e7\u00e3o de leite por animal com potencial de 3 a 8 litros por dia para 15 a 30 litros por dia.<\/strong>\u00a0<\/p>\n<p>Devem ser beneficiados cerca de 40 mil produtores familiares que poder\u00e3o utilizar o recurso para comprar matrizes de alto valor gen\u00e9tico, s\u00eamen, \u00f3vulos e embri\u00f5es, servi\u00e7os de insemina\u00e7\u00e3o e FIV (Fertiliza\u00e7\u00e3o in Vitro), ordenhadeiras e tanques de resfriamento, al\u00e9m de investir no manejo, alimenta\u00e7\u00e3o e infraestrutura produtiva.<\/p>\n<p><strong>Para acessar o cr\u00e9dito, o produtor precisa ter o Cadastro da Agricultura Familiar (CAF) ativo, procurar os agentes financeiros Banco do Brasil, Sicredi, Cresol, Sicoob e Banrisul e apresentar um projeto t\u00e9cnico que demonstre a viabilidade do investimento.<\/strong>\u00a0<\/p>\n<p>O programa tamb\u00e9m inclui apoio da Ag\u00eancia Nacional de Assist\u00eancia T\u00e9cnica e Extens\u00e3o Rural (Anater) para orientar os produtores.\u00a0<\/p>\n<p><strong>Foram disponibilizadas linhas de cr\u00e9dito para as cooperativas da agricultura familiar com taxas de juros de 3% ao ano, e para as demais cooperativas de leite do pa\u00eds, por meio do Programa Renovagro, com juros de 8,5% ao ano.<\/strong><\/p>\n<p>\u201cNo pa\u00eds s\u00e3o 1,150 milh\u00e3o de fam\u00edlias que vivem da produ\u00e7\u00e3o de leite no Brasil. Dessas, 950 mil s\u00e3o fam\u00edlias da agricultura familiar. O leite \u00e9 uma cadeia que \u00e9 constitu\u00edda majoritariamente nas pequenas propriedades, nos assentamentos da reforma agr\u00e1ria, nas propriedades da agricultura familiar. S\u00e3o eles que garantem a produ\u00e7\u00e3o de leite que se transforma na diversidade de produtos que alimenta e leva nutri\u00e7\u00e3o\u201d, disse a ministra do Desenvolvimento Agr\u00e1rio e Agricultura Familiar, Fernanda Machiaveli.<\/p>\n<p><strong>A ministra tamb\u00e9m anunciou a destina\u00e7\u00e3o de R$ 15 milh\u00f5es para a constru\u00e7\u00e3o da primeira f\u00e1brica de leite em p\u00f3 de cooperados no estado de S\u00e3o Paulo<\/strong>, que tamb\u00e9m aumentar\u00e1 a produ\u00e7\u00e3o e a renda para os produtores, e a disponibiliza\u00e7\u00e3o de R$ 28 milh\u00f5es para a assist\u00eancia t\u00e9cnica e extens\u00e3o rural dos produtores com o objetivo de impulsionar a produ\u00e7\u00e3o de leite.\u00a0<\/p>\n<p><strong>\u201cAl\u00e9m disso, no Programa Terra da Gente mais duas \u00e1reas ser\u00e3o desapropriadas pelo governo para o S\u00edtio Boa Vista, em Americana, interior de S\u00e3o Paulo, e a Fazenda Cara\u00fabas, em Santa Quit\u00e9ria, no Cear\u00e1\u201d, anunciou.<\/strong><\/p>\n<p>O vice-presidente da Rep\u00fablica, Geraldo Alckmin, destacou a import\u00e2ncia da agroind\u00fastria e do cooperativismo como agregadores de valor.\u00a0<\/p>\n<p>\u201cTemos que ter a agroind\u00fastria, pegar o produto da terra e fazer manufatura. Aqui ficam duas li\u00e7\u00f5es sobre a import\u00e2ncia do associativismo: quando a gente sonha sozinho \u00e9 s\u00f3 um sonho, mas quando a gente sonha junto \u00e9 o in\u00edcio de uma nova realidade. A outra \u00e9 o cooperativismo, quanto mais abelha mais mel\u201d, disse Alckmin.<\/p>\n<p><em>Siga o Acorda Cidade no<\/em><a href=\"https:\/\/news.google.com\/search?q=acorda%20cidade&amp;hl=pt-BR&amp;gl=BR&amp;ceid=BR%3Apt-419\"><strong><em>\u00a0Google Not\u00edcias<\/em><\/strong><\/a><em>\u00a0e receba os principais destaques do dia. Participe tamb\u00e9m dos nossos canais no\u00a0<\/em><a href=\"https:\/\/www.whatsapp.com\/channel\/0029Va6Rb4v3WHTNnsh8WI3N\"><strong><em>WhatsApp<\/em><\/strong><\/a><em>\u00a0e\u00a0<\/em><a href=\"https:\/\/www.youtube.com\/@acordacidadenoticias\/videos\"><strong>YouTube<\/strong><\/a><em>\u00a0e no grupo de\u00a0<\/em><a href=\"https:\/\/t.me\/+sSz0khrgARA0ZmRh\"><strong><em>Telegram<\/em><\/strong><\/a><em>.<\/em><\/p>\n<\/div>\n","protected":false},"excerpt":{"rendered":"<div>\n<div>\n<figure><img decoding=\"async\" src=\"https:\/\/uploads.acordacidade.com.br\/2026\/04\/Governo-federal-destina-R-450-milhoes-para-fortalecer-o-Pronaf-Mais-Leite-Foto-Cadu-Gomes-VPR.jpg\" alt=\"Governo federal destina R$ 450 milh\u00f5es para fortalecer o Pronaf Mais Leite\"><figcaption>Foto: Cadu Gomes\/ VPR<\/figcaption><\/figure>\n<\/div>\n<p>O programa \u00e9 uma linha de cr\u00e9dito especial do governo federal focado no aumento da produtividade da pecu\u00e1ria leiteira familiar.<\/p><\/div>\n","protected":false},"author":1,"featured_media":128615,"comment_status":"closed","ping_status":"closed","sticky":false,"template":"","format":"gallery","meta":{"footnotes":""},"categories":[8,9,6,57,56,10],"tags":[],"class_list":["post-128614","post","type-post","status-publish","format-gallery","has-post-thumbnail","hentry","category-bahia","category-brasil","category-feira-de-santana","category-mundo","category-policia","category-politica","post_format-post-format-gallery"],"featured_image_urls":{"full":["https:\/\/noticiasbahia360.com.br\/wp-content\/uploads\/2026\/04\/Governo-federal-destina-R-450-milhoes-para-fortalecer-o-Pronaf-Mais-Leite-Foto-Cadu-Gomes-VPR.jpg",1200,718,false],"thumbnail":["https:\/\/noticiasbahia360.com.br\/wp-content\/uploads\/2026\/04\/Governo-federal-destina-R-450-milhoes-para-fortalecer-o-Pronaf-Mais-Leite-Foto-Cadu-Gomes-VPR-150x150.jpg",150,150,true],"medium":["https:\/\/noticiasbahia360.com.br\/wp-content\/uploads\/2026\/04\/Governo-federal-destina-R-450-milhoes-para-fortalecer-o-Pronaf-Mais-Leite-Foto-Cadu-Gomes-VPR-300x180.jpg",300,180,true],"medium_large":["https:\/\/noticiasbahia360.com.br\/wp-content\/uploads\/2026\/04\/Governo-federal-destina-R-450-milhoes-para-fortalecer-o-Pronaf-Mais-Leite-Foto-Cadu-Gomes-VPR-768x460.jpg",640,383,true],"large":["https:\/\/noticiasbahia360.com.br\/wp-content\/uploads\/2026\/04\/Governo-federal-destina-R-450-milhoes-para-fortalecer-o-Pronaf-Mais-Leite-Foto-Cadu-Gomes-VPR-1024x613.jpg",640,383,true],"1536x1536":["https:\/\/noticiasbahia360.com.br\/wp-content\/uploads\/2026\/04\/Governo-federal-destina-R-450-milhoes-para-fortalecer-o-Pronaf-Mais-Leite-Foto-Cadu-Gomes-VPR.jpg",1200,718,false],"2048x2048":["https:\/\/noticiasbahia360.com.br\/wp-content\/uploads\/2026\/04\/Governo-federal-destina-R-450-milhoes-para-fortalecer-o-Pronaf-Mais-Leite-Foto-Cadu-Gomes-VPR.jpg",1200,718,false],"chromenews-featured":["https:\/\/noticiasbahia360.com.br\/wp-content\/uploads\/2026\/04\/Governo-federal-destina-R-450-milhoes-para-fortalecer-o-Pronaf-Mais-Leite-Foto-Cadu-Gomes-VPR-1024x613.jpg",1024,613,true],"chromenews-large":["https:\/\/noticiasbahia360.com.br\/wp-content\/uploads\/2026\/04\/Governo-federal-destina-R-450-milhoes-para-fortalecer-o-Pronaf-Mais-Leite-Foto-Cadu-Gomes-VPR-825x575.jpg",825,575,true],"chromenews-medium":["https:\/\/noticiasbahia360.com.br\/wp-content\/uploads\/2026\/04\/Governo-federal-destina-R-450-milhoes-para-fortalecer-o-Pronaf-Mais-Leite-Foto-Cadu-Gomes-VPR-590x410.jpg",590,410,true]},"author_info":{"display_name":"noticiasbahia360.com.br","author_link":"https:\/\/noticiasbahia360.com.br\/?author=1"},"category_info":"<a href=\"https:\/\/noticiasbahia360.com.br\/?cat=8\" rel=\"category\">Bahia<\/a> <a href=\"https:\/\/noticiasbahia360.com.br\/?cat=9\" rel=\"category\">Brasil<\/a> <a href=\"https:\/\/noticiasbahia360.com.br\/?cat=6\" rel=\"category\">Feira de Santana<\/a> <a href=\"https:\/\/noticiasbahia360.com.br\/?cat=57\" rel=\"category\">Mundo<\/a> <a href=\"https:\/\/noticiasbahia360.com.br\/?cat=56\" rel=\"category\">Pol\u00edcia<\/a> <a href=\"https:\/\/noticiasbahia360.com.br\/?cat=10\" rel=\"category\">Pol\u00edtica<\/a>","tag_info":"Pol\u00edtica","comment_count":"0","_links":{"self":[{"href":"https:\/\/noticiasbahia360.com.br\/index.php?rest_route=\/wp\/v2\/posts\/128614","targetHints":{"allow":["GET"]}}],"collection":[{"href":"https:\/\/noticiasbahia360.com.br\/index.php?rest_route=\/wp\/v2\/posts"}],"about":[{"href":"https:\/\/noticiasbahia360.com.br\/index.php?rest_route=\/wp\/v2\/types\/post"}],"author":[{"embeddable":true,"href":"https:\/\/noticiasbahia360.com.br\/index.php?rest_route=\/wp\/v2\/users\/1"}],"replies":[{"embeddable":true,"href":"https:\/\/noticiasbahia360.com.br\/index.php?rest_route=%2Fwp%2Fv2%2Fcomments&post=128614"}],"version-history":[{"count":0,"href":"https:\/\/noticiasbahia360.com.br\/index.php?rest_route=\/wp\/v2\/posts\/128614\/revisions"}],"wp:featuredmedia":[{"embeddable":true,"href":"https:\/\/noticiasbahia360.com.br\/index.php?rest_route=\/wp\/v2\/media\/128615"}],"wp:attachment":[{"href":"https:\/\/noticiasbahia360.com.br\/index.php?rest_route=%2Fwp%2Fv2%2Fmedia&parent=128614"}],"wp:term":[{"taxonomy":"category","embeddable":true,"href":"https:\/\/noticiasbahia360.com.br\/index.php?rest_route=%2Fwp%2Fv2%2Fcategories&post=128614"},{"taxonomy":"post_tag","embeddable":true,"href":"https:\/\/noticiasbahia360.com.br\/index.php?rest_route=%2Fwp%2Fv2%2Ftags&post=128614"}],"curies":[{"name":"wp","href":"https:\/\/api.w.org\/{rel}","templated":true}]}}