{"id":128616,"date":"2026-04-27T21:21:06","date_gmt":"2026-04-28T00:21:06","guid":{"rendered":"https:\/\/noticiasbahia360.com.br\/?p=128616"},"modified":"2026-04-27T21:21:06","modified_gmt":"2026-04-28T00:21:06","slug":"tre-ba-mantem-sentenca-de-primeira-instancia-e-reafirma-vitoria-de-jose-ronaldo","status":"publish","type":"post","link":"https:\/\/noticiasbahia360.com.br\/?p=128616","title":{"rendered":"TRE-BA mant\u00e9m senten\u00e7a de primeira inst\u00e2ncia e reafirma vit\u00f3ria de Jos\u00e9 Ronaldo"},"content":{"rendered":"<div>\n<div>\n<figure><img decoding=\"async\" src=\"http:\/\/noticiasbahia360.com.br\/wp-content\/uploads\/2026\/04\/Jose-Ronaldo-1-1.jpg\" alt=\"Jos\u00e9 Ronaldo\"><figcaption>Prefeito Jos\u00e9 Ronaldo | Foto: Ney Silva\/ Acorda Cidade<\/figcaption><\/figure>\n<\/div>\n<p>Nesta segunda-feira (27), o Tribunal Regional Eleitoral da Bahia (TRE-BA) decidiu, por unanimidade, manter a senten\u00e7a de primeira inst\u00e2ncia e rejeitar o recurso apresentado pelo candidato derrotado Z\u00e9 Neto (PT), que havia questionado o resultado das elei\u00e7\u00f5es. A decis\u00e3o afasta mais uma tentativa de contesta\u00e7\u00e3o da vontade soberana da popula\u00e7\u00e3o feirense expressa nas urnas.<\/p>\n<p>Com o novo julgamento, a Justi\u00e7a Eleitoral reafirma, de forma categ\u00f3rica, a legitimidade da conduta dos investigados e a improced\u00eancia das acusa\u00e7\u00f5es apresentadas. O processo tratava de suposta capta\u00e7\u00e3o il\u00edcita de sufr\u00e1gio, que, conforme reconhecido pelos magistrados, n\u00e3o ficou comprovada nos autos, evidenciando a aus\u00eancia de provas que sustentassem as alega\u00e7\u00f5es.<\/p>\n<p>A decis\u00e3o un\u00e2nime do TRE-BA consolida o entendimento j\u00e1 firmado em primeira inst\u00e2ncia, refor\u00e7ando a lisura do pleito, o respeito \u00e0s normas eleitorais e a legitimidade do resultado que conduziu Jos\u00e9 Ronaldo \u00e0 Prefeitura de Feira de Santana para o quinto mandato.<\/p>\n<p>Para a gest\u00e3o municipal, o desfecho do caso fortalece a confian\u00e7a nas institui\u00e7\u00f5es e reafirma o compromisso com a legalidade, a transpar\u00eancia e o respeito \u00e0 democracia.<\/p>\n<p><em>Siga o Acorda Cidade no<\/em><a href=\"https:\/\/news.google.com\/search?q=acorda%20cidade&amp;hl=pt-BR&amp;gl=BR&amp;ceid=BR%3Apt-419\"><strong><em>\u00a0Google Not\u00edcias<\/em><\/strong><\/a><em>\u00a0e receba os principais destaques do dia. Participe tamb\u00e9m dos nossos canais no\u00a0<\/em><a href=\"https:\/\/www.whatsapp.com\/channel\/0029Va6Rb4v3WHTNnsh8WI3N\"><strong><em>WhatsApp<\/em><\/strong><\/a><em>\u00a0e\u00a0<\/em><a href=\"https:\/\/www.youtube.com\/@acordacidadenoticias\/videos\"><strong>YouTube<\/strong><\/a><em>\u00a0e no grupo de\u00a0<\/em><a href=\"https:\/\/t.me\/+sSz0khrgARA0ZmRh\"><strong><em>Telegram<\/em><\/strong><\/a><em>.<\/em><\/p>\n<\/div>\n","protected":false},"excerpt":{"rendered":"<div>\n<div>\n<figure><img decoding=\"async\" src=\"https:\/\/uploads.acordacidade.com.br\/2026\/04\/Jose-Ronaldo-.jpg\" alt=\"Jos\u00e9 Ronaldo\"><figcaption>Prefeito Jos\u00e9 Ronaldo | Foto: Ney Silva\/ Acorda Cidade<\/figcaption><\/figure>\n<\/div>\n<p>Jos\u00e9 Ronaldo obteve mais uma vit\u00f3ria na Justi\u00e7a Eleitoral, refor\u00e7ando a legalidade e a transpar\u00eancia do processo eleitoral de 2024.<\/p><\/div>\n","protected":false},"author":1,"featured_media":128617,"comment_status":"closed","ping_status":"closed","sticky":false,"template":"","format":"gallery","meta":{"footnotes":""},"categories":[8,9,6,57,56,10],"tags":[],"class_list":["post-128616","post","type-post","status-publish","format-gallery","has-post-thumbnail","hentry","category-bahia","category-brasil","category-feira-de-santana","category-mundo","category-policia","category-politica","post_format-post-format-gallery"],"featured_image_urls":{"full":["https:\/\/noticiasbahia360.com.br\/wp-content\/uploads\/2026\/04\/Jose-Ronaldo-1-1.jpg",1200,900,false],"thumbnail":["https:\/\/noticiasbahia360.com.br\/wp-content\/uploads\/2026\/04\/Jose-Ronaldo-1-1-150x150.jpg",150,150,true],"medium":["https:\/\/noticiasbahia360.com.br\/wp-content\/uploads\/2026\/04\/Jose-Ronaldo-1-1-300x225.jpg",300,225,true],"medium_large":["https:\/\/noticiasbahia360.com.br\/wp-content\/uploads\/2026\/04\/Jose-Ronaldo-1-1-768x576.jpg",640,480,true],"large":["https:\/\/noticiasbahia360.com.br\/wp-content\/uploads\/2026\/04\/Jose-Ronaldo-1-1-1024x768.jpg",640,480,true],"1536x1536":["https:\/\/noticiasbahia360.com.br\/wp-content\/uploads\/2026\/04\/Jose-Ronaldo-1-1.jpg",1200,900,false],"2048x2048":["https:\/\/noticiasbahia360.com.br\/wp-content\/uploads\/2026\/04\/Jose-Ronaldo-1-1.jpg",1200,900,false],"chromenews-featured":["https:\/\/noticiasbahia360.com.br\/wp-content\/uploads\/2026\/04\/Jose-Ronaldo-1-1-1024x768.jpg",1024,768,true],"chromenews-large":["https:\/\/noticiasbahia360.com.br\/wp-content\/uploads\/2026\/04\/Jose-Ronaldo-1-1-825x575.jpg",825,575,true],"chromenews-medium":["https:\/\/noticiasbahia360.com.br\/wp-content\/uploads\/2026\/04\/Jose-Ronaldo-1-1-590x410.jpg",590,410,true]},"author_info":{"display_name":"noticiasbahia360.com.br","author_link":"https:\/\/noticiasbahia360.com.br\/?author=1"},"category_info":"<a href=\"https:\/\/noticiasbahia360.com.br\/?cat=8\" rel=\"category\">Bahia<\/a> <a href=\"https:\/\/noticiasbahia360.com.br\/?cat=9\" rel=\"category\">Brasil<\/a> <a href=\"https:\/\/noticiasbahia360.com.br\/?cat=6\" rel=\"category\">Feira de Santana<\/a> <a href=\"https:\/\/noticiasbahia360.com.br\/?cat=57\" rel=\"category\">Mundo<\/a> <a href=\"https:\/\/noticiasbahia360.com.br\/?cat=56\" rel=\"category\">Pol\u00edcia<\/a> <a href=\"https:\/\/noticiasbahia360.com.br\/?cat=10\" rel=\"category\">Pol\u00edtica<\/a>","tag_info":"Pol\u00edtica","comment_count":"0","_links":{"self":[{"href":"https:\/\/noticiasbahia360.com.br\/index.php?rest_route=\/wp\/v2\/posts\/128616","targetHints":{"allow":["GET"]}}],"collection":[{"href":"https:\/\/noticiasbahia360.com.br\/index.php?rest_route=\/wp\/v2\/posts"}],"about":[{"href":"https:\/\/noticiasbahia360.com.br\/index.php?rest_route=\/wp\/v2\/types\/post"}],"author":[{"embeddable":true,"href":"https:\/\/noticiasbahia360.com.br\/index.php?rest_route=\/wp\/v2\/users\/1"}],"replies":[{"embeddable":true,"href":"https:\/\/noticiasbahia360.com.br\/index.php?rest_route=%2Fwp%2Fv2%2Fcomments&post=128616"}],"version-history":[{"count":0,"href":"https:\/\/noticiasbahia360.com.br\/index.php?rest_route=\/wp\/v2\/posts\/128616\/revisions"}],"wp:featuredmedia":[{"embeddable":true,"href":"https:\/\/noticiasbahia360.com.br\/index.php?rest_route=\/wp\/v2\/media\/128617"}],"wp:attachment":[{"href":"https:\/\/noticiasbahia360.com.br\/index.php?rest_route=%2Fwp%2Fv2%2Fmedia&parent=128616"}],"wp:term":[{"taxonomy":"category","embeddable":true,"href":"https:\/\/noticiasbahia360.com.br\/index.php?rest_route=%2Fwp%2Fv2%2Fcategories&post=128616"},{"taxonomy":"post_tag","embeddable":true,"href":"https:\/\/noticiasbahia360.com.br\/index.php?rest_route=%2Fwp%2Fv2%2Ftags&post=128616"}],"curies":[{"name":"wp","href":"https:\/\/api.w.org\/{rel}","templated":true}]}}