{"id":128618,"date":"2026-04-27T22:05:57","date_gmt":"2026-04-28T01:05:57","guid":{"rendered":"https:\/\/noticiasbahia360.com.br\/?p=128618"},"modified":"2026-04-27T22:05:57","modified_gmt":"2026-04-28T01:05:57","slug":"jaguara-distrito-recebe-projeto-casa-cras-com-oferta-de-vagas-de-emprego","status":"publish","type":"post","link":"https:\/\/noticiasbahia360.com.br\/?p=128618","title":{"rendered":"Jaguara: distrito recebe projeto Casa Cras com oferta de vagas de emprego"},"content":{"rendered":"<div>\n<div>\n<figure><img decoding=\"async\" src=\"http:\/\/noticiasbahia360.com.br\/wp-content\/uploads\/2026\/04\/Jaguara-distrito-recebe-projeto-Casa-Cras-com-oferta-de-vagas-de-emprego-Foto-Danielly-Cerqueira-Imagem-Ilustrativa.jpg\" alt=\"Jaguara: distrito recebe projeto Casa Cras com oferta de vagas de emprego\"><figcaption>Foto: Danielly Cerqueira\/ Imagem Ilustrativa<\/figcaption><\/figure>\n<\/div>\n<p>A Prefeitura Municipal de Feira de Santana, por meio da Secretaria Municipal de Trabalho, Turismo e Desenvolvimento Econ\u00f4mico (Settdec) e da Casa do Trabalhador, promove nesta ter\u00e7a-feira (28) e quarta-feira (29), uma edi\u00e7\u00e3o do projeto Casa Cras no distrito de Jaguara. A a\u00e7\u00e3o ocorre em parceria com a Secretaria Municipal de Desenvolvimento Social (Sedeso).<\/p>\n<p>O objetivo central \u00e9 facilitar o acesso do trabalhador rural e moradores da localidade \u00e0s vagas de emprego dispon\u00edveis no painel municipal, eliminando barreiras geogr\u00e1ficas e custos de deslocamento at\u00e9 o Centro da cidade. Durante os dois dias de atividades, t\u00e9cnicos estar\u00e3o \u00e0 disposi\u00e7\u00e3o para realizar o cadastramento no sistema de intermedia\u00e7\u00e3o de m\u00e3o de obra e fornecer orienta\u00e7\u00f5es sobre o perfil profissional exigido pelas empresas parceiras.<\/p>\n<p>O diretor da Casa do Trabalhador, Magno Felzemburgh, enfatiza que a integra\u00e7\u00e3o entre as pastas potencializa o alcance das pol\u00edticas p\u00fablicas de fomento ao emprego. \u201cO projeto Casa Cras foi idealizado para democratizar o acesso \u00e0s oportunidades de trabalho. Estamos levando a nossa estrutura para dentro dos equipamentos da Sedeso, que j\u00e1 s\u00e3o refer\u00eancia de acolhimento para a popula\u00e7\u00e3o. Al\u00e9m dos benef\u00edcios sociais j\u00e1 ofertados pelo Cras, como o Bolsa Fam\u00edlia e o BPC\/Loas, estamos inserindo o eixo da autonomia financeira. \u00c9 uma oportunidade \u00edmpar para que o morador de Jaguara saia da sele\u00e7\u00e3o diretamente para o mercado de trabalho\u201d, destacou o diretor.<\/p>\n<p>\u00a0A iniciativa faz parte do cronograma de expans\u00e3o dos servi\u00e7os municipais nos distritos, assegurando que o crescimento econ\u00f4mico de Feira de Santana chegue a todas as comunidades. O mutir\u00e3o de atendimento ser\u00e1 concentrado na sede do Centro de Refer\u00eancia de Assist\u00eancia Social (Cras) Jaguara, localizado na Pra\u00e7a da Matriz, n\u00ba 52, das 09h \u00e0s 11h.\u00a0<\/p>\n<p><em>As informa\u00e7\u00f5es s\u00e3o da Secretaria Municipal de Comunica\u00e7\u00e3o Social de Feira de Santana<\/em><\/p>\n<p><em>Siga o Acorda Cidade no<\/em><a href=\"https:\/\/news.google.com\/search?q=acorda%20cidade&amp;hl=pt-BR&amp;gl=BR&amp;ceid=BR%3Apt-419\"><strong><em>\u00a0Google Not\u00edcias<\/em><\/strong><\/a><em>\u00a0e receba os principais destaques do dia. Participe tamb\u00e9m dos nossos canais no\u00a0<\/em><a href=\"https:\/\/www.whatsapp.com\/channel\/0029Va6Rb4v3WHTNnsh8WI3N\"><strong><em>WhatsApp<\/em><\/strong><\/a><em>\u00a0e\u00a0<\/em><a href=\"https:\/\/www.youtube.com\/@acordacidadenoticias\/videos\"><strong>YouTube<\/strong><\/a><em>\u00a0e no grupo de\u00a0<\/em><a href=\"https:\/\/t.me\/+sSz0khrgARA0ZmRh\"><strong><em>Telegram<\/em><\/strong><\/a><em>.<\/em><\/p>\n<\/div>\n","protected":false},"excerpt":{"rendered":"<div>\n<div>\n<figure><img decoding=\"async\" src=\"https:\/\/uploads.acordacidade.com.br\/2026\/04\/Jaguara-distrito-recebe-projeto-Casa-Cras-com-oferta-de-vagas-de-emprego-Foto-Danielly-Cerqueira-Imagem-Ilustrativa.jpg\" alt=\"Jaguara: distrito recebe projeto Casa Cras com oferta de vagas de emprego\"><figcaption>Foto: Danielly Cerqueira\/ Imagem Ilustrativa<\/figcaption><\/figure>\n<\/div>\n<p>O objetivo central \u00e9 facilitar o acesso do trabalhador rural e moradores da localidade \u00e0s vagas de emprego dispon\u00edveis no painel municipal.<\/p><\/div>\n","protected":false},"author":1,"featured_media":128619,"comment_status":"closed","ping_status":"closed","sticky":false,"template":"","format":"gallery","meta":{"footnotes":""},"categories":[8,9,6,57,56,10],"tags":[],"class_list":["post-128618","post","type-post","status-publish","format-gallery","has-post-thumbnail","hentry","category-bahia","category-brasil","category-feira-de-santana","category-mundo","category-policia","category-politica","post_format-post-format-gallery"],"featured_image_urls":{"full":["https:\/\/noticiasbahia360.com.br\/wp-content\/uploads\/2026\/04\/Jaguara-distrito-recebe-projeto-Casa-Cras-com-oferta-de-vagas-de-emprego-Foto-Danielly-Cerqueira-Imagem-Ilustrativa.jpg",1200,800,false],"thumbnail":["https:\/\/noticiasbahia360.com.br\/wp-content\/uploads\/2026\/04\/Jaguara-distrito-recebe-projeto-Casa-Cras-com-oferta-de-vagas-de-emprego-Foto-Danielly-Cerqueira-Imagem-Ilustrativa-150x150.jpg",150,150,true],"medium":["https:\/\/noticiasbahia360.com.br\/wp-content\/uploads\/2026\/04\/Jaguara-distrito-recebe-projeto-Casa-Cras-com-oferta-de-vagas-de-emprego-Foto-Danielly-Cerqueira-Imagem-Ilustrativa-300x200.jpg",300,200,true],"medium_large":["https:\/\/noticiasbahia360.com.br\/wp-content\/uploads\/2026\/04\/Jaguara-distrito-recebe-projeto-Casa-Cras-com-oferta-de-vagas-de-emprego-Foto-Danielly-Cerqueira-Imagem-Ilustrativa-768x512.jpg",640,427,true],"large":["https:\/\/noticiasbahia360.com.br\/wp-content\/uploads\/2026\/04\/Jaguara-distrito-recebe-projeto-Casa-Cras-com-oferta-de-vagas-de-emprego-Foto-Danielly-Cerqueira-Imagem-Ilustrativa-1024x683.jpg",640,427,true],"1536x1536":["https:\/\/noticiasbahia360.com.br\/wp-content\/uploads\/2026\/04\/Jaguara-distrito-recebe-projeto-Casa-Cras-com-oferta-de-vagas-de-emprego-Foto-Danielly-Cerqueira-Imagem-Ilustrativa.jpg",1200,800,false],"2048x2048":["https:\/\/noticiasbahia360.com.br\/wp-content\/uploads\/2026\/04\/Jaguara-distrito-recebe-projeto-Casa-Cras-com-oferta-de-vagas-de-emprego-Foto-Danielly-Cerqueira-Imagem-Ilustrativa.jpg",1200,800,false],"chromenews-featured":["https:\/\/noticiasbahia360.com.br\/wp-content\/uploads\/2026\/04\/Jaguara-distrito-recebe-projeto-Casa-Cras-com-oferta-de-vagas-de-emprego-Foto-Danielly-Cerqueira-Imagem-Ilustrativa-1024x683.jpg",1024,683,true],"chromenews-large":["https:\/\/noticiasbahia360.com.br\/wp-content\/uploads\/2026\/04\/Jaguara-distrito-recebe-projeto-Casa-Cras-com-oferta-de-vagas-de-emprego-Foto-Danielly-Cerqueira-Imagem-Ilustrativa-825x575.jpg",825,575,true],"chromenews-medium":["https:\/\/noticiasbahia360.com.br\/wp-content\/uploads\/2026\/04\/Jaguara-distrito-recebe-projeto-Casa-Cras-com-oferta-de-vagas-de-emprego-Foto-Danielly-Cerqueira-Imagem-Ilustrativa-590x410.jpg",590,410,true]},"author_info":{"display_name":"noticiasbahia360.com.br","author_link":"https:\/\/noticiasbahia360.com.br\/?author=1"},"category_info":"<a href=\"https:\/\/noticiasbahia360.com.br\/?cat=8\" rel=\"category\">Bahia<\/a> <a href=\"https:\/\/noticiasbahia360.com.br\/?cat=9\" rel=\"category\">Brasil<\/a> <a href=\"https:\/\/noticiasbahia360.com.br\/?cat=6\" rel=\"category\">Feira de Santana<\/a> <a href=\"https:\/\/noticiasbahia360.com.br\/?cat=57\" rel=\"category\">Mundo<\/a> <a href=\"https:\/\/noticiasbahia360.com.br\/?cat=56\" rel=\"category\">Pol\u00edcia<\/a> <a href=\"https:\/\/noticiasbahia360.com.br\/?cat=10\" rel=\"category\">Pol\u00edtica<\/a>","tag_info":"Pol\u00edtica","comment_count":"0","_links":{"self":[{"href":"https:\/\/noticiasbahia360.com.br\/index.php?rest_route=\/wp\/v2\/posts\/128618","targetHints":{"allow":["GET"]}}],"collection":[{"href":"https:\/\/noticiasbahia360.com.br\/index.php?rest_route=\/wp\/v2\/posts"}],"about":[{"href":"https:\/\/noticiasbahia360.com.br\/index.php?rest_route=\/wp\/v2\/types\/post"}],"author":[{"embeddable":true,"href":"https:\/\/noticiasbahia360.com.br\/index.php?rest_route=\/wp\/v2\/users\/1"}],"replies":[{"embeddable":true,"href":"https:\/\/noticiasbahia360.com.br\/index.php?rest_route=%2Fwp%2Fv2%2Fcomments&post=128618"}],"version-history":[{"count":0,"href":"https:\/\/noticiasbahia360.com.br\/index.php?rest_route=\/wp\/v2\/posts\/128618\/revisions"}],"wp:featuredmedia":[{"embeddable":true,"href":"https:\/\/noticiasbahia360.com.br\/index.php?rest_route=\/wp\/v2\/media\/128619"}],"wp:attachment":[{"href":"https:\/\/noticiasbahia360.com.br\/index.php?rest_route=%2Fwp%2Fv2%2Fmedia&parent=128618"}],"wp:term":[{"taxonomy":"category","embeddable":true,"href":"https:\/\/noticiasbahia360.com.br\/index.php?rest_route=%2Fwp%2Fv2%2Fcategories&post=128618"},{"taxonomy":"post_tag","embeddable":true,"href":"https:\/\/noticiasbahia360.com.br\/index.php?rest_route=%2Fwp%2Fv2%2Ftags&post=128618"}],"curies":[{"name":"wp","href":"https:\/\/api.w.org\/{rel}","templated":true}]}}