{"id":128620,"date":"2026-04-27T22:16:12","date_gmt":"2026-04-28T01:16:12","guid":{"rendered":"https:\/\/noticiasbahia360.com.br\/?p=128620"},"modified":"2026-04-27T22:16:12","modified_gmt":"2026-04-28T01:16:12","slug":"brasileiro-de-11-anos-e-familia-morrem-apos-ataques-de-israel-contra-libano-afirma-governo","status":"publish","type":"post","link":"https:\/\/noticiasbahia360.com.br\/?p=128620","title":{"rendered":"Brasileiro de 11 anos e fam\u00edlia morrem ap\u00f3s ataques de Israel contra L\u00edbano, afirma governo"},"content":{"rendered":"<div>\n<div>\n<figure><img decoding=\"async\" src=\"http:\/\/noticiasbahia360.com.br\/wp-content\/uploads\/2026\/04\/Ataque-guerra-bombardeio-Imagem-ilustrativa-Foto-Reproducao.jpg\" alt=\"Ataque guerra bombardeio\"><figcaption>Foto: Imagem ilustrativa\/ Reprodu\u00e7\u00e3o<\/figcaption><\/figure>\n<\/div>\n<p>Um menino brasileiro de 11 anos, a m\u00e3e dele e o pai, de nacionalidade libanesa, morreram ap\u00f3s ataques israelenses no sul do L\u00edbano. A informa\u00e7\u00e3o foi confirmada nesta segunda-feira (27) pelo Minist\u00e9rio das Rela\u00e7\u00f5es Exteriores do Brasil. O irm\u00e3o do menino, que tamb\u00e9m \u00e9 brasileiro, encontra-se hospitalizado.<\/p>\n<p>Segundo o governo brasileiro, a fam\u00edlia estava em casa, no distrito de Bint Jbeil, quando foi atingida por bombardeios realizados pelas For\u00e7as de Defesa de Israel no domingo (26). Um outro filho do casal foi socorrido e levado para um hospital.<\/p>\n<p>Em nota oficial, o Itamaraty afirmou ter recebido a not\u00edcia \u201ccom consterna\u00e7\u00e3o e pesar\u201d e classificou a a\u00e7\u00e3o como mais um epis\u00f3dio de \u201creiteradas e inaceit\u00e1veis viola\u00e7\u00f5es ao cessar-fogo\u201d em vigor na regi\u00e3o.<\/p>\n<p>Os ataques ocorreram apesar da tr\u00e9gua firmada com o Hezbollah ter sido prorrogada at\u00e9 a segunda quinzena de maio. De acordo com o governo brasileiro, a ofensiva deixou dezenas de civis mortos, incluindo mulheres e crian\u00e7as.<\/p>\n<p>\u201cAo expressar sinceras condol\u00eancias aos familiares das v\u00edtimas, o Brasil reitera sua mais veemente condena\u00e7\u00e3o a todos os ataques perpetrados durante a vig\u00eancia do cessar-fogo, tanto por parte das for\u00e7as israelenses quanto do Hezbollah\u201d, destacou o minist\u00e9rio.<\/p>\n<p>O Brasil tamb\u00e9m voltou a defender a retirada imediata das tropas israelenses do territ\u00f3rio liban\u00eas e a amplia\u00e7\u00e3o do cessar-fogo na regi\u00e3o, de forma a garantir a soberania do pa\u00eds.<\/p>\n<p>A embaixada brasileira em Beirute acompanha o caso e presta assist\u00eancia aos familiares das v\u00edtimas. Segundo o Ex\u00e9rcito israelense, as opera\u00e7\u00f5es foram motivadas por supostas viola\u00e7\u00f5es da tr\u00e9gua por parte do Hezbollah, o que, segundo Tel Aviv, justificaria a\u00e7\u00f5es militares mesmo durante o per\u00edodo de cessar-fogo.<\/p>\n<p><em>Fonte: <a href=\"https:\/\/www.bahianoticias.com.br\/noticia\/316221-itamaraty-confirma-morte-de-familia-brasileira-incluindo-menino-de-11-anos-apos-ataques-de-israel-no-libano\" target=\"_blank\" rel=\"noreferrer noopener\">Bahia Not\u00edcias<\/a>, parceiro do Acorda Cidade<\/em><\/p>\n<p><em>Siga o Acorda Cidade no<\/em><a href=\"https:\/\/news.google.com\/search?q=acorda%20cidade&amp;hl=pt-BR&amp;gl=BR&amp;ceid=BR%3Apt-419\"><strong><em>\u00a0Google Not\u00edcias<\/em><\/strong><\/a><em>\u00a0e receba os principais destaques do dia. Participe tamb\u00e9m dos nossos canais no\u00a0<\/em><a href=\"https:\/\/www.whatsapp.com\/channel\/0029Va6Rb4v3WHTNnsh8WI3N\"><strong><em>WhatsApp<\/em><\/strong><\/a><em>\u00a0e\u00a0<\/em><a href=\"https:\/\/www.youtube.com\/@acordacidadenoticias\/videos\"><strong>YouTube<\/strong><\/a><em>\u00a0e no grupo de\u00a0<\/em><a href=\"https:\/\/t.me\/+sSz0khrgARA0ZmRh\"><strong><em>Telegram<\/em><\/strong><\/a><em>.<\/em><\/p>\n<\/div>\n","protected":false},"excerpt":{"rendered":"<div>\n<div>\n<figure><img decoding=\"async\" src=\"https:\/\/uploads.acordacidade.com.br\/2026\/04\/Ataque-guerra-bombardeio-Imagem-ilustrativa-Foto-Reproducao.jpg\" alt=\"Ataque guerra bombardeio\"><figcaption>Foto: Imagem ilustrativa\/ Reprodu\u00e7\u00e3o<\/figcaption><\/figure>\n<\/div>\n<p>Segundo o governo brasileiro, a fam\u00edlia estava em casa quando foi atingida por bombardeios realizados pelas For\u00e7as de Defesa de Israel.<\/p><\/div>\n","protected":false},"author":1,"featured_media":128621,"comment_status":"closed","ping_status":"closed","sticky":false,"template":"","format":"gallery","meta":{"footnotes":""},"categories":[8,9,6,57,56,10],"tags":[],"class_list":["post-128620","post","type-post","status-publish","format-gallery","has-post-thumbnail","hentry","category-bahia","category-brasil","category-feira-de-santana","category-mundo","category-policia","category-politica","post_format-post-format-gallery"],"featured_image_urls":{"full":["https:\/\/noticiasbahia360.com.br\/wp-content\/uploads\/2026\/04\/Ataque-guerra-bombardeio-Imagem-ilustrativa-Foto-Reproducao.jpg",1200,630,false],"thumbnail":["https:\/\/noticiasbahia360.com.br\/wp-content\/uploads\/2026\/04\/Ataque-guerra-bombardeio-Imagem-ilustrativa-Foto-Reproducao-150x150.jpg",150,150,true],"medium":["https:\/\/noticiasbahia360.com.br\/wp-content\/uploads\/2026\/04\/Ataque-guerra-bombardeio-Imagem-ilustrativa-Foto-Reproducao-300x158.jpg",300,158,true],"medium_large":["https:\/\/noticiasbahia360.com.br\/wp-content\/uploads\/2026\/04\/Ataque-guerra-bombardeio-Imagem-ilustrativa-Foto-Reproducao-768x403.jpg",640,336,true],"large":["https:\/\/noticiasbahia360.com.br\/wp-content\/uploads\/2026\/04\/Ataque-guerra-bombardeio-Imagem-ilustrativa-Foto-Reproducao-1024x538.jpg",640,336,true],"1536x1536":["https:\/\/noticiasbahia360.com.br\/wp-content\/uploads\/2026\/04\/Ataque-guerra-bombardeio-Imagem-ilustrativa-Foto-Reproducao.jpg",1200,630,false],"2048x2048":["https:\/\/noticiasbahia360.com.br\/wp-content\/uploads\/2026\/04\/Ataque-guerra-bombardeio-Imagem-ilustrativa-Foto-Reproducao.jpg",1200,630,false],"chromenews-featured":["https:\/\/noticiasbahia360.com.br\/wp-content\/uploads\/2026\/04\/Ataque-guerra-bombardeio-Imagem-ilustrativa-Foto-Reproducao-1024x538.jpg",1024,538,true],"chromenews-large":["https:\/\/noticiasbahia360.com.br\/wp-content\/uploads\/2026\/04\/Ataque-guerra-bombardeio-Imagem-ilustrativa-Foto-Reproducao-825x575.jpg",825,575,true],"chromenews-medium":["https:\/\/noticiasbahia360.com.br\/wp-content\/uploads\/2026\/04\/Ataque-guerra-bombardeio-Imagem-ilustrativa-Foto-Reproducao-590x410.jpg",590,410,true]},"author_info":{"display_name":"noticiasbahia360.com.br","author_link":"https:\/\/noticiasbahia360.com.br\/?author=1"},"category_info":"<a href=\"https:\/\/noticiasbahia360.com.br\/?cat=8\" rel=\"category\">Bahia<\/a> <a href=\"https:\/\/noticiasbahia360.com.br\/?cat=9\" rel=\"category\">Brasil<\/a> <a href=\"https:\/\/noticiasbahia360.com.br\/?cat=6\" rel=\"category\">Feira de Santana<\/a> <a href=\"https:\/\/noticiasbahia360.com.br\/?cat=57\" rel=\"category\">Mundo<\/a> <a href=\"https:\/\/noticiasbahia360.com.br\/?cat=56\" rel=\"category\">Pol\u00edcia<\/a> <a href=\"https:\/\/noticiasbahia360.com.br\/?cat=10\" rel=\"category\">Pol\u00edtica<\/a>","tag_info":"Pol\u00edtica","comment_count":"0","_links":{"self":[{"href":"https:\/\/noticiasbahia360.com.br\/index.php?rest_route=\/wp\/v2\/posts\/128620","targetHints":{"allow":["GET"]}}],"collection":[{"href":"https:\/\/noticiasbahia360.com.br\/index.php?rest_route=\/wp\/v2\/posts"}],"about":[{"href":"https:\/\/noticiasbahia360.com.br\/index.php?rest_route=\/wp\/v2\/types\/post"}],"author":[{"embeddable":true,"href":"https:\/\/noticiasbahia360.com.br\/index.php?rest_route=\/wp\/v2\/users\/1"}],"replies":[{"embeddable":true,"href":"https:\/\/noticiasbahia360.com.br\/index.php?rest_route=%2Fwp%2Fv2%2Fcomments&post=128620"}],"version-history":[{"count":0,"href":"https:\/\/noticiasbahia360.com.br\/index.php?rest_route=\/wp\/v2\/posts\/128620\/revisions"}],"wp:featuredmedia":[{"embeddable":true,"href":"https:\/\/noticiasbahia360.com.br\/index.php?rest_route=\/wp\/v2\/media\/128621"}],"wp:attachment":[{"href":"https:\/\/noticiasbahia360.com.br\/index.php?rest_route=%2Fwp%2Fv2%2Fmedia&parent=128620"}],"wp:term":[{"taxonomy":"category","embeddable":true,"href":"https:\/\/noticiasbahia360.com.br\/index.php?rest_route=%2Fwp%2Fv2%2Fcategories&post=128620"},{"taxonomy":"post_tag","embeddable":true,"href":"https:\/\/noticiasbahia360.com.br\/index.php?rest_route=%2Fwp%2Fv2%2Ftags&post=128620"}],"curies":[{"name":"wp","href":"https:\/\/api.w.org\/{rel}","templated":true}]}}