{"id":128627,"date":"2026-04-27T23:05:55","date_gmt":"2026-04-28T02:05:55","guid":{"rendered":"https:\/\/noticiasbahia360.com.br\/?p=128627"},"modified":"2026-04-27T23:05:55","modified_gmt":"2026-04-28T02:05:55","slug":"caixa-paga-valores-esquecidos-do-antigo-pis-pasep-saiba-quem-tem-direito-e-como-sacar","status":"publish","type":"post","link":"https:\/\/noticiasbahia360.com.br\/?p=128627","title":{"rendered":"Caixa paga valores esquecidos do antigo PIS\/Pasep; saiba quem tem direito e como sacar"},"content":{"rendered":"<div>\n<div>\n<figure><img decoding=\"async\" src=\"http:\/\/noticiasbahia360.com.br\/wp-content\/uploads\/2026\/04\/Dinheiro-calculadora-Foto-Marcello-Casal-Jr-Agencia-Brasil.jpg\" alt=\"Dinheiro-calculadora\"><figcaption>Foto: Marcello Casal Jr\/ Ag\u00eancia Brasil<\/figcaption><\/figure>\n<\/div>\n<p>Ag\u00eancia Brasil \u2014\u00a0<strong>Empregados com carteira assinada e servidores p\u00fablicos que trabalharam de 1971 a 1988 e est\u00e3o na fila para sacar as cotas do antigo fundo Programa de Integra\u00e7\u00e3o Social (PIS) e Programa de Forma\u00e7\u00e3o do Patrim\u00f4nio do Servidor P\u00fablico (Pasep) podem reaver o valor. A Caixa Econ\u00f4mica Federal come\u00e7ou a pagar nesta segunda-feira (27) um novo lote de valores esquecidos.<\/strong><img decoding=\"async\" src=\"https:\/\/agenciabrasil.ebc.com.br\/ebc.png?id=1687453&amp;o=node\"><img decoding=\"async\" src=\"https:\/\/agenciabrasil.ebc.com.br\/ebc.gif?id=1687453&amp;o=node\"><\/p>\n<p>Nesta rodada,\u00a0<strong>recebem aqueles que pediram o ressarcimento at\u00e9 31 de mar\u00e7o<\/strong>.\u00a0<strong>O valor m\u00e9dio pago varia de R$ 2,8 mil a R$ 2,9 mil, dependendo do tempo de trabalho e do sal\u00e1rio da \u00e9poca.<\/strong><\/p>\n<h2 class=\"wp-block-heading\" id=\"h-quem-tem-direito\">Quem tem direito<\/h2>\n<p><strong>Podem sacar os valores:<\/strong><\/p>\n<ul class=\"wp-block-list\">\n<li>Trabalhadores com carteira assinada entre 1971 e 1988;<\/li>\n<li>Servidores p\u00fablicos do mesmo per\u00edodo;<\/li>\n<li>Herdeiros ou dependentes legais, em caso de falecimento;<\/li>\n<li>Quem pediu o dinheiro at\u00e9 31 de mar\u00e7o.<\/li>\n<\/ul>\n<p>O benef\u00edcio n\u00e3o tem rela\u00e7\u00e3o com o abono salarial atual do PIS\/Pasep, pago anualmente. Trata-se de cotas de um fundo antigo, extinto em 2020.<\/p>\n<h2 class=\"wp-block-heading\" id=\"h-como-consultar-se-ha-dinheiro-disponivel\">Como consultar se h\u00e1 dinheiro dispon\u00edvel<\/h2>\n<p>A consulta \u00e9 feita pelo\u00a0<a href=\"https:\/\/repiscidadao.fazenda.gov.br\/\" target=\"_blank\" rel=\"noreferrer noopener\">portal Repis Cidad\u00e3o<\/a>, com\u00a0<strong>login<\/strong>\u00a0via conta Gov.br nos n\u00edveis prata e ouro.<\/p>\n<p><strong>Passo a passo:<\/strong><\/p>\n<ul class=\"wp-block-list\">\n<li>Acesse o site e fa\u00e7a\u00a0<em>login<\/em>\u00a0com CPF e senha;<\/li>\n<li>Informe o n\u00famero do PIS\/Pasep ou NIS (se solicitado);<\/li>\n<li>Clique em \u201cpesquisar\u201d;<\/li>\n<li>O sistema indicar\u00e1 se h\u00e1 valores e como proceder;<\/li>\n<li>Tamb\u00e9m \u00e9 poss\u00edvel consultar pelo aplicativo do FGTS.<\/li>\n<\/ul>\n<h2 class=\"wp-block-heading\" id=\"h-como-pedir-o-pagamento\">Como pedir o pagamento<\/h2>\n<p>O pedido pode ser feito de duas formas:<\/p>\n<p><strong>Pelo aplicativo FGTS:<\/strong><\/p>\n<ul class=\"wp-block-list\">\n<li>Acesse \u201cMais\u201d;<\/li>\n<li>Clique em \u201cRessarcimento PIS\/Pasep\u201d;<\/li>\n<li>Envie os documentos e acompanhe o pedido.<\/li>\n<\/ul>\n<p><strong>Em uma ag\u00eancia da Caixa:<\/strong><\/p>\n<ul class=\"wp-block-list\">\n<li>Leve documento oficial com foto<\/li>\n<\/ul>\n<p>O pagamento \u00e9 feito por cr\u00e9dito em conta. Quem n\u00e3o tiver conta na Caixa receber\u00e1 automaticamente uma poupan\u00e7a social digital, movimentada pelo app Caixa Tem.<\/p>\n<h2 class=\"wp-block-heading\" id=\"h-e-no-caso-de-herdeiros\">E no caso de herdeiros?<\/h2>\n<p>Herdeiros tamb\u00e9m podem solicitar o valor, desde que apresentem:<\/p>\n<ul class=\"wp-block-list\">\n<li>Documento de identifica\u00e7\u00e3o<\/li>\n<li>Certid\u00e3o de dependentes ou autoriza\u00e7\u00e3o judicial<\/li>\n<li>Documento que comprove v\u00ednculo com o titular<\/li>\n<\/ul>\n<h2 class=\"wp-block-heading\" id=\"h-calendario-de-pagamentos\">Calend\u00e1rio de pagamentos<\/h2>\n<p>O pagamento depende da data em que o pedido foi feito.\u00a0<br \/>\u00a0<\/p>\n<figure class=\"wp-block-table\">\n<table class=\"has-fixed-layout\">\n<tbody>\n<tr>\n<td class=\"has-text-align-center\" data-align=\"center\"><strong>Pedido feito at\u00e9<\/strong><\/td>\n<td class=\"has-text-align-center\" data-align=\"center\"><strong>Recebe em<\/strong><\/td>\n<\/tr>\n<tr>\n<td class=\"has-text-align-center\" data-align=\"center\">31\/3\/2026<\/td>\n<td class=\"has-text-align-center\" data-align=\"center\">27\/4\/2026 (lote atual)<\/td>\n<\/tr>\n<tr>\n<td class=\"has-text-align-center\" data-align=\"center\">30\/4\/2026<\/td>\n<td class=\"has-text-align-center\" data-align=\"center\">25\/5\/2026<\/td>\n<\/tr>\n<tr>\n<td class=\"has-text-align-center\" data-align=\"center\">31\/5\/2026<\/td>\n<td class=\"has-text-align-center\" data-align=\"center\">25\/6\/2026<\/td>\n<\/tr>\n<tr>\n<td class=\"has-text-align-center\" data-align=\"center\">30\/6\/2026<\/td>\n<td class=\"has-text-align-center\" data-align=\"center\">27\/7\/2026<\/td>\n<\/tr>\n<tr>\n<td class=\"has-text-align-center\" data-align=\"center\">31\/7\/2026<\/td>\n<td class=\"has-text-align-center\" data-align=\"center\">25\/8\/2026<\/td>\n<\/tr>\n<tr>\n<td class=\"has-text-align-center\" data-align=\"center\">31\/8\/2026<\/td>\n<td class=\"has-text-align-center\" data-align=\"center\">25\/9\/2026<\/td>\n<\/tr>\n<tr>\n<td class=\"has-text-align-center\" data-align=\"center\">30\/9\/2026<\/td>\n<td class=\"has-text-align-center\" data-align=\"center\">26\/10\/2026<\/td>\n<\/tr>\n<tr>\n<td class=\"has-text-align-center\" data-align=\"center\">31\/10\/2026<\/td>\n<td class=\"has-text-align-center\" data-align=\"center\">25\/11\/2026<\/td>\n<\/tr>\n<tr>\n<td class=\"has-text-align-center\" data-align=\"center\">30\/11\/2026<\/td>\n<td class=\"has-text-align-center\" data-align=\"center\">28\/12\/2026<\/td>\n<\/tr>\n<tr>\n<td class=\"has-text-align-center\" data-align=\"center\">31\/12\/2026<\/td>\n<td class=\"has-text-align-center\" data-align=\"center\">janeiro de 2027<\/td>\n<\/tr>\n<\/tbody>\n<\/table>\n<\/figure>\n<p><em>Fonte: Caixa Econ\u00f4mica Federal<\/em><\/p>\n<h2 class=\"wp-block-heading\" id=\"h-o-que-e-o-fundo-pis-pasep\">O que \u00e9 o fundo PIS\/Pasep<\/h2>\n<p>Criado na d\u00e9cada de 1970, o fundo reunia recursos para complementar a renda de trabalhadores e servidores. Em 1988, ele foi substitu\u00eddo pelo modelo atual de abono salarial.<\/p>\n<p>Os valores n\u00e3o sacados foram transferidos em 2020 para o Fundo de Garantia do Tempo de Servi\u00e7o (FGTS) e, depois, ao Tesouro Nacional. Agora, o governo permite o resgate mediante pedido.<\/p>\n<h2 class=\"wp-block-heading\" id=\"h-prazo-para-sacar\">Prazo para sacar<\/h2>\n<p><strong>O pedido pode ser feito at\u00e9 setembro de 2028.<\/strong>\u00a0Ap\u00f3s esse prazo, os valores ser\u00e3o incorporados definitivamente ao Tesouro, sem possibilidade de saque.<\/p>\n<h2 class=\"wp-block-heading\" id=\"h-canais-de-duvidas\">Canais de d\u00favidas<\/h2>\n<p>A Caixa oferece atendimento pelos seguintes canais:<\/p>\n<ul class=\"wp-block-list\">\n<li>Telefone: 0800-726-0207<\/li>\n<li>SAC: 0800-726-0101<\/li>\n<li>Ouvidoria: 0800-725-7474<\/li>\n<li><em>Site<\/em>:\u00a0<a href=\"http:\/\/caixa.gov.br\/\" target=\"_blank\" rel=\"noreferrer noopener\">caixa.gov.br<\/a><\/li>\n<\/ul>\n<p><strong>A orienta\u00e7\u00e3o \u00e9 verificar o quanto antes se h\u00e1 valores dispon\u00edveis para evitar perder o prazo.<\/strong><\/p>\n<p><strong>Leia tamb\u00e9m:<\/strong><\/p>\n<p><a href=\"https:\/\/www.acordacidade.com.br\/economia\/saiba-como-consultar-se-tem-direito-ao-abono-salarial-pis-pasep-2026\/\">Saiba como consultar se tem direito ao abono salarial PIS\/Pasep 2026<\/a><\/p>\n<p><em>Siga o Acorda Cidade no<\/em><a href=\"https:\/\/news.google.com\/search?q=acorda%20cidade&amp;hl=pt-BR&amp;gl=BR&amp;ceid=BR%3Apt-419\"><strong><em>\u00a0Google Not\u00edcias<\/em><\/strong><\/a><em>\u00a0e receba os principais destaques do dia. Participe tamb\u00e9m dos nossos canais no\u00a0<\/em><a href=\"https:\/\/www.whatsapp.com\/channel\/0029Va6Rb4v3WHTNnsh8WI3N\"><strong><em>WhatsApp<\/em><\/strong><\/a><em>\u00a0e\u00a0<\/em><a href=\"https:\/\/www.youtube.com\/@acordacidadenoticias\/videos\"><strong>YouTube<\/strong><\/a><em>\u00a0e no grupo de\u00a0<\/em><a href=\"https:\/\/t.me\/+sSz0khrgARA0ZmRh\"><strong><em>Telegram<\/em><\/strong><\/a><em>.<\/em><\/p>\n<\/div>\n","protected":false},"excerpt":{"rendered":"<div>\n<div>\n<figure><img decoding=\"async\" src=\"https:\/\/uploads.acordacidade.com.br\/2026\/04\/Dinheiro-calculadora-Foto-Marcello-Casal-Jr-Agencia-Brasil.jpg\" alt=\"Dinheiro-calculadora\"><figcaption>Foto: Marcello Casal Jr\/ Ag\u00eancia Brasil<\/figcaption><\/figure>\n<\/div>\n<p>O valor m\u00e9dio pago varia de R$ 2,8 mil a R$ 2,9 mil, dependendo do tempo de trabalho e do sal\u00e1rio da \u00e9poca.<\/p><\/div>\n","protected":false},"author":1,"featured_media":128628,"comment_status":"closed","ping_status":"closed","sticky":false,"template":"","format":"gallery","meta":{"footnotes":""},"categories":[8,9,6,57,56,10],"tags":[],"class_list":["post-128627","post","type-post","status-publish","format-gallery","has-post-thumbnail","hentry","category-bahia","category-brasil","category-feira-de-santana","category-mundo","category-policia","category-politica","post_format-post-format-gallery"],"featured_image_urls":{"full":["https:\/\/noticiasbahia360.com.br\/wp-content\/uploads\/2026\/04\/Dinheiro-calculadora-Foto-Marcello-Casal-Jr-Agencia-Brasil.jpg",1200,718,false],"thumbnail":["https:\/\/noticiasbahia360.com.br\/wp-content\/uploads\/2026\/04\/Dinheiro-calculadora-Foto-Marcello-Casal-Jr-Agencia-Brasil-150x150.jpg",150,150,true],"medium":["https:\/\/noticiasbahia360.com.br\/wp-content\/uploads\/2026\/04\/Dinheiro-calculadora-Foto-Marcello-Casal-Jr-Agencia-Brasil-300x180.jpg",300,180,true],"medium_large":["https:\/\/noticiasbahia360.com.br\/wp-content\/uploads\/2026\/04\/Dinheiro-calculadora-Foto-Marcello-Casal-Jr-Agencia-Brasil-768x460.jpg",640,383,true],"large":["https:\/\/noticiasbahia360.com.br\/wp-content\/uploads\/2026\/04\/Dinheiro-calculadora-Foto-Marcello-Casal-Jr-Agencia-Brasil-1024x613.jpg",640,383,true],"1536x1536":["https:\/\/noticiasbahia360.com.br\/wp-content\/uploads\/2026\/04\/Dinheiro-calculadora-Foto-Marcello-Casal-Jr-Agencia-Brasil.jpg",1200,718,false],"2048x2048":["https:\/\/noticiasbahia360.com.br\/wp-content\/uploads\/2026\/04\/Dinheiro-calculadora-Foto-Marcello-Casal-Jr-Agencia-Brasil.jpg",1200,718,false],"chromenews-featured":["https:\/\/noticiasbahia360.com.br\/wp-content\/uploads\/2026\/04\/Dinheiro-calculadora-Foto-Marcello-Casal-Jr-Agencia-Brasil-1024x613.jpg",1024,613,true],"chromenews-large":["https:\/\/noticiasbahia360.com.br\/wp-content\/uploads\/2026\/04\/Dinheiro-calculadora-Foto-Marcello-Casal-Jr-Agencia-Brasil-825x575.jpg",825,575,true],"chromenews-medium":["https:\/\/noticiasbahia360.com.br\/wp-content\/uploads\/2026\/04\/Dinheiro-calculadora-Foto-Marcello-Casal-Jr-Agencia-Brasil-590x410.jpg",590,410,true]},"author_info":{"display_name":"noticiasbahia360.com.br","author_link":"https:\/\/noticiasbahia360.com.br\/?author=1"},"category_info":"<a href=\"https:\/\/noticiasbahia360.com.br\/?cat=8\" rel=\"category\">Bahia<\/a> <a href=\"https:\/\/noticiasbahia360.com.br\/?cat=9\" rel=\"category\">Brasil<\/a> <a href=\"https:\/\/noticiasbahia360.com.br\/?cat=6\" rel=\"category\">Feira de Santana<\/a> <a href=\"https:\/\/noticiasbahia360.com.br\/?cat=57\" rel=\"category\">Mundo<\/a> <a href=\"https:\/\/noticiasbahia360.com.br\/?cat=56\" rel=\"category\">Pol\u00edcia<\/a> <a href=\"https:\/\/noticiasbahia360.com.br\/?cat=10\" rel=\"category\">Pol\u00edtica<\/a>","tag_info":"Pol\u00edtica","comment_count":"0","_links":{"self":[{"href":"https:\/\/noticiasbahia360.com.br\/index.php?rest_route=\/wp\/v2\/posts\/128627","targetHints":{"allow":["GET"]}}],"collection":[{"href":"https:\/\/noticiasbahia360.com.br\/index.php?rest_route=\/wp\/v2\/posts"}],"about":[{"href":"https:\/\/noticiasbahia360.com.br\/index.php?rest_route=\/wp\/v2\/types\/post"}],"author":[{"embeddable":true,"href":"https:\/\/noticiasbahia360.com.br\/index.php?rest_route=\/wp\/v2\/users\/1"}],"replies":[{"embeddable":true,"href":"https:\/\/noticiasbahia360.com.br\/index.php?rest_route=%2Fwp%2Fv2%2Fcomments&post=128627"}],"version-history":[{"count":0,"href":"https:\/\/noticiasbahia360.com.br\/index.php?rest_route=\/wp\/v2\/posts\/128627\/revisions"}],"wp:featuredmedia":[{"embeddable":true,"href":"https:\/\/noticiasbahia360.com.br\/index.php?rest_route=\/wp\/v2\/media\/128628"}],"wp:attachment":[{"href":"https:\/\/noticiasbahia360.com.br\/index.php?rest_route=%2Fwp%2Fv2%2Fmedia&parent=128627"}],"wp:term":[{"taxonomy":"category","embeddable":true,"href":"https:\/\/noticiasbahia360.com.br\/index.php?rest_route=%2Fwp%2Fv2%2Fcategories&post=128627"},{"taxonomy":"post_tag","embeddable":true,"href":"https:\/\/noticiasbahia360.com.br\/index.php?rest_route=%2Fwp%2Fv2%2Ftags&post=128627"}],"curies":[{"name":"wp","href":"https:\/\/api.w.org\/{rel}","templated":true}]}}