{"id":128629,"date":"2026-04-27T23:11:02","date_gmt":"2026-04-28T02:11:02","guid":{"rendered":"https:\/\/noticiasbahia360.com.br\/?p=128629"},"modified":"2026-04-27T23:11:02","modified_gmt":"2026-04-28T02:11:02","slug":"465-mil-adultos-e-r-34-bi-em-pix-dados-revelam-setores-com-maior-potencial-de-crescimento-em-feira-de-santana","status":"publish","type":"post","link":"https:\/\/noticiasbahia360.com.br\/?p=128629","title":{"rendered":"465 mil adultos e R$ 3,4 Bi em pix: dados revelam setores com maior potencial de crescimento em Feira de Santana"},"content":{"rendered":"<div>\n<div>\n<figure><img decoding=\"async\" src=\"http:\/\/noticiasbahia360.com.br\/wp-content\/uploads\/2026\/04\/Feira-de-Santana-avenida-presidente-dutra-foto-ACM-.jpg\" alt=\"potencial Feira de Santana vagas de emprego\"><figcaption>Foto: ACM <\/figcaption><\/figure>\n<\/div>\n<p>Depois de revelar que <a href=\"https:\/\/www.acordacidade.com.br\/feira-de-santana\/feira-de-santana-movimenta-r-34-bilhoes-por-mes-em-transacoes-pix-aponta-nexos\/\">Feira de Santana movimenta R$ 3,4 bilh\u00f5es por m\u00eas em transa\u00e7\u00f5es via Pix<\/a>, segundo levantamento da NexOS, o Acorda Cidade traz um novo conjunto de dados, que aprofunda o entendimento sobre o potencial econ\u00f4mico da cidade, com foco em nichos de neg\u00f3cios, que ainda t\u00eam grande capacidade de crescimento. Os dados mostram quem realmente vive, consome, trabalha e influencia o mercado local.<\/p>\n<h2 class=\"wp-block-heading\" id=\"h-nucleo-economico-da-cidade\">N\u00facleo econ\u00f4mico da cidade<\/h2>\n<p>Com uma popula\u00e7\u00e3o adulta estimada em 465 mil pessoas, a pesquisa da NexOS destaca que esse n\u00famero ajuda a entender o comportamento financeiro e de consumo dos feirenses, sendo esse o contingente de pessoas que compra, contrata servi\u00e7os, movimenta o varejo, al\u00e9m de abastecer o setor de entretenimento e lazer.<\/p>\n<h2 class=\"wp-block-heading\" id=\"h-as-marcas-que-deveriam-estar-em-feira-e-nao-estao\">As marcas que deveriam estar em Feira (e n\u00e3o est\u00e3o)<\/h2>\n<p>O levantamento da NexOS destaca ainda que Feira de Santana representa um dos mercados mais subaproveitados pelas grandes marcas nacionais, j\u00e1 que \u00e9 uma cidade de grade movimenta\u00e7\u00e3o financeira atrav\u00e9s do pix e ainda tem setores com grande potencial de crescimento.<\/p>\n<h2 class=\"wp-block-heading\" id=\"h-potencial-inexplorado-na-cidade\">Potencial inexplorado na cidade<\/h2>\n<p><strong>Financeiro e Fintechs<\/strong><\/p>\n<p>72 mil jovens casados come\u00e7ando a vida + R$ 3,4 bi\/m\u00eas em Pix + cr\u00e9dito per capita de R$ 12.623. Feira \u00e9 terreno f\u00e9rtil para bancos digitais, fintechs de cr\u00e9dito, seguros, cons\u00f3rcio e investimento. O Pix j\u00e1 \u00e9 infraestrutura: parcelamento via Pix, desconto \u00e0 vista, cobran\u00e7a por QR code no mercadinho.<\/p>\n<p><strong>Educa\u00e7\u00e3o<\/strong><\/p>\n<p>56 mil fam\u00edlias com filhos adolescentes + circuito de faculdades e cursinhos. Plataformas de ensino, cursos t\u00e9cnicos, preparat\u00f3rios para concurso, gradua\u00e7\u00e3o EAD. Feira j\u00e1 \u00e9 polo educacional do interior baiano, quem ampliar a oferta com comunica\u00e7\u00e3o territorial ganha escala sem competir com Salvador.<\/p>\n<p><strong>Sa\u00fade<\/strong><\/p>\n<p>57 mil idosos casados + 15 mil idosos sozinhos + rede de hospitais e cl\u00ednicas. Planos de sa\u00fade, farm\u00e1cias, sa\u00fade domiciliar, telemedicina. O p\u00fablico est\u00e1 ali, com renda est\u00e1vel e necessidade crescente.<\/p>\n<p><strong>Alimentos e Supermercados<\/strong><\/p>\n<p>54% dos domic\u00edlios chefiados por mulheres, a decisora de compra da casa. Redes de supermercado, atacad\u00f5es, aplicativos de delivery de mercado. Feira tem volume e frequ\u00eancia de compra para justificar presen\u00e7a dedicada.<\/p>\n<p><strong>Automotivo e Mobilidade<\/strong><\/p>\n<p>Polo rodovi\u00e1rio com frota intensa, oficinas, borracharias, autope\u00e7as vivem da frota que corta a cidade. Montadoras, concession\u00e1rias, apps de mobilidade, seguro auto. O entroncamento BR-101\/BR-116 faz de Feira um hub log\u00edstico natural.<\/p>\n<p><strong>Moda e Beleza<\/strong><\/p>\n<p>Com\u00e9rcio de confec\u00e7\u00e3o e cal\u00e7ados \u00e9 o cora\u00e7\u00e3o econ\u00f4mico. Sal\u00f5es de beleza e barbearias sustentam fam\u00edlias inteiras. Marcas de fast fashion, cosm\u00e9ticos, cuidado pessoal. Grandes marcas t\u00eam base de consumidoras que j\u00e1 compra por cat\u00e1logo e WhatsApp.<\/p>\n<p><strong>Agro e Insumos<\/strong><\/p>\n<p>Em \u00e9pocas de vaquejada e feira agropecu\u00e1ria, o consumo sobe. Marcas de insumos agr\u00edcolas, suplementos animais, equipamentos rurais, o p\u00fablico est\u00e1 nas feiras livres e nos postos da BR.<\/p>\n<p><strong>As categorias foram definidas com base no cruzamento de dados de consumo, demografia e voca\u00e7\u00e3o territorial. <\/strong><\/p>\n<p>Para especialistas da \u00e1rea de intelig\u00eancia de mercado, a conclus\u00e3o \u00e9 clara: Feira de Santana \u00e9 um caso cl\u00e1ssico de \u201cmercado visto pela metade\u201d, grande demais para ser ignorado, mas ainda pouco mapeado pelas m\u00e9tricas tradicionais das big techs. E isso acontece porque, de modo geral, as plataformas priorizam algoritmos de interesse nacional e regional, deixando lacunas nos dados hiperlocais.<\/p>\n<p><strong>Leia tamb\u00e9m: <a href=\"https:\/\/www.acordacidade.com.br\/feira-de-santana\/feira-de-santana-movimenta-r-34-bilhoes-por-mes-em-transacoes-pix-aponta-nexos\/\">Feira de Santana movimenta R$ 3,4 bilh\u00f5es por m\u00eas em transa\u00e7\u00f5es Pix, aponta NexOS<\/a><\/strong><\/p>\n<p><em>Siga o Acorda Cidade no\u00a0<\/em><a href=\"https:\/\/news.google.com\/search?q=acorda%20cidade&amp;hl=pt-BR&amp;gl=BR&amp;ceid=BR%3Apt-419\"><strong><em>Google Not\u00edcias<\/em><\/strong><\/a><em>\u00a0e receba os principais destaques do dia. Participe tamb\u00e9m dos nossos canais no\u00a0<\/em><a href=\"https:\/\/www.whatsapp.com\/channel\/0029Va6Rb4v3WHTNnsh8WI3N\"><strong><em>WhatsApp<\/em><\/strong><\/a><em>\u00a0e\u00a0<\/em><a href=\"https:\/\/www.youtube.com\/@acordacidadenoticias\/videos\"><strong>YouTube<\/strong><\/a><em>\u00a0e grupo de\u00a0<\/em><a href=\"https:\/\/t.me\/+sSz0khrgARA0ZmRh\"><strong><em>Telegram<\/em><\/strong><\/a><em>.<\/em><\/p>\n<\/div>\n","protected":false},"excerpt":{"rendered":"<div>\n<div>\n<figure><img decoding=\"async\" src=\"https:\/\/www.acordacidade.com.br\/wp-content\/uploads\/2025\/09\/Feira-de-Santana-avenida-presidente-dutra-foto-ACM-.jpg\" alt=\"potencial Feira de Santana vagas de emprego\"><figcaption>Foto: ACM <\/figcaption><\/figure>\n<\/div>\n<p>Feira representa um dos mercados mais subaproveitados pelas grandes marcas nacionais e ainda tem setores com potencial de crescimento.<\/p><\/div>\n","protected":false},"author":1,"featured_media":128630,"comment_status":"closed","ping_status":"closed","sticky":false,"template":"","format":"gallery","meta":{"footnotes":""},"categories":[8,9,6,57,56,10],"tags":[],"class_list":["post-128629","post","type-post","status-publish","format-gallery","has-post-thumbnail","hentry","category-bahia","category-brasil","category-feira-de-santana","category-mundo","category-policia","category-politica","post_format-post-format-gallery"],"featured_image_urls":{"full":["https:\/\/noticiasbahia360.com.br\/wp-content\/uploads\/2026\/04\/Feira-de-Santana-avenida-presidente-dutra-foto-ACM-.jpg",1200,675,false],"thumbnail":["https:\/\/noticiasbahia360.com.br\/wp-content\/uploads\/2026\/04\/Feira-de-Santana-avenida-presidente-dutra-foto-ACM--150x150.jpg",150,150,true],"medium":["https:\/\/noticiasbahia360.com.br\/wp-content\/uploads\/2026\/04\/Feira-de-Santana-avenida-presidente-dutra-foto-ACM--300x169.jpg",300,169,true],"medium_large":["https:\/\/noticiasbahia360.com.br\/wp-content\/uploads\/2026\/04\/Feira-de-Santana-avenida-presidente-dutra-foto-ACM--768x432.jpg",640,360,true],"large":["https:\/\/noticiasbahia360.com.br\/wp-content\/uploads\/2026\/04\/Feira-de-Santana-avenida-presidente-dutra-foto-ACM--1024x576.jpg",640,360,true],"1536x1536":["https:\/\/noticiasbahia360.com.br\/wp-content\/uploads\/2026\/04\/Feira-de-Santana-avenida-presidente-dutra-foto-ACM-.jpg",1200,675,false],"2048x2048":["https:\/\/noticiasbahia360.com.br\/wp-content\/uploads\/2026\/04\/Feira-de-Santana-avenida-presidente-dutra-foto-ACM-.jpg",1200,675,false],"chromenews-featured":["https:\/\/noticiasbahia360.com.br\/wp-content\/uploads\/2026\/04\/Feira-de-Santana-avenida-presidente-dutra-foto-ACM--1024x576.jpg",1024,576,true],"chromenews-large":["https:\/\/noticiasbahia360.com.br\/wp-content\/uploads\/2026\/04\/Feira-de-Santana-avenida-presidente-dutra-foto-ACM--825x575.jpg",825,575,true],"chromenews-medium":["https:\/\/noticiasbahia360.com.br\/wp-content\/uploads\/2026\/04\/Feira-de-Santana-avenida-presidente-dutra-foto-ACM--590x410.jpg",590,410,true]},"author_info":{"display_name":"noticiasbahia360.com.br","author_link":"https:\/\/noticiasbahia360.com.br\/?author=1"},"category_info":"<a href=\"https:\/\/noticiasbahia360.com.br\/?cat=8\" rel=\"category\">Bahia<\/a> <a href=\"https:\/\/noticiasbahia360.com.br\/?cat=9\" rel=\"category\">Brasil<\/a> <a href=\"https:\/\/noticiasbahia360.com.br\/?cat=6\" rel=\"category\">Feira de Santana<\/a> <a href=\"https:\/\/noticiasbahia360.com.br\/?cat=57\" rel=\"category\">Mundo<\/a> <a href=\"https:\/\/noticiasbahia360.com.br\/?cat=56\" rel=\"category\">Pol\u00edcia<\/a> <a href=\"https:\/\/noticiasbahia360.com.br\/?cat=10\" rel=\"category\">Pol\u00edtica<\/a>","tag_info":"Pol\u00edtica","comment_count":"0","_links":{"self":[{"href":"https:\/\/noticiasbahia360.com.br\/index.php?rest_route=\/wp\/v2\/posts\/128629","targetHints":{"allow":["GET"]}}],"collection":[{"href":"https:\/\/noticiasbahia360.com.br\/index.php?rest_route=\/wp\/v2\/posts"}],"about":[{"href":"https:\/\/noticiasbahia360.com.br\/index.php?rest_route=\/wp\/v2\/types\/post"}],"author":[{"embeddable":true,"href":"https:\/\/noticiasbahia360.com.br\/index.php?rest_route=\/wp\/v2\/users\/1"}],"replies":[{"embeddable":true,"href":"https:\/\/noticiasbahia360.com.br\/index.php?rest_route=%2Fwp%2Fv2%2Fcomments&post=128629"}],"version-history":[{"count":0,"href":"https:\/\/noticiasbahia360.com.br\/index.php?rest_route=\/wp\/v2\/posts\/128629\/revisions"}],"wp:featuredmedia":[{"embeddable":true,"href":"https:\/\/noticiasbahia360.com.br\/index.php?rest_route=\/wp\/v2\/media\/128630"}],"wp:attachment":[{"href":"https:\/\/noticiasbahia360.com.br\/index.php?rest_route=%2Fwp%2Fv2%2Fmedia&parent=128629"}],"wp:term":[{"taxonomy":"category","embeddable":true,"href":"https:\/\/noticiasbahia360.com.br\/index.php?rest_route=%2Fwp%2Fv2%2Fcategories&post=128629"},{"taxonomy":"post_tag","embeddable":true,"href":"https:\/\/noticiasbahia360.com.br\/index.php?rest_route=%2Fwp%2Fv2%2Ftags&post=128629"}],"curies":[{"name":"wp","href":"https:\/\/api.w.org\/{rel}","templated":true}]}}