{"id":128700,"date":"2026-04-28T12:26:27","date_gmt":"2026-04-28T15:26:27","guid":{"rendered":"https:\/\/noticiasbahia360.com.br\/?p=128700"},"modified":"2026-04-28T12:26:27","modified_gmt":"2026-04-28T15:26:27","slug":"centro-de-endemias-reforca-combate-ao-mosquito-da-dengue-com-instalacao-de-ovitrampas-em-feira-de-santana","status":"publish","type":"post","link":"https:\/\/noticiasbahia360.com.br\/?p=128700","title":{"rendered":"Centro de Endemias refor\u00e7a combate ao mosquito da dengue com instala\u00e7\u00e3o de ovitrampas em Feira de Santana"},"content":{"rendered":"<div>\n<div>\n<figure><img decoding=\"async\" src=\"http:\/\/noticiasbahia360.com.br\/wp-content\/uploads\/2026\/04\/Centro-de-Endemias-reforca-combate-ao-mosquito-da-dengue-com-instalacao-de-ovitrampas-em-Feira-de-Santana-Foto-Renata-Leite.jpg\" alt=\"Centro de Endemias refor\u00e7a combate ao mosquito da dengue com instala\u00e7\u00e3o de ovitrampas em Feira de Santana\"><figcaption>Foto: Renata Leite<\/figcaption><\/figure>\n<\/div>\n<p>O Centro de Endemias de Feira de Santana realizou, na manh\u00e3 desta ter\u00e7a-feira (28), uma reuni\u00e3o com agentes de combate \u00e0s endemias para alinhar a instala\u00e7\u00e3o de ovitrampas no munic\u00edpio. A iniciativa integra um conjunto de a\u00e7\u00f5es estrat\u00e9gicas voltadas ao controle da prolifera\u00e7\u00e3o do Aedes aegypti.<\/p>\n<p>Este foi o segundo encontro sobre o tema \u2014 desta vez com outros grupos de agentes \u2014 ampliando o alcance da capacita\u00e7\u00e3o e garantindo a padroniza\u00e7\u00e3o das a\u00e7\u00f5es em campo.<\/p>\n<p>De acordo com a coordenadora de Endemias, Priscila Soares, a reuni\u00e3o teve como objetivo orientar os profissionais e esclarecer d\u00favidas sobre a implanta\u00e7\u00e3o e o uso da tecnologia no enfrentamento \u00e0s arboviroses.<\/p>\n<p>As ovitrampas s\u00e3o dispositivos utilizados para monitorar a presen\u00e7a e a reprodu\u00e7\u00e3o do Aedes aegypti, mosquito transmissor da dengue, zika e chikungunya, permitindo identificar \u00e1reas com maior circula\u00e7\u00e3o do vetor e direcionar as a\u00e7\u00f5es de combate.<\/p>\n<p>\u201cPrecisamos trabalhar de forma integrada com as ferramentas dispon\u00edveis. As ovitrampas s\u00e3o fundamentais para evitar que Feira enfrente um surto epid\u00eamico de dengue\u201d, destacou a coordenadora.<\/p>\n<p>O munic\u00edpio foi dividido em \u00e1reas espec\u00edficas, com defini\u00e7\u00e3o de bairros priorit\u00e1rios para a instala\u00e7\u00e3o dos equipamentos. Segundo levantamento epidemiol\u00f3gico realizado em parceria com o Estado, entre 70% e 80% do territ\u00f3rio de Feira de Santana \u00e9 classificado como \u201c\u00e1rea quente\u201d, ou seja, regi\u00f5es com maior infesta\u00e7\u00e3o do mosquito.<\/p>\n<p>Nessas localidades, as ovitrampas ser\u00e3o instaladas inicialmente e monitoradas por um per\u00edodo de seis meses. A cada sete dias ser\u00e1 feita a substitui\u00e7\u00e3o das paletas e, no per\u00edodo de 15 dias ser\u00e1 analisado os dados coletados, possibilitando a ado\u00e7\u00e3o de estrat\u00e9gias complementares, como bloqueios, borrifa\u00e7\u00e3o intradomiciliar e a\u00e7\u00f5es perifocal e focal.<\/p>\n<p>\u201cOs agentes de combate \u00e0s endemias ser\u00e3o respons\u00e1veis pela instala\u00e7\u00e3o e monitoramento das ovitrampas, fortalecendo nossas a\u00e7\u00f5es de vigil\u00e2ncia e contribuindo para a redu\u00e7\u00e3o dos casos da doen\u00e7a no munic\u00edpio\u201d, pontuou. <\/p>\n<p><em>As informa\u00e7\u00f5es s\u00e3o Secretaria Municipal de Comunica\u00e7\u00e3o Social de Feira de Santana<\/em><\/p>\n<p><em>Siga o Acorda Cidade no <\/em><a href=\"https:\/\/news.google.com\/search?q=acorda%20cidade&amp;hl=pt-BR&amp;gl=BR&amp;ceid=BR%3Apt-419\"><strong><em>Google Not\u00edcias<\/em><\/strong><\/a><em> e receba os principais destaques do dia. Participe tamb\u00e9m dos nossos canais no <\/em><a href=\"https:\/\/www.whatsapp.com\/channel\/0029Va6Rb4v3WHTNnsh8WI3N\"><strong><em>WhatsApp<\/em><\/strong><\/a><em> e <\/em><a href=\"https:\/\/www.youtube.com\/@acordacidadenoticias\/videos\"><strong>YouTube<\/strong><\/a><em> e grupo de <\/em><a href=\"https:\/\/t.me\/+sSz0khrgARA0ZmRh\"><strong><em>Telegram<\/em><\/strong><\/a><em>.<\/em><\/p>\n<\/div>\n","protected":false},"excerpt":{"rendered":"<div>\n<div>\n<figure><img decoding=\"async\" src=\"https:\/\/uploads.acordacidade.com.br\/2026\/04\/Centro-de-Endemias-reforca-combate-ao-mosquito-da-dengue-com-instalacao-de-ovitrampas-em-Feira-de-Santana-Foto-Renata-Leite.jpg\" alt=\"Centro de Endemias refor\u00e7a combate ao mosquito da dengue com instala\u00e7\u00e3o de ovitrampas em Feira de Santana\"><figcaption>Foto: Renata Leite<\/figcaption><\/figure>\n<\/div>\n<p>Ovitrampas s\u00e3o dispositivos utilizados para monitorar presen\u00e7a e reprodu\u00e7\u00e3o do mosquito transmissor da dengue, zika e chikungunya.<\/p><\/div>\n","protected":false},"author":1,"featured_media":128701,"comment_status":"closed","ping_status":"closed","sticky":false,"template":"","format":"gallery","meta":{"footnotes":""},"categories":[8,9,6,57,56,10],"tags":[],"class_list":["post-128700","post","type-post","status-publish","format-gallery","has-post-thumbnail","hentry","category-bahia","category-brasil","category-feira-de-santana","category-mundo","category-policia","category-politica","post_format-post-format-gallery"],"featured_image_urls":{"full":["https:\/\/noticiasbahia360.com.br\/wp-content\/uploads\/2026\/04\/Centro-de-Endemias-reforca-combate-ao-mosquito-da-dengue-com-instalacao-de-ovitrampas-em-Feira-de-Santana-Foto-Renata-Leite.jpg",1200,800,false],"thumbnail":["https:\/\/noticiasbahia360.com.br\/wp-content\/uploads\/2026\/04\/Centro-de-Endemias-reforca-combate-ao-mosquito-da-dengue-com-instalacao-de-ovitrampas-em-Feira-de-Santana-Foto-Renata-Leite-150x150.jpg",150,150,true],"medium":["https:\/\/noticiasbahia360.com.br\/wp-content\/uploads\/2026\/04\/Centro-de-Endemias-reforca-combate-ao-mosquito-da-dengue-com-instalacao-de-ovitrampas-em-Feira-de-Santana-Foto-Renata-Leite-300x200.jpg",300,200,true],"medium_large":["https:\/\/noticiasbahia360.com.br\/wp-content\/uploads\/2026\/04\/Centro-de-Endemias-reforca-combate-ao-mosquito-da-dengue-com-instalacao-de-ovitrampas-em-Feira-de-Santana-Foto-Renata-Leite-768x512.jpg",640,427,true],"large":["https:\/\/noticiasbahia360.com.br\/wp-content\/uploads\/2026\/04\/Centro-de-Endemias-reforca-combate-ao-mosquito-da-dengue-com-instalacao-de-ovitrampas-em-Feira-de-Santana-Foto-Renata-Leite-1024x683.jpg",640,427,true],"1536x1536":["https:\/\/noticiasbahia360.com.br\/wp-content\/uploads\/2026\/04\/Centro-de-Endemias-reforca-combate-ao-mosquito-da-dengue-com-instalacao-de-ovitrampas-em-Feira-de-Santana-Foto-Renata-Leite.jpg",1200,800,false],"2048x2048":["https:\/\/noticiasbahia360.com.br\/wp-content\/uploads\/2026\/04\/Centro-de-Endemias-reforca-combate-ao-mosquito-da-dengue-com-instalacao-de-ovitrampas-em-Feira-de-Santana-Foto-Renata-Leite.jpg",1200,800,false],"chromenews-featured":["https:\/\/noticiasbahia360.com.br\/wp-content\/uploads\/2026\/04\/Centro-de-Endemias-reforca-combate-ao-mosquito-da-dengue-com-instalacao-de-ovitrampas-em-Feira-de-Santana-Foto-Renata-Leite-1024x683.jpg",1024,683,true],"chromenews-large":["https:\/\/noticiasbahia360.com.br\/wp-content\/uploads\/2026\/04\/Centro-de-Endemias-reforca-combate-ao-mosquito-da-dengue-com-instalacao-de-ovitrampas-em-Feira-de-Santana-Foto-Renata-Leite-825x575.jpg",825,575,true],"chromenews-medium":["https:\/\/noticiasbahia360.com.br\/wp-content\/uploads\/2026\/04\/Centro-de-Endemias-reforca-combate-ao-mosquito-da-dengue-com-instalacao-de-ovitrampas-em-Feira-de-Santana-Foto-Renata-Leite-590x410.jpg",590,410,true]},"author_info":{"display_name":"noticiasbahia360.com.br","author_link":"https:\/\/noticiasbahia360.com.br\/?author=1"},"category_info":"<a href=\"https:\/\/noticiasbahia360.com.br\/?cat=8\" rel=\"category\">Bahia<\/a> <a href=\"https:\/\/noticiasbahia360.com.br\/?cat=9\" rel=\"category\">Brasil<\/a> <a href=\"https:\/\/noticiasbahia360.com.br\/?cat=6\" rel=\"category\">Feira de Santana<\/a> <a href=\"https:\/\/noticiasbahia360.com.br\/?cat=57\" rel=\"category\">Mundo<\/a> <a href=\"https:\/\/noticiasbahia360.com.br\/?cat=56\" rel=\"category\">Pol\u00edcia<\/a> <a href=\"https:\/\/noticiasbahia360.com.br\/?cat=10\" rel=\"category\">Pol\u00edtica<\/a>","tag_info":"Pol\u00edtica","comment_count":"0","_links":{"self":[{"href":"https:\/\/noticiasbahia360.com.br\/index.php?rest_route=\/wp\/v2\/posts\/128700","targetHints":{"allow":["GET"]}}],"collection":[{"href":"https:\/\/noticiasbahia360.com.br\/index.php?rest_route=\/wp\/v2\/posts"}],"about":[{"href":"https:\/\/noticiasbahia360.com.br\/index.php?rest_route=\/wp\/v2\/types\/post"}],"author":[{"embeddable":true,"href":"https:\/\/noticiasbahia360.com.br\/index.php?rest_route=\/wp\/v2\/users\/1"}],"replies":[{"embeddable":true,"href":"https:\/\/noticiasbahia360.com.br\/index.php?rest_route=%2Fwp%2Fv2%2Fcomments&post=128700"}],"version-history":[{"count":0,"href":"https:\/\/noticiasbahia360.com.br\/index.php?rest_route=\/wp\/v2\/posts\/128700\/revisions"}],"wp:featuredmedia":[{"embeddable":true,"href":"https:\/\/noticiasbahia360.com.br\/index.php?rest_route=\/wp\/v2\/media\/128701"}],"wp:attachment":[{"href":"https:\/\/noticiasbahia360.com.br\/index.php?rest_route=%2Fwp%2Fv2%2Fmedia&parent=128700"}],"wp:term":[{"taxonomy":"category","embeddable":true,"href":"https:\/\/noticiasbahia360.com.br\/index.php?rest_route=%2Fwp%2Fv2%2Fcategories&post=128700"},{"taxonomy":"post_tag","embeddable":true,"href":"https:\/\/noticiasbahia360.com.br\/index.php?rest_route=%2Fwp%2Fv2%2Ftags&post=128700"}],"curies":[{"name":"wp","href":"https:\/\/api.w.org\/{rel}","templated":true}]}}