{"id":128702,"date":"2026-04-28T12:31:11","date_gmt":"2026-04-28T15:31:11","guid":{"rendered":"https:\/\/noticiasbahia360.com.br\/?p=128702"},"modified":"2026-04-28T12:31:11","modified_gmt":"2026-04-28T15:31:11","slug":"caminhao-desgovernado-atingir-casas-no-oeste-da-bahia-bebe-e-crianca-ficam-feridos","status":"publish","type":"post","link":"https:\/\/noticiasbahia360.com.br\/?p=128702","title":{"rendered":"Caminh\u00e3o desgovernado atingir casas no oeste da Bahia; beb\u00ea e crian\u00e7a ficam feridos"},"content":{"rendered":"<div>\n<div>\n<figure><img decoding=\"async\" src=\"http:\/\/noticiasbahia360.com.br\/wp-content\/uploads\/2026\/04\/Acidente-3.webp\" alt=\"Caminh\u00e3o desgovernado atingir casas no oeste da Bahia; beb\u00ea e crian\u00e7a ficam feridos\"><figcaption>Foto: Redes Sociais<\/figcaption><\/figure>\n<\/div>\n<p>Duas pessoas ficaram feridas ap\u00f3s <a href=\"https:\/\/www.acordacidade.com.br\/tag\/acidente\/\" type=\"post_tag\" id=\"73\">caminh\u00e3o desgovernado<\/a> atingir tr\u00eas casas na cidade de S\u00e3o Desid\u00e9rio, no oeste da Bahia, na \u00faltima segunda-feira (27).<\/p>\n<p>Um beb\u00ea de nove meses e uma crian\u00e7a de nove anos tiveram feridos leves. Segundo divugou o g1, o motorista do caminh\u00e3o tamb\u00e9m teve ferimentos na cabe\u00e7a. At\u00e9 o momento, n\u00e3o h\u00e1 informa\u00e7\u00f5es sobre o estado de sa\u00fade das v\u00edtimas.<\/p>\n<h2 class=\"wp-block-heading\" id=\"h-como-aconteceu-o-acidente\">Como aconteceu o acidente?<\/h2>\n<p>Segundo informa\u00e7\u00f5es, o caminh\u00e3o seguia em dire\u00e7\u00e3o a Barreiras, quando perdeu o freio pr\u00f3ximo a regi\u00e3o da rodovi\u00e1ria. Ap\u00f3s o acidente, os escombros ca\u00edram em cima das crian\u00e7as, mas a madeira do telhado diminuiu o impacto, por isso que o beb\u00ea e o garoto tiveram apenas ferimentos leves. Os dois foram encaminhados para o hospital, onde passaram por avalia\u00e7\u00e3o m\u00e9dica.<\/p>\n<figure class=\"wp-block-image size-full\"><img fetchpriority=\"high\" decoding=\"async\" width=\"1200\" height=\"751\" src=\"http:\/\/noticiasbahia360.com.br\/wp-content\/uploads\/2026\/04\/Acidente-.webp\" alt=\"Caminh\u00e3o desgovernado atingir casas no oeste da Bahia; beb\u00ea e crian\u00e7a ficam feridos\" class=\"wp-image-650688\" srcset=\"http:\/\/noticiasbahia360.com.br\/wp-content\/uploads\/2026\/04\/Acidente-.webp 1200w, https:\/\/uploads.acordacidade.com.br\/2026\/04\/Acidente--750x469.webp 750w, https:\/\/uploads.acordacidade.com.br\/2026\/04\/Acidente--1000x626.webp 1000w, https:\/\/uploads.acordacidade.com.br\/2026\/04\/Acidente--450x282.webp 450w, https:\/\/uploads.acordacidade.com.br\/2026\/04\/Acidente--150x94.webp 150w\" sizes=\"(max-width: 1200px) 100vw, 1200px\"><figcaption class=\"wp-element-caption\">Foto: Redes Sociais<\/figcaption><\/figure>\n<p>Ainda segundo o g1, o pai do beb\u00ea disse que estava brincando com o filho e com o sobrinho de nove anos na sala de casa. A esposa estava na cozinha. Ele disse que foi buscar a filha mais velha na escola e, ao voltar para casa, ficou sabendo do ocorrido.<\/p>\n<p>Ap\u00f3s o acidente, as casas destru\u00eddas pelo caminh\u00e3o tiveram danos significativos. A \u00e1rea precisou ser isolada devido ao risco de desabamento.<\/p>\n<p>Ainda n\u00e3o se sabe as causas do acidente. A Pol\u00edcia Rodovi\u00e1ria Federal (PRF) vai investigar o caso.<\/p>\n<p><em>Siga o Acorda Cidade no<\/em><a href=\"https:\/\/news.google.com\/search?q=acorda%20cidade&amp;hl=pt-BR&amp;gl=BR&amp;ceid=BR%3Apt-419\"><strong><em>\u00a0Google Not\u00edcias<\/em><\/strong><\/a><em>\u00a0e receba os principais destaques do dia. Participe tamb\u00e9m dos nossos canais no\u00a0<\/em><a href=\"https:\/\/www.whatsapp.com\/channel\/0029Va6Rb4v3WHTNnsh8WI3N\"><strong><em>WhatsApp<\/em><\/strong><\/a><em>\u00a0e\u00a0<\/em><a href=\"https:\/\/www.youtube.com\/@acordacidadenoticias\/videos\"><strong>YouTube<\/strong><\/a><em>\u00a0e grupo de\u00a0<\/em><a href=\"https:\/\/t.me\/+sSz0khrgARA0ZmRh\"><strong><em>Telegram<\/em><\/strong><\/a><em>.<\/em><\/p>\n<\/div>\n","protected":false},"excerpt":{"rendered":"<div>\n<div>\n<figure><img decoding=\"async\" src=\"https:\/\/uploads.acordacidade.com.br\/2026\/04\/Acidente-3.webp\" alt=\"Caminh\u00e3o desgovernado atingir casas no oeste da Bahia; beb\u00ea e crian\u00e7a ficam feridos\"><figcaption>Foto: Redes Sociais<\/figcaption><\/figure>\n<\/div>\n<p>O motorista do caminh\u00e3o tamb\u00e9m teve ferimentos na cabe\u00e7a. At\u00e9 o momento, n\u00e3o h\u00e1 informa\u00e7\u00f5es sobre o estado de sa\u00fade das v\u00edtimas.<\/p><\/div>\n","protected":false},"author":1,"featured_media":128703,"comment_status":"closed","ping_status":"closed","sticky":false,"template":"","format":"gallery","meta":{"footnotes":""},"categories":[8,9,6,57,56,10],"tags":[],"class_list":["post-128702","post","type-post","status-publish","format-gallery","has-post-thumbnail","hentry","category-bahia","category-brasil","category-feira-de-santana","category-mundo","category-policia","category-politica","post_format-post-format-gallery"],"featured_image_urls":{"full":["https:\/\/noticiasbahia360.com.br\/wp-content\/uploads\/2026\/04\/Acidente-3.webp",1200,751,false],"thumbnail":["https:\/\/noticiasbahia360.com.br\/wp-content\/uploads\/2026\/04\/Acidente-3-150x150.webp",150,150,true],"medium":["https:\/\/noticiasbahia360.com.br\/wp-content\/uploads\/2026\/04\/Acidente-3-300x188.webp",300,188,true],"medium_large":["https:\/\/noticiasbahia360.com.br\/wp-content\/uploads\/2026\/04\/Acidente-3-768x481.webp",640,401,true],"large":["https:\/\/noticiasbahia360.com.br\/wp-content\/uploads\/2026\/04\/Acidente-3-1024x641.webp",640,401,true],"1536x1536":["https:\/\/noticiasbahia360.com.br\/wp-content\/uploads\/2026\/04\/Acidente-3.webp",1200,751,false],"2048x2048":["https:\/\/noticiasbahia360.com.br\/wp-content\/uploads\/2026\/04\/Acidente-3.webp",1200,751,false],"chromenews-featured":["https:\/\/noticiasbahia360.com.br\/wp-content\/uploads\/2026\/04\/Acidente-3-1024x641.webp",1024,641,true],"chromenews-large":["https:\/\/noticiasbahia360.com.br\/wp-content\/uploads\/2026\/04\/Acidente-3-825x575.webp",825,575,true],"chromenews-medium":["https:\/\/noticiasbahia360.com.br\/wp-content\/uploads\/2026\/04\/Acidente-3-590x410.webp",590,410,true]},"author_info":{"display_name":"noticiasbahia360.com.br","author_link":"https:\/\/noticiasbahia360.com.br\/?author=1"},"category_info":"<a href=\"https:\/\/noticiasbahia360.com.br\/?cat=8\" rel=\"category\">Bahia<\/a> <a href=\"https:\/\/noticiasbahia360.com.br\/?cat=9\" rel=\"category\">Brasil<\/a> <a href=\"https:\/\/noticiasbahia360.com.br\/?cat=6\" rel=\"category\">Feira de Santana<\/a> <a href=\"https:\/\/noticiasbahia360.com.br\/?cat=57\" rel=\"category\">Mundo<\/a> <a href=\"https:\/\/noticiasbahia360.com.br\/?cat=56\" rel=\"category\">Pol\u00edcia<\/a> <a href=\"https:\/\/noticiasbahia360.com.br\/?cat=10\" rel=\"category\">Pol\u00edtica<\/a>","tag_info":"Pol\u00edtica","comment_count":"0","_links":{"self":[{"href":"https:\/\/noticiasbahia360.com.br\/index.php?rest_route=\/wp\/v2\/posts\/128702","targetHints":{"allow":["GET"]}}],"collection":[{"href":"https:\/\/noticiasbahia360.com.br\/index.php?rest_route=\/wp\/v2\/posts"}],"about":[{"href":"https:\/\/noticiasbahia360.com.br\/index.php?rest_route=\/wp\/v2\/types\/post"}],"author":[{"embeddable":true,"href":"https:\/\/noticiasbahia360.com.br\/index.php?rest_route=\/wp\/v2\/users\/1"}],"replies":[{"embeddable":true,"href":"https:\/\/noticiasbahia360.com.br\/index.php?rest_route=%2Fwp%2Fv2%2Fcomments&post=128702"}],"version-history":[{"count":0,"href":"https:\/\/noticiasbahia360.com.br\/index.php?rest_route=\/wp\/v2\/posts\/128702\/revisions"}],"wp:featuredmedia":[{"embeddable":true,"href":"https:\/\/noticiasbahia360.com.br\/index.php?rest_route=\/wp\/v2\/media\/128703"}],"wp:attachment":[{"href":"https:\/\/noticiasbahia360.com.br\/index.php?rest_route=%2Fwp%2Fv2%2Fmedia&parent=128702"}],"wp:term":[{"taxonomy":"category","embeddable":true,"href":"https:\/\/noticiasbahia360.com.br\/index.php?rest_route=%2Fwp%2Fv2%2Fcategories&post=128702"},{"taxonomy":"post_tag","embeddable":true,"href":"https:\/\/noticiasbahia360.com.br\/index.php?rest_route=%2Fwp%2Fv2%2Ftags&post=128702"}],"curies":[{"name":"wp","href":"https:\/\/api.w.org\/{rel}","templated":true}]}} 