{"id":128710,"date":"2026-04-28T12:46:34","date_gmt":"2026-04-28T15:46:34","guid":{"rendered":"https:\/\/noticiasbahia360.com.br\/?p=128710"},"modified":"2026-04-28T12:46:34","modified_gmt":"2026-04-28T15:46:34","slug":"caminhonete-roubada-no-sul-da-bahia-e-recuperada-em-feira-de-santana","status":"publish","type":"post","link":"https:\/\/noticiasbahia360.com.br\/?p=128710","title":{"rendered":"Caminhonete roubada no sul da Bahia \u00e9 recuperada em Feira de Santana"},"content":{"rendered":"<div>\n<div>\n<figure><img decoding=\"async\" src=\"http:\/\/noticiasbahia360.com.br\/wp-content\/uploads\/2026\/04\/veiculo-roubado-em-na-bahia-foto-policia-civil.jpg\" alt=\"Ve\u00edculo Roubado\"><figcaption>Foto: Pol\u00edcia Civil<\/figcaption><\/figure>\n<\/div>\n<p>Uma caminhonete, modelo Toro de cor branca, roubada no sul da Bahia foi recuperada pela Pol\u00edcia Civil em Feira de Santana, na segunda-feira (27).<\/p>\n<p>De acordo com a pol\u00edcia, o ve\u00edculo havia sido levado por criminosos armados no munic\u00edpio de Ibirapitanga. A v\u00edtima foi abordada enquanto trafegava e obrigada a entregar o autom\u00f3vel, que foi levado pelos suspeitos.<\/p>\n<p>Ap\u00f3s dilig\u00eancias, equipes da Delegacia de Repress\u00e3o a Furtos e Roubos (DRFR) de Feira de Santana, localizaram a caminhonete no bairro Calumbi. O ve\u00edculo estava abandonado em via p\u00fablica, sem motor e sem caixa de marchas, o que indica poss\u00edvel desmanche para retirada de pe\u00e7as.<\/p>\n<p>O autom\u00f3vel foi encaminhado para o p\u00e1tio do Complexo de Delegacias, onde ficar\u00e1 \u00e0 disposi\u00e7\u00e3o para per\u00edcia e posterior devolu\u00e7\u00e3o ao propriet\u00e1rio.<\/p>\n<p>As investiga\u00e7\u00f5es seguem em andamento para identificar os autores do crime e poss\u00edveis receptadores.<\/p>\n<p><em>Siga o Acorda Cidade no<\/em><a href=\"https:\/\/news.google.com\/search?q=acorda%20cidade&amp;hl=pt-BR&amp;gl=BR&amp;ceid=BR%3Apt-419\"><strong><em> Google Not\u00edcias<\/em><\/strong><\/a><em> e receba os principais destaques do dia. Participe tamb\u00e9m dos nossos canais no <\/em><a href=\"https:\/\/www.whatsapp.com\/channel\/0029Va6Rb4v3WHTNnsh8WI3N\"><strong><em>WhatsApp<\/em><\/strong><\/a><em> e <\/em><a href=\"https:\/\/www.youtube.com\/@acordacidadenoticias\/videos\"><strong>YouTube<\/strong><\/a><em> e grupo de <\/em><a href=\"https:\/\/t.me\/+sSz0khrgARA0ZmRh\"><strong><em>Telegram<\/em><\/strong><\/a><em>.<\/em><\/p>\n<\/div>\n","protected":false},"excerpt":{"rendered":"<div>\n<div>\n<figure><img decoding=\"async\" src=\"https:\/\/uploads.acordacidade.com.br\/2026\/04\/veiculo-roubado-em-na-bahia-foto-policia-civil.jpg\" alt=\"Ve\u00edculo Roubado\"><figcaption>Foto: Pol\u00edcia Civil<\/figcaption><\/figure>\n<\/div>\n<p>A caminhonete foi encaminhada para o p\u00e1tio do Complexo de Delegacias, onde ficar\u00e1 \u00e0 disposi\u00e7\u00e3o para per\u00edcia.<\/p><\/div>\n","protected":false},"author":1,"featured_media":128711,"comment_status":"closed","ping_status":"closed","sticky":false,"template":"","format":"gallery","meta":{"footnotes":""},"categories":[8,9,6,57,56,10],"tags":[],"class_list":["post-128710","post","type-post","status-publish","format-gallery","has-post-thumbnail","hentry","category-bahia","category-brasil","category-feira-de-santana","category-mundo","category-policia","category-politica","post_format-post-format-gallery"],"featured_image_urls":{"full":["https:\/\/noticiasbahia360.com.br\/wp-content\/uploads\/2026\/04\/veiculo-roubado-em-na-bahia-foto-policia-civil.jpg",1200,948,false],"thumbnail":["https:\/\/noticiasbahia360.com.br\/wp-content\/uploads\/2026\/04\/veiculo-roubado-em-na-bahia-foto-policia-civil-150x150.jpg",150,150,true],"medium":["https:\/\/noticiasbahia360.com.br\/wp-content\/uploads\/2026\/04\/veiculo-roubado-em-na-bahia-foto-policia-civil-300x237.jpg",300,237,true],"medium_large":["https:\/\/noticiasbahia360.com.br\/wp-content\/uploads\/2026\/04\/veiculo-roubado-em-na-bahia-foto-policia-civil-768x607.jpg",640,506,true],"large":["https:\/\/noticiasbahia360.com.br\/wp-content\/uploads\/2026\/04\/veiculo-roubado-em-na-bahia-foto-policia-civil-1024x809.jpg",640,506,true],"1536x1536":["https:\/\/noticiasbahia360.com.br\/wp-content\/uploads\/2026\/04\/veiculo-roubado-em-na-bahia-foto-policia-civil.jpg",1200,948,false],"2048x2048":["https:\/\/noticiasbahia360.com.br\/wp-content\/uploads\/2026\/04\/veiculo-roubado-em-na-bahia-foto-policia-civil.jpg",1200,948,false],"chromenews-featured":["https:\/\/noticiasbahia360.com.br\/wp-content\/uploads\/2026\/04\/veiculo-roubado-em-na-bahia-foto-policia-civil-1024x809.jpg",1024,809,true],"chromenews-large":["https:\/\/noticiasbahia360.com.br\/wp-content\/uploads\/2026\/04\/veiculo-roubado-em-na-bahia-foto-policia-civil-825x575.jpg",825,575,true],"chromenews-medium":["https:\/\/noticiasbahia360.com.br\/wp-content\/uploads\/2026\/04\/veiculo-roubado-em-na-bahia-foto-policia-civil-590x410.jpg",590,410,true]},"author_info":{"display_name":"noticiasbahia360.com.br","author_link":"https:\/\/noticiasbahia360.com.br\/?author=1"},"category_info":"<a href=\"https:\/\/noticiasbahia360.com.br\/?cat=8\" rel=\"category\">Bahia<\/a> <a href=\"https:\/\/noticiasbahia360.com.br\/?cat=9\" rel=\"category\">Brasil<\/a> <a href=\"https:\/\/noticiasbahia360.com.br\/?cat=6\" rel=\"category\">Feira de Santana<\/a> <a href=\"https:\/\/noticiasbahia360.com.br\/?cat=57\" rel=\"category\">Mundo<\/a> <a href=\"https:\/\/noticiasbahia360.com.br\/?cat=56\" rel=\"category\">Pol\u00edcia<\/a> <a href=\"https:\/\/noticiasbahia360.com.br\/?cat=10\" rel=\"category\">Pol\u00edtica<\/a>","tag_info":"Pol\u00edtica","comment_count":"0","_links":{"self":[{"href":"https:\/\/noticiasbahia360.com.br\/index.php?rest_route=\/wp\/v2\/posts\/128710","targetHints":{"allow":["GET"]}}],"collection":[{"href":"https:\/\/noticiasbahia360.com.br\/index.php?rest_route=\/wp\/v2\/posts"}],"about":[{"href":"https:\/\/noticiasbahia360.com.br\/index.php?rest_route=\/wp\/v2\/types\/post"}],"author":[{"embeddable":true,"href":"https:\/\/noticiasbahia360.com.br\/index.php?rest_route=\/wp\/v2\/users\/1"}],"replies":[{"embeddable":true,"href":"https:\/\/noticiasbahia360.com.br\/index.php?rest_route=%2Fwp%2Fv2%2Fcomments&post=128710"}],"version-history":[{"count":0,"href":"https:\/\/noticiasbahia360.com.br\/index.php?rest_route=\/wp\/v2\/posts\/128710\/revisions"}],"wp:featuredmedia":[{"embeddable":true,"href":"https:\/\/noticiasbahia360.com.br\/index.php?rest_route=\/wp\/v2\/media\/128711"}],"wp:attachment":[{"href":"https:\/\/noticiasbahia360.com.br\/index.php?rest_route=%2Fwp%2Fv2%2Fmedia&parent=128710"}],"wp:term":[{"taxonomy":"category","embeddable":true,"href":"https:\/\/noticiasbahia360.com.br\/index.php?rest_route=%2Fwp%2Fv2%2Fcategories&post=128710"},{"taxonomy":"post_tag","embeddable":true,"href":"https:\/\/noticiasbahia360.com.br\/index.php?rest_route=%2Fwp%2Fv2%2Ftags&post=128710"}],"curies":[{"name":"wp","href":"https:\/\/api.w.org\/{rel}","templated":true}]}}