{"id":128712,"date":"2026-04-28T12:56:07","date_gmt":"2026-04-28T15:56:07","guid":{"rendered":"https:\/\/noticiasbahia360.com.br\/?p=128712"},"modified":"2026-04-28T12:56:07","modified_gmt":"2026-04-28T15:56:07","slug":"camara-de-feira-de-santana-abre-inscricoes-para-curso-sobre-nova-lei-de-licitacoes","status":"publish","type":"post","link":"https:\/\/noticiasbahia360.com.br\/?p=128712","title":{"rendered":"C\u00e2mara de Feira de Santana abre inscri\u00e7\u00f5es para curso sobre Nova Lei de Licita\u00e7\u00f5es"},"content":{"rendered":"<div>\n<div>\n<figure><img decoding=\"async\" src=\"http:\/\/noticiasbahia360.com.br\/wp-content\/uploads\/2026\/04\/Camara-Municpal-Ney-silva-acorda-cidade-edited.webp\" alt=\"C\u00e2mara Municipal\"><figcaption>Foto: Ney Silva\/Acorda Cidade<\/figcaption><\/figure>\n<\/div>\n<p>Com foco na qualifica\u00e7\u00e3o profissional e no aprimoramento das atividades parlamentares, a Escola do Legislativo da <a href=\"https:\/\/www.acordacidade.com.br\/tag\/camara-municipal\/\" type=\"post_tag\" id=\"70205\">C\u00e2mara Municipal <\/a>de Feira de Santana ir\u00e1 oferecer um novo curso para vereadores, servidores, funcion\u00e1rios da Casa da Cidadania e p\u00fablico externo. <\/p>\n<p>A programa\u00e7\u00e3o do \u201cCurso B\u00e1sico: Atualiza\u00e7\u00f5es da Lei n\u00ba 14.133\/2021: Atribui\u00e7\u00f5es, Compet\u00eancias e Responsabilidades dos Gestores e Fiscais de Contratos, Fluxos e Mecanismos de Fiscaliza\u00e7\u00e3o, Gerenciamento e Processos de Pagamento\u201d \u00e9 composta por encontros com diferentes especialistas. As inscri\u00e7\u00f5es est\u00e3o abertas at\u00e9 amanh\u00e3 (29).<\/p>\n<p>A abertura das atividades ocorrer\u00e1 no dia 5 de maio, com aula inaugural sobre a Nova Lei de Licita\u00e7\u00f5es e Contratos Administrativos (Lei n\u00ba 14.133\/2021) e governan\u00e7a nas contrata\u00e7\u00f5es p\u00fablicas. A atividade ser\u00e1 realizada \u00e0s 14h, no pr\u00e9dio-sede da C\u00e2mara Municipal. Os demais encontros acontecer\u00e3o no mesmo hor\u00e1rio, no pr\u00e9dio da Secretaria Municipal de Educa\u00e7\u00e3o.<\/p>\n<p>A programa\u00e7\u00e3o contempla temas relacionados \u00e0 rotina administrativa e legislativa, com destaque para a aplica\u00e7\u00e3o da nova Lei de Licita\u00e7\u00f5es, al\u00e9m de conte\u00fados voltados \u00e0 gest\u00e3o, fiscaliza\u00e7\u00e3o e execu\u00e7\u00e3o de contratos p\u00fablicos. Ao longo do curso, ser\u00e3o abordados assuntos como gest\u00e3o contratual, responsabiliza\u00e7\u00e3o de gestores, instrumentos de fiscaliza\u00e7\u00e3o e controle, processos de pagamento, al\u00e9m de oficina pr\u00e1tica com o sistema administrativo da C\u00e2mara, o Legisoft.<\/p>\n<p>As capacita\u00e7\u00f5es ser\u00e3o conduzidas por profissionais com atua\u00e7\u00e3o na \u00e1rea, incluindo especialistas em gest\u00e3o p\u00fablica e contratos administrativos. A programa\u00e7\u00e3o tamb\u00e9m prev\u00ea certifica\u00e7\u00e3o ao final do curso, no dia 2 de junho.<\/p>\n<p>Os interessados, podem realizar a inscri\u00e7\u00e3o clicando <a href=\"https:\/\/docs.google.com\/forms\/d\/e\/1FAIpQLSeKHHnz5ktUxT-Pd0VOf0XCRS-265pQm-79Q-7VPvpp7Dn5Kg\/viewform\" type=\"link\" id=\"https:\/\/docs.google.com\/forms\/d\/e\/1FAIpQLSeKHHnz5ktUxT-Pd0VOf0XCRS-265pQm-79Q-7VPvpp7Dn5Kg\/viewform\">aqui<\/a>. <\/p>\n<h2 class=\"wp-block-heading\" id=\"h-programacao-completa\">Programa\u00e7\u00e3o completa<\/h2>\n<p><strong>05\/05 \u2013 Aula Inaugural<\/strong><br \/>Tema: Introdu\u00e7\u00e3o \u00e0 Nova Lei de Licita\u00e7\u00f5es e Contratos Administrativos. Fundamentos da Lei n\u00ba 14.133\/2021 e governan\u00e7a nas contrata\u00e7\u00f5es p\u00fablicas.<br \/>Mentor: Alessandro Macedo<br \/>Carga hor\u00e1ria: 1h<\/p>\n<p><strong>07\/05 \u2013 Encontro 1<\/strong><br \/>Tema: Gest\u00e3o de contratos administrativos na Lei n\u00ba 14.133\/2021<br \/>Mentor: Gustavo Checcucci<br \/>Carga hor\u00e1ria: 3h<\/p>\n<p><strong>11\/05 \u2013 Encontro 2<\/strong><br \/>Tema: Responsabiliza\u00e7\u00e3o dos gestores e fiscais de contratos<br \/>Mentora: Geruza Gomes<br \/>Carga hor\u00e1ria: 2h<\/p>\n<p><strong>13\/05 \u2013 Encontro 2<\/strong><br \/>Tema: Instrumentos administrativos de fiscaliza\u00e7\u00e3o e controle contratual<br \/>Mentor: Cristiano Queiroz<br \/>Carga hor\u00e1ria: 4h<\/p>\n<p><strong>18\/05 \u2013 Encontro 3<br \/><\/strong>Tema: Liquida\u00e7\u00e3o da despesa e processos de pagamento nos contratos administrativos<br \/>Mentora: Elis Mara Miranda<br \/>Carga hor\u00e1ria: 2h<\/p>\n<p><strong>25\/05 \u2013 Encontro 4<br \/><\/strong>Tema: Oficina pr\u00e1tica: utiliza\u00e7\u00e3o do sistema Legisoft e fluxos administrativos<br \/>Mentora: Loriane Andrade<br \/>Carga hor\u00e1ria: 4h<\/p>\n<p><strong>27\/05 \u2013 Encontro 5<br \/><\/strong>Tema: Oficina de an\u00e1lise t\u00e9cnica de contratos administrativos<br \/>Mentor: Marcos Leite<br \/>Carga hor\u00e1ria: 2h<\/p>\n<p><strong>27\/05 \u2013 Encontro 5<br \/><\/strong>Tema: Apresenta\u00e7\u00e3o da Atividade de Conclus\u00e3o de Curso<br \/>Mentor: Eurico Neto<br \/>Carga hor\u00e1ria: 2h<\/p>\n<p><strong>02\/06 \u2013 Certifica\u00e7\u00e3o<br \/><\/strong>Entrega de certificados<\/p>\n<p><em>As informa\u00e7\u00f5es s\u00e3o da C\u00e2mara Municipal de Feira de Santana<\/em><\/p>\n<p><em>Siga o Acorda Cidade no<\/em><a href=\"https:\/\/news.google.com\/search?q=acorda%20cidade&amp;hl=pt-BR&amp;gl=BR&amp;ceid=BR%3Apt-419\"><strong><em>\u00a0Google Not\u00edcias<\/em><\/strong><\/a><em>\u00a0e receba os principais destaques do dia. Participe tamb\u00e9m dos nossos canais no\u00a0<\/em><a href=\"https:\/\/www.whatsapp.com\/channel\/0029Va6Rb4v3WHTNnsh8WI3N\"><strong><em>WhatsApp<\/em><\/strong><\/a><em>\u00a0e\u00a0<\/em><a href=\"https:\/\/www.youtube.com\/@acordacidadenoticias\/videos\"><strong>YouTube<\/strong><\/a><em>\u00a0e grupo de\u00a0<\/em><a href=\"https:\/\/t.me\/+sSz0khrgARA0ZmRh\"><strong><em>Telegram<\/em><\/strong><\/a><em>.<\/em><\/p>\n<\/div>\n","protected":false},"excerpt":{"rendered":"<div>\n<div>\n<figure><img decoding=\"async\" src=\"https:\/\/www.acordacidade.com.br\/wp-content\/uploads\/2026\/03\/Camara-Municpal-Ney-silva-acorda-cidade-edited.webp\" alt=\"C\u00e2mara Municipal\"><figcaption>Foto: Ney Silva\/Acorda Cidade<\/figcaption><\/figure>\n<\/div>\n<p>A abertura das atividades ocorrer\u00e1 no dia 5 de maio, com aula inaugural sobre a nova lei e governan\u00e7a nas contrata\u00e7\u00f5es p\u00fablicas.<\/p><\/div>\n","protected":false},"author":1,"featured_media":128713,"comment_status":"closed","ping_status":"closed","sticky":false,"template":"","format":"gallery","meta":{"footnotes":""},"categories":[8,9,6,57,56,10],"tags":[],"class_list":["post-128712","post","type-post","status-publish","format-gallery","has-post-thumbnail","hentry","category-bahia","category-brasil","category-feira-de-santana","category-mundo","category-policia","category-politica","post_format-post-format-gallery"],"featured_image_urls":{"full":["https:\/\/noticiasbahia360.com.br\/wp-content\/uploads\/2026\/04\/Camara-Municpal-Ney-silva-acorda-cidade-edited.webp",1200,675,false],"thumbnail":["https:\/\/noticiasbahia360.com.br\/wp-content\/uploads\/2026\/04\/Camara-Municpal-Ney-silva-acorda-cidade-edited-150x150.webp",150,150,true],"medium":["https:\/\/noticiasbahia360.com.br\/wp-content\/uploads\/2026\/04\/Camara-Municpal-Ney-silva-acorda-cidade-edited-300x169.webp",300,169,true],"medium_large":["https:\/\/noticiasbahia360.com.br\/wp-content\/uploads\/2026\/04\/Camara-Municpal-Ney-silva-acorda-cidade-edited-768x432.webp",640,360,true],"large":["https:\/\/noticiasbahia360.com.br\/wp-content\/uploads\/2026\/04\/Camara-Municpal-Ney-silva-acorda-cidade-edited-1024x576.webp",640,360,true],"1536x1536":["https:\/\/noticiasbahia360.com.br\/wp-content\/uploads\/2026\/04\/Camara-Municpal-Ney-silva-acorda-cidade-edited.webp",1200,675,false],"2048x2048":["https:\/\/noticiasbahia360.com.br\/wp-content\/uploads\/2026\/04\/Camara-Municpal-Ney-silva-acorda-cidade-edited.webp",1200,675,false],"chromenews-featured":["https:\/\/noticiasbahia360.com.br\/wp-content\/uploads\/2026\/04\/Camara-Municpal-Ney-silva-acorda-cidade-edited-1024x576.webp",1024,576,true],"chromenews-large":["https:\/\/noticiasbahia360.com.br\/wp-content\/uploads\/2026\/04\/Camara-Municpal-Ney-silva-acorda-cidade-edited-825x575.webp",825,575,true],"chromenews-medium":["https:\/\/noticiasbahia360.com.br\/wp-content\/uploads\/2026\/04\/Camara-Municpal-Ney-silva-acorda-cidade-edited-590x410.webp",590,410,true]},"author_info":{"display_name":"noticiasbahia360.com.br","author_link":"https:\/\/noticiasbahia360.com.br\/?author=1"},"category_info":"<a href=\"https:\/\/noticiasbahia360.com.br\/?cat=8\" rel=\"category\">Bahia<\/a> <a href=\"https:\/\/noticiasbahia360.com.br\/?cat=9\" rel=\"category\">Brasil<\/a> <a href=\"https:\/\/noticiasbahia360.com.br\/?cat=6\" rel=\"category\">Feira de Santana<\/a> <a href=\"https:\/\/noticiasbahia360.com.br\/?cat=57\" rel=\"category\">Mundo<\/a> <a href=\"https:\/\/noticiasbahia360.com.br\/?cat=56\" rel=\"category\">Pol\u00edcia<\/a> <a href=\"https:\/\/noticiasbahia360.com.br\/?cat=10\" rel=\"category\">Pol\u00edtica<\/a>","tag_info":"Pol\u00edtica","comment_count":"0","_links":{"self":[{"href":"https:\/\/noticiasbahia360.com.br\/index.php?rest_route=\/wp\/v2\/posts\/128712","targetHints":{"allow":["GET"]}}],"collection":[{"href":"https:\/\/noticiasbahia360.com.br\/index.php?rest_route=\/wp\/v2\/posts"}],"about":[{"href":"https:\/\/noticiasbahia360.com.br\/index.php?rest_route=\/wp\/v2\/types\/post"}],"author":[{"embeddable":true,"href":"https:\/\/noticiasbahia360.com.br\/index.php?rest_route=\/wp\/v2\/users\/1"}],"replies":[{"embeddable":true,"href":"https:\/\/noticiasbahia360.com.br\/index.php?rest_route=%2Fwp%2Fv2%2Fcomments&post=128712"}],"version-history":[{"count":0,"href":"https:\/\/noticiasbahia360.com.br\/index.php?rest_route=\/wp\/v2\/posts\/128712\/revisions"}],"wp:featuredmedia":[{"embeddable":true,"href":"https:\/\/noticiasbahia360.com.br\/index.php?rest_route=\/wp\/v2\/media\/128713"}],"wp:attachment":[{"href":"https:\/\/noticiasbahia360.com.br\/index.php?rest_route=%2Fwp%2Fv2%2Fmedia&parent=128712"}],"wp:term":[{"taxonomy":"category","embeddable":true,"href":"https:\/\/noticiasbahia360.com.br\/index.php?rest_route=%2Fwp%2Fv2%2Fcategories&post=128712"},{"taxonomy":"post_tag","embeddable":true,"href":"https:\/\/noticiasbahia360.com.br\/index.php?rest_route=%2Fwp%2Fv2%2Ftags&post=128712"}],"curies":[{"name":"wp","href":"https:\/\/api.w.org\/{rel}","templated":true}]}}