{"id":128717,"date":"2026-04-28T13:17:28","date_gmt":"2026-04-28T16:17:28","guid":{"rendered":"https:\/\/noticiasbahia360.com.br\/?p=128717"},"modified":"2026-04-28T13:17:28","modified_gmt":"2026-04-28T16:17:28","slug":"onibus-escolar-pega-fogo-e-e-destruido-durante-transporte-de-estudantes-no-sudoeste-baiano","status":"publish","type":"post","link":"https:\/\/noticiasbahia360.com.br\/?p=128717","title":{"rendered":"\u00d4nibus escolar pega fogo e \u00e9 destru\u00eddo durante transporte de estudantes no sudoeste baiano"},"content":{"rendered":"<div>\n<div>\n<figure><img decoding=\"async\" src=\"http:\/\/noticiasbahia360.com.br\/wp-content\/uploads\/2026\/04\/4018-onibus-escolar-pega-fogo-em-rio-do-antonio.webp\" alt=\"\u00d4nibus escolar pega fogo e \u00e9 destru\u00eddo durante transporte de estudantes no sudoeste baiano\"><figcaption>Foto: WhatsApp\/Achei Sudoeste<\/figcaption><\/figure>\n<\/div>\n<p>Um \u00f4nibus utilizado no transporte escolar de estudantes da zona rural de Rio do Ant\u00f4nio, no sudoeste da Bahia, foi destru\u00eddo por um inc\u00eandio na manh\u00e3 desta ter\u00e7a-feira (28), enquanto seguia por uma estrada de terra em dire\u00e7\u00e3o \u00e0 sede do munic\u00edpio.<\/p>\n<p>De acordo com informa\u00e7\u00f5es apuradas pelo site Achei Sudoeste, parceiro do Acorda Cidade, o ve\u00edculo fazia o trajeto entre a comunidade do Basti\u00e3o e a cidade, atendendo tamb\u00e9m localidades como Pau de Colher e Passagem da Raiz, quando come\u00e7ou a apresentar fuma\u00e7a de forma repentina.<\/p>\n<p>Ao perceber a situa\u00e7\u00e3o, o motorista parou o coletivo imediatamente e orientou que todos os alunos deixassem o \u00f4nibus. A a\u00e7\u00e3o evitou que houvesse feridos, j\u00e1 que os estudantes conseguiram se afastar antes que o fogo se espalhasse.<\/p>\n<p>Em poucos minutos, as chamas consumiram toda a estrutura do ve\u00edculo, que ficou completamente destru\u00eddo, restando apenas a carca\u00e7a met\u00e1lica.<\/p>\n<p>A causa do inc\u00eandio ainda ser\u00e1 confirmada por per\u00edcia, mas a principal hip\u00f3tese \u00e9 de que uma falha mec\u00e2nica tenha provocado o fogo.<\/p>\n<p>A Prefeitura de Rio do Ant\u00f4nio ainda n\u00e3o se pronunciou oficialmente sobre o ocorrido.<\/p>\n<p><em>Siga o Acorda Cidade no<\/em><a href=\"https:\/\/news.google.com\/search?q=acorda%20cidade&amp;hl=pt-BR&amp;gl=BR&amp;ceid=BR%3Apt-419\"><strong><em>\u00a0Google Not\u00edcias<\/em><\/strong><\/a><em>\u00a0e receba os principais destaques do dia. Participe tamb\u00e9m dos nossos canais no\u00a0<\/em><a href=\"https:\/\/www.whatsapp.com\/channel\/0029Va6Rb4v3WHTNnsh8WI3N\"><strong><em>WhatsApp<\/em><\/strong><\/a><em>\u00a0e\u00a0<\/em><a href=\"https:\/\/www.youtube.com\/@acordacidadenoticias\/videos\"><strong>YouTube<\/strong><\/a><em>\u00a0e grupo de\u00a0<\/em><a href=\"https:\/\/t.me\/+sSz0khrgARA0ZmRh\"><strong><em>Telegram<\/em><\/strong><\/a><em>.<\/em><\/p>\n<\/div>\n","protected":false},"excerpt":{"rendered":"<div>\n<div>\n<figure><img decoding=\"async\" src=\"https:\/\/uploads.acordacidade.com.br\/2026\/04\/4018-onibus-escolar-pega-fogo-em-rio-do-antonio.webp\" alt=\"\u00d4nibus escolar pega fogo e \u00e9 destru\u00eddo durante transporte de estudantes no sudoeste baiano\"><figcaption>Foto: WhatsApp\/Achei Sudoeste<\/figcaption><\/figure>\n<\/div>\n<p>Ao perceber a situa\u00e7\u00e3o, o motorista parou o coletivo imediatamente e orientou que todos os alunos deixassem o \u00f4nibus, a\u00e7\u00e3o que salvou vidas.<\/p><\/div>\n","protected":false},"author":1,"featured_media":128718,"comment_status":"closed","ping_status":"closed","sticky":false,"template":"","format":"gallery","meta":{"footnotes":""},"categories":[8,9,6,57,56,10],"tags":[],"class_list":["post-128717","post","type-post","status-publish","format-gallery","has-post-thumbnail","hentry","category-bahia","category-brasil","category-feira-de-santana","category-mundo","category-policia","category-politica","post_format-post-format-gallery"],"featured_image_urls":{"full":["https:\/\/noticiasbahia360.com.br\/wp-content\/uploads\/2026\/04\/4018-onibus-escolar-pega-fogo-em-rio-do-antonio.webp",1200,718,false],"thumbnail":["https:\/\/noticiasbahia360.com.br\/wp-content\/uploads\/2026\/04\/4018-onibus-escolar-pega-fogo-em-rio-do-antonio-150x150.webp",150,150,true],"medium":["https:\/\/noticiasbahia360.com.br\/wp-content\/uploads\/2026\/04\/4018-onibus-escolar-pega-fogo-em-rio-do-antonio-300x180.webp",300,180,true],"medium_large":["https:\/\/noticiasbahia360.com.br\/wp-content\/uploads\/2026\/04\/4018-onibus-escolar-pega-fogo-em-rio-do-antonio-768x460.webp",640,383,true],"large":["https:\/\/noticiasbahia360.com.br\/wp-content\/uploads\/2026\/04\/4018-onibus-escolar-pega-fogo-em-rio-do-antonio-1024x613.webp",640,383,true],"1536x1536":["https:\/\/noticiasbahia360.com.br\/wp-content\/uploads\/2026\/04\/4018-onibus-escolar-pega-fogo-em-rio-do-antonio.webp",1200,718,false],"2048x2048":["https:\/\/noticiasbahia360.com.br\/wp-content\/uploads\/2026\/04\/4018-onibus-escolar-pega-fogo-em-rio-do-antonio.webp",1200,718,false],"chromenews-featured":["https:\/\/noticiasbahia360.com.br\/wp-content\/uploads\/2026\/04\/4018-onibus-escolar-pega-fogo-em-rio-do-antonio-1024x613.webp",1024,613,true],"chromenews-large":["https:\/\/noticiasbahia360.com.br\/wp-content\/uploads\/2026\/04\/4018-onibus-escolar-pega-fogo-em-rio-do-antonio-825x575.webp",825,575,true],"chromenews-medium":["https:\/\/noticiasbahia360.com.br\/wp-content\/uploads\/2026\/04\/4018-onibus-escolar-pega-fogo-em-rio-do-antonio-590x410.webp",590,410,true]},"author_info":{"display_name":"noticiasbahia360.com.br","author_link":"https:\/\/noticiasbahia360.com.br\/?author=1"},"category_info":"<a href=\"https:\/\/noticiasbahia360.com.br\/?cat=8\" rel=\"category\">Bahia<\/a> <a href=\"https:\/\/noticiasbahia360.com.br\/?cat=9\" rel=\"category\">Brasil<\/a> <a href=\"https:\/\/noticiasbahia360.com.br\/?cat=6\" rel=\"category\">Feira de Santana<\/a> <a href=\"https:\/\/noticiasbahia360.com.br\/?cat=57\" rel=\"category\">Mundo<\/a> <a href=\"https:\/\/noticiasbahia360.com.br\/?cat=56\" rel=\"category\">Pol\u00edcia<\/a> <a href=\"https:\/\/noticiasbahia360.com.br\/?cat=10\" rel=\"category\">Pol\u00edtica<\/a>","tag_info":"Pol\u00edtica","comment_count":"0","_links":{"self":[{"href":"https:\/\/noticiasbahia360.com.br\/index.php?rest_route=\/wp\/v2\/posts\/128717","targetHints":{"allow":["GET"]}}],"collection":[{"href":"https:\/\/noticiasbahia360.com.br\/index.php?rest_route=\/wp\/v2\/posts"}],"about":[{"href":"https:\/\/noticiasbahia360.com.br\/index.php?rest_route=\/wp\/v2\/types\/post"}],"author":[{"embeddable":true,"href":"https:\/\/noticiasbahia360.com.br\/index.php?rest_route=\/wp\/v2\/users\/1"}],"replies":[{"embeddable":true,"href":"https:\/\/noticiasbahia360.com.br\/index.php?rest_route=%2Fwp%2Fv2%2Fcomments&post=128717"}],"version-history":[{"count":0,"href":"https:\/\/noticiasbahia360.com.br\/index.php?rest_route=\/wp\/v2\/posts\/128717\/revisions"}],"wp:featuredmedia":[{"embeddable":true,"href":"https:\/\/noticiasbahia360.com.br\/index.php?rest_route=\/wp\/v2\/media\/128718"}],"wp:attachment":[{"href":"https:\/\/noticiasbahia360.com.br\/index.php?rest_route=%2Fwp%2Fv2%2Fmedia&parent=128717"}],"wp:term":[{"taxonomy":"category","embeddable":true,"href":"https:\/\/noticiasbahia360.com.br\/index.php?rest_route=%2Fwp%2Fv2%2Fcategories&post=128717"},{"taxonomy":"post_tag","embeddable":true,"href":"https:\/\/noticiasbahia360.com.br\/index.php?rest_route=%2Fwp%2Fv2%2Ftags&post=128717"}],"curies":[{"name":"wp","href":"https:\/\/api.w.org\/{rel}","templated":true}]}} 