{"id":128721,"date":"2026-04-28T14:46:00","date_gmt":"2026-04-28T17:46:00","guid":{"rendered":"https:\/\/noticiasbahia360.com.br\/?p=128721"},"modified":"2026-04-28T14:46:00","modified_gmt":"2026-04-28T17:46:00","slug":"bombeiros-seguem-buscas-por-desaparecido-em-praia-de-itacimirim","status":"publish","type":"post","link":"https:\/\/noticiasbahia360.com.br\/?p=128721","title":{"rendered":"Bombeiros seguem buscas por desaparecido em praia de Itacimirim"},"content":{"rendered":"<div>\n<div>\n<figure><img decoding=\"async\" src=\"http:\/\/noticiasbahia360.com.br\/wp-content\/uploads\/2026\/04\/Praia-de-Itacimirim.jpg\" alt=\"Praia de Itacimirim\"><figcaption>Itacimirim | Foto: Divulga\u00e7\u00e3o\/ CBMBA<\/figcaption><\/figure>\n<\/div>\n<p>O Corpo de Bombeiros Militar da Bahia (CBMBA) permanece, nesta ter\u00e7a-feira (28), realizando buscas por uma pessoa desaparecida na praia de Itacimirim.<\/p>\n<figure class=\"wp-block-image size-full\"><img fetchpriority=\"high\" fetchpriority=\"high\" decoding=\"async\" width=\"1200\" height=\"811\" src=\"http:\/\/noticiasbahia360.com.br\/wp-content\/uploads\/2026\/04\/Praia-de-Itacimirim-1.jpg\" alt=\"Praia de Itacimirim\" class=\"wp-image-650740\" srcset=\"http:\/\/noticiasbahia360.com.br\/wp-content\/uploads\/2026\/04\/Praia-de-Itacimirim-1.jpg 1200w, https:\/\/uploads.acordacidade.com.br\/2026\/04\/Praia-de-Itacimirim-1-750x507.jpg 750w, https:\/\/uploads.acordacidade.com.br\/2026\/04\/Praia-de-Itacimirim-1-1000x676.jpg 1000w, https:\/\/uploads.acordacidade.com.br\/2026\/04\/Praia-de-Itacimirim-1-450x304.jpg 450w, https:\/\/uploads.acordacidade.com.br\/2026\/04\/Praia-de-Itacimirim-1-150x101.jpg 150w\" sizes=\"(max-width: 1200px) 100vw, 1200px\"><figcaption class=\"wp-element-caption\">Itacimirim | Foto: Divulga\u00e7\u00e3o\/ CBMBA<\/figcaption><\/figure>\n<p>Uma equipe n\u00e1utica do 13\u00ba Batalh\u00e3o de Bombeiros Militar (13\u00ba BBM\/BMar) atuam na opera\u00e7\u00e3o, realizando varreduras por terra e no meio l\u00edquido, com a utiliza\u00e7\u00e3o de moto aqu\u00e1tica. Ap\u00f3s an\u00e1lise dos ventos e das correntes marinhas, as buscas est\u00e3o concentradas em \u00e1reas com maiores chances de localiza\u00e7\u00e3o da v\u00edtima, especialmente na regi\u00e3o da Boca da Barra de Itacimirim.<\/p>\n<p>Duas v\u00edtimas foram resgatadas nesta segunda-feira (27): uma crian\u00e7a foi retirada da \u00e1gua com vida e encaminhada a uma unidade de sa\u00fade; a outra v\u00edtima, um homem, foi retirada da \u00e1gua por populares, mas n\u00e3o resistiu.<\/p>\n<p><em>Siga o Acorda Cidade no<\/em><a href=\"https:\/\/news.google.com\/search?q=acorda%20cidade&amp;hl=pt-BR&amp;gl=BR&amp;ceid=BR%3Apt-419\"><strong><em>\u00a0Google Not\u00edcias<\/em><\/strong><\/a><em>\u00a0e receba os principais destaques do dia. Participe tamb\u00e9m dos nossos canais no\u00a0<\/em><a href=\"https:\/\/www.whatsapp.com\/channel\/0029Va6Rb4v3WHTNnsh8WI3N\"><strong><em>WhatsApp<\/em><\/strong><\/a><em>\u00a0e\u00a0<\/em><a href=\"https:\/\/www.youtube.com\/@acordacidadenoticias\/videos\"><strong>YouTube<\/strong><\/a><em>\u00a0e grupo de\u00a0<\/em><a href=\"https:\/\/t.me\/+sSz0khrgARA0ZmRh\"><strong><em>Telegram<\/em><\/strong><\/a><em>.<\/em><\/p>\n<\/div>\n","protected":false},"excerpt":{"rendered":"<div>\n<div>\n<figure><img decoding=\"async\" src=\"https:\/\/uploads.acordacidade.com.br\/2026\/04\/Praia-de-Itacimirim.jpg\" alt=\"Praia de Itacimirim\"><figcaption>Itacimirim | Foto: Divulga\u00e7\u00e3o\/ CBMBA<\/figcaption><\/figure>\n<\/div>\n<p>As buscas est\u00e3o concentradas em \u00e1reas com maiores chances de localiza\u00e7\u00e3o da v\u00edtima, especialmente na regi\u00e3o da Boca da Barra de Itacimirim.<\/p><\/div>\n","protected":false},"author":1,"featured_media":128722,"comment_status":"closed","ping_status":"closed","sticky":false,"template":"","format":"gallery","meta":{"footnotes":""},"categories":[8,9,6,57,56,10],"tags":[],"class_list":["post-128721","post","type-post","status-publish","format-gallery","has-post-thumbnail","hentry","category-bahia","category-brasil","category-feira-de-santana","category-mundo","category-policia","category-politica","post_format-post-format-gallery"],"featured_image_urls":{"full":["https:\/\/noticiasbahia360.com.br\/wp-content\/uploads\/2026\/04\/Praia-de-Itacimirim.jpg",1200,744,false],"thumbnail":["https:\/\/noticiasbahia360.com.br\/wp-content\/uploads\/2026\/04\/Praia-de-Itacimirim-150x150.jpg",150,150,true],"medium":["https:\/\/noticiasbahia360.com.br\/wp-content\/uploads\/2026\/04\/Praia-de-Itacimirim-300x186.jpg",300,186,true],"medium_large":["https:\/\/noticiasbahia360.com.br\/wp-content\/uploads\/2026\/04\/Praia-de-Itacimirim-768x476.jpg",640,397,true],"large":["https:\/\/noticiasbahia360.com.br\/wp-content\/uploads\/2026\/04\/Praia-de-Itacimirim-1024x635.jpg",640,397,true],"1536x1536":["https:\/\/noticiasbahia360.com.br\/wp-content\/uploads\/2026\/04\/Praia-de-Itacimirim.jpg",1200,744,false],"2048x2048":["https:\/\/noticiasbahia360.com.br\/wp-content\/uploads\/2026\/04\/Praia-de-Itacimirim.jpg",1200,744,false],"chromenews-featured":["https:\/\/noticiasbahia360.com.br\/wp-content\/uploads\/2026\/04\/Praia-de-Itacimirim-1024x635.jpg",1024,635,true],"chromenews-large":["https:\/\/noticiasbahia360.com.br\/wp-content\/uploads\/2026\/04\/Praia-de-Itacimirim-825x575.jpg",825,575,true],"chromenews-medium":["https:\/\/noticiasbahia360.com.br\/wp-content\/uploads\/2026\/04\/Praia-de-Itacimirim-590x410.jpg",590,410,true]},"author_info":{"display_name":"noticiasbahia360.com.br","author_link":"https:\/\/noticiasbahia360.com.br\/?author=1"},"category_info":"<a href=\"https:\/\/noticiasbahia360.com.br\/?cat=8\" rel=\"category\">Bahia<\/a> <a href=\"https:\/\/noticiasbahia360.com.br\/?cat=9\" rel=\"category\">Brasil<\/a> <a href=\"https:\/\/noticiasbahia360.com.br\/?cat=6\" rel=\"category\">Feira de Santana<\/a> <a href=\"https:\/\/noticiasbahia360.com.br\/?cat=57\" rel=\"category\">Mundo<\/a> <a href=\"https:\/\/noticiasbahia360.com.br\/?cat=56\" rel=\"category\">Pol\u00edcia<\/a> <a href=\"https:\/\/noticiasbahia360.com.br\/?cat=10\" rel=\"category\">Pol\u00edtica<\/a>","tag_info":"Pol\u00edtica","comment_count":"0","_links":{"self":[{"href":"https:\/\/noticiasbahia360.com.br\/index.php?rest_route=\/wp\/v2\/posts\/128721","targetHints":{"allow":["GET"]}}],"collection":[{"href":"https:\/\/noticiasbahia360.com.br\/index.php?rest_route=\/wp\/v2\/posts"}],"about":[{"href":"https:\/\/noticiasbahia360.com.br\/index.php?rest_route=\/wp\/v2\/types\/post"}],"author":[{"embeddable":true,"href":"https:\/\/noticiasbahia360.com.br\/index.php?rest_route=\/wp\/v2\/users\/1"}],"replies":[{"embeddable":true,"href":"https:\/\/noticiasbahia360.com.br\/index.php?rest_route=%2Fwp%2Fv2%2Fcomments&post=128721"}],"version-history":[{"count":0,"href":"https:\/\/noticiasbahia360.com.br\/index.php?rest_route=\/wp\/v2\/posts\/128721\/revisions"}],"wp:featuredmedia":[{"embeddable":true,"href":"https:\/\/noticiasbahia360.com.br\/index.php?rest_route=\/wp\/v2\/media\/128722"}],"wp:attachment":[{"href":"https:\/\/noticiasbahia360.com.br\/index.php?rest_route=%2Fwp%2Fv2%2Fmedia&parent=128721"}],"wp:term":[{"taxonomy":"category","embeddable":true,"href":"https:\/\/noticiasbahia360.com.br\/index.php?rest_route=%2Fwp%2Fv2%2Fcategories&post=128721"},{"taxonomy":"post_tag","embeddable":true,"href":"https:\/\/noticiasbahia360.com.br\/index.php?rest_route=%2Fwp%2Fv2%2Ftags&post=128721"}],"curies":[{"name":"wp","href":"https:\/\/api.w.org\/{rel}","templated":true}]}} 