{"id":128724,"date":"2026-04-28T14:56:10","date_gmt":"2026-04-28T17:56:10","guid":{"rendered":"https:\/\/noticiasbahia360.com.br\/?p=128724"},"modified":"2026-04-28T14:56:10","modified_gmt":"2026-04-28T17:56:10","slug":"camara-de-feira-de-santana-debate-implantacao-da-zona-azul-em-audiencia-publica","status":"publish","type":"post","link":"https:\/\/noticiasbahia360.com.br\/?p=128724","title":{"rendered":"C\u00e2mara de Feira de Santana debate implanta\u00e7\u00e3o da Zona Azul em audi\u00eancia p\u00fablica"},"content":{"rendered":"<div>\n<div>\n<figure><img decoding=\"async\" src=\"http:\/\/noticiasbahia360.com.br\/wp-content\/uploads\/2026\/04\/debate-zona-azul.jpg\" alt=\"debate zona azul\"><figcaption>Foto: Reprodu\u00e7\u00e3o\/ C\u00e2mara de Feira de Santana<\/figcaption><\/figure>\n<\/div>\n<p>A C\u00e2mara Municipal discutir\u00e1, em audi\u00eancia p\u00fablica, a implanta\u00e7\u00e3o, regulamenta\u00e7\u00e3o, funcionamento e fiscaliza\u00e7\u00e3o do sistema de estacionamento rotativo pago, o chamado <a href=\"https:\/\/www.acordacidade.com.br\/tag\/zona-azul\/\" type=\"post_tag\" id=\"46879\">Zona Azul<\/a>, no Munic\u00edpio de Feira de Santana. Um requerimento com este objetivo, de autoria do vereador Eli Ribeiro (Republicanos), foi aprovado na sess\u00e3o desta ter\u00e7a-feira (28). A data para a realiza\u00e7\u00e3o da audi\u00eancia ser\u00e1 definida pelo Cerimonial da Casa.<\/p>\n<p>Conforme descrito no of\u00edcio, a realiza\u00e7\u00e3o do debate visa garantir que a implanta\u00e7\u00e3o da Zona Azul ocorra de maneira transparente, equilibrada e em conson\u00e2ncia com os interesses da popula\u00e7\u00e3o, \u201cpromovendo benef\u00edcios reais\u201d para a mobilidade urbana e o desenvolvimento econ\u00f4mico local. <\/p>\n<p>Para tanto, garante o parlamentar, ser\u00e3o convidados para prestar esclarecimentos, inclusive quanto ao cronograma de implanta\u00e7\u00e3o, o prefeito Jos\u00e9 Ronaldo, o procurador-geral do Munic\u00edpio, representantes da Superintend\u00eancia Municipal de Tr\u00e2nsito (SMT), da C\u00e2mara dos Dirigentes Lojistas (CDL), da Pol\u00edcia Rodovi\u00e1ria Federal e de \u00f3rg\u00e3os de defesa do consumidor, al\u00e9m de demais autoridades e especialistas pertinentes.<\/p>\n<p>\u201cA implanta\u00e7\u00e3o da Zona Azul \u00e9 medida positiva, amplamente esperada e desejada pela popula\u00e7\u00e3o, sobretudo diante do crescimento urbano e da necessidade de melhor organiza\u00e7\u00e3o do uso das vias p\u00fablicas. Embora reconhecida como uma iniciativa necess\u00e1ria, a proposta tem gerado debates quanto aos seus impactos na mobilidade urbana, no acesso ao com\u00e9rcio local e na utiliza\u00e7\u00e3o do espa\u00e7o p\u00fablico, o que refor\u00e7a a import\u00e2ncia de um di\u00e1logo transparente e participativo\u201d, pontua Eli Ribeiro.<\/p>\n<p>A Zona Azul, destaca o proponente, deve ocorrer de forma planejada, respons\u00e1vel e alinhada com os interesses da coletividade. O vereador refor\u00e7a que este sistema de estacionamento rotativo \u201cpode contribuir\u201d significativamente para a democratiza\u00e7\u00e3o do uso de vagas p\u00fablicas, melhoria da fluidez do tr\u00e2nsito e fortalecimento da atividade comercial. Considerando que a cidade possui um com\u00e9rcio forte e din\u00e2mico, que atrai diariamente um grande fluxo de pessoas, torna-se \u201cessencial\u201d a discuss\u00e3o aprofundada sobre como o sistema ser\u00e1 estruturado, operacionalizado e quando ser\u00e1 efetivamente implantado.<\/p>\n<p><em>Siga o Acorda Cidade no<\/em><a href=\"https:\/\/news.google.com\/search?q=acorda%20cidade&amp;hl=pt-BR&amp;gl=BR&amp;ceid=BR%3Apt-419\"><strong><em>\u00a0Google Not\u00edcias<\/em><\/strong><\/a><em>\u00a0e receba os principais destaques do dia. Participe tamb\u00e9m dos nossos canais no\u00a0<\/em><a href=\"https:\/\/www.whatsapp.com\/channel\/0029Va6Rb4v3WHTNnsh8WI3N\"><strong><em>WhatsApp<\/em><\/strong><\/a><em>\u00a0e\u00a0<\/em><a href=\"https:\/\/www.youtube.com\/@acordacidadenoticias\/videos\"><strong>YouTube<\/strong><\/a><em>\u00a0e grupo de\u00a0<\/em><a href=\"https:\/\/t.me\/+sSz0khrgARA0ZmRh\"><strong><em>Telegram<\/em><\/strong><\/a><em>.<\/em><\/p>\n<\/div>\n","protected":false},"excerpt":{"rendered":"<div>\n<div>\n<figure><img decoding=\"async\" src=\"https:\/\/uploads.acordacidade.com.br\/2026\/04\/debate-zona-azul.jpg\" alt=\"debate zona azul\"><figcaption>Foto: Reprodu\u00e7\u00e3o\/ C\u00e2mara de Feira de Santana<\/figcaption><\/figure>\n<\/div>\n<p>Conforme descrito no of\u00edcio, a realiza\u00e7\u00e3o do debate visa garantir que a implanta\u00e7\u00e3o da Zona Azul ocorra de forma transparente e equilibrada.<\/p><\/div>\n","protected":false},"author":1,"featured_media":128725,"comment_status":"closed","ping_status":"closed","sticky":false,"template":"","format":"gallery","meta":{"footnotes":""},"categories":[8,9,6,57,56,10],"tags":[],"class_list":["post-128724","post","type-post","status-publish","format-gallery","has-post-thumbnail","hentry","category-bahia","category-brasil","category-feira-de-santana","category-mundo","category-policia","category-politica","post_format-post-format-gallery"],"featured_image_urls":{"full":["https:\/\/noticiasbahia360.com.br\/wp-content\/uploads\/2026\/04\/debate-zona-azul.jpg",1200,800,false],"thumbnail":["https:\/\/noticiasbahia360.com.br\/wp-content\/uploads\/2026\/04\/debate-zona-azul-150x150.jpg",150,150,true],"medium":["https:\/\/noticiasbahia360.com.br\/wp-content\/uploads\/2026\/04\/debate-zona-azul-300x200.jpg",300,200,true],"medium_large":["https:\/\/noticiasbahia360.com.br\/wp-content\/uploads\/2026\/04\/debate-zona-azul-768x512.jpg",640,427,true],"large":["https:\/\/noticiasbahia360.com.br\/wp-content\/uploads\/2026\/04\/debate-zona-azul-1024x683.jpg",640,427,true],"1536x1536":["https:\/\/noticiasbahia360.com.br\/wp-content\/uploads\/2026\/04\/debate-zona-azul.jpg",1200,800,false],"2048x2048":["https:\/\/noticiasbahia360.com.br\/wp-content\/uploads\/2026\/04\/debate-zona-azul.jpg",1200,800,false],"chromenews-featured":["https:\/\/noticiasbahia360.com.br\/wp-content\/uploads\/2026\/04\/debate-zona-azul-1024x683.jpg",1024,683,true],"chromenews-large":["https:\/\/noticiasbahia360.com.br\/wp-content\/uploads\/2026\/04\/debate-zona-azul-825x575.jpg",825,575,true],"chromenews-medium":["https:\/\/noticiasbahia360.com.br\/wp-content\/uploads\/2026\/04\/debate-zona-azul-590x410.jpg",590,410,true]},"author_info":{"display_name":"noticiasbahia360.com.br","author_link":"https:\/\/noticiasbahia360.com.br\/?author=1"},"category_info":"<a href=\"https:\/\/noticiasbahia360.com.br\/?cat=8\" rel=\"category\">Bahia<\/a> <a href=\"https:\/\/noticiasbahia360.com.br\/?cat=9\" rel=\"category\">Brasil<\/a> <a href=\"https:\/\/noticiasbahia360.com.br\/?cat=6\" rel=\"category\">Feira de Santana<\/a> <a href=\"https:\/\/noticiasbahia360.com.br\/?cat=57\" rel=\"category\">Mundo<\/a> <a href=\"https:\/\/noticiasbahia360.com.br\/?cat=56\" rel=\"category\">Pol\u00edcia<\/a> <a href=\"https:\/\/noticiasbahia360.com.br\/?cat=10\" rel=\"category\">Pol\u00edtica<\/a>","tag_info":"Pol\u00edtica","comment_count":"0","_links":{"self":[{"href":"https:\/\/noticiasbahia360.com.br\/index.php?rest_route=\/wp\/v2\/posts\/128724","targetHints":{"allow":["GET"]}}],"collection":[{"href":"https:\/\/noticiasbahia360.com.br\/index.php?rest_route=\/wp\/v2\/posts"}],"about":[{"href":"https:\/\/noticiasbahia360.com.br\/index.php?rest_route=\/wp\/v2\/types\/post"}],"author":[{"embeddable":true,"href":"https:\/\/noticiasbahia360.com.br\/index.php?rest_route=\/wp\/v2\/users\/1"}],"replies":[{"embeddable":true,"href":"https:\/\/noticiasbahia360.com.br\/index.php?rest_route=%2Fwp%2Fv2%2Fcomments&post=128724"}],"version-history":[{"count":0,"href":"https:\/\/noticiasbahia360.com.br\/index.php?rest_route=\/wp\/v2\/posts\/128724\/revisions"}],"wp:featuredmedia":[{"embeddable":true,"href":"https:\/\/noticiasbahia360.com.br\/index.php?rest_route=\/wp\/v2\/media\/128725"}],"wp:attachment":[{"href":"https:\/\/noticiasbahia360.com.br\/index.php?rest_route=%2Fwp%2Fv2%2Fmedia&parent=128724"}],"wp:term":[{"taxonomy":"category","embeddable":true,"href":"https:\/\/noticiasbahia360.com.br\/index.php?rest_route=%2Fwp%2Fv2%2Fcategories&post=128724"},{"taxonomy":"post_tag","embeddable":true,"href":"https:\/\/noticiasbahia360.com.br\/index.php?rest_route=%2Fwp%2Fv2%2Ftags&post=128724"}],"curies":[{"name":"wp","href":"https:\/\/api.w.org\/{rel}","templated":true}]}}