{"id":128728,"date":"2026-04-28T15:36:21","date_gmt":"2026-04-28T18:36:21","guid":{"rendered":"https:\/\/noticiasbahia360.com.br\/?p=128728"},"modified":"2026-04-28T15:36:21","modified_gmt":"2026-04-28T18:36:21","slug":"feira-de-santana-concentra-maioria-dos-jogos-nas-primeiras-rodadas-da-serie-b-do-baianao","status":"publish","type":"post","link":"https:\/\/noticiasbahia360.com.br\/?p=128728","title":{"rendered":"Feira de Santana concentra maioria dos jogos nas primeiras rodadas da S\u00e9rie B do Baian\u00e3o"},"content":{"rendered":"<div>\n<div>\n<figure><img decoding=\"async\" src=\"http:\/\/noticiasbahia360.com.br\/wp-content\/uploads\/2026\/04\/Joia-da-Princesa-estadio-gramado-1.jpg\" alt=\"Recuperacao do Gramado do Joia da Princesa\"><figcaption>Foto: Jorge Magalh\u00e3es<\/figcaption><\/figure>\n<\/div>\n<p>Feira de Santana ser\u00e1 o principal polo da S\u00e9rie B do Campeonato Baiano de 2026 ao concentrar a maior parte dos jogos nas tr\u00eas primeiras rodadas da competi\u00e7\u00e3o. A tabela inicial, divulgada pela Federa\u00e7\u00e3o Bahiana de Futebol (FBF), indica que a cidade sediar\u00e1 a ampla maioria das partidas.<\/p>\n<p>Ao todo, entre os jogos das rodadas 1, 2 e 3, a maior parte dos confrontos ter\u00e1 como palco a Arena Cajueiro e o Est\u00e1dio Alberto Oliveira (Joia da Princesa), ambos localizados em Feira.<\/p>\n<p>A Arena Cajueiro, administrada atualmente pelo rec\u00e9m-criado Feira FC, ser\u00e1 utilizada por mais de um clube na competi\u00e7\u00e3o. Al\u00e9m do pr\u00f3prio Feira, tamb\u00e9m mandar\u00e3o jogos no local equipes como Le\u00f4nico e SSA FC. A gest\u00e3o do est\u00e1dio passou ao Feira FC ap\u00f3s a aus\u00eancia de calend\u00e1rio do Bahia de Feira em 2026 \u2014 clube que tradicionalmente utilizava a pra\u00e7a esportiva, mas que n\u00e3o disputa competi\u00e7\u00f5es profissionais nesta temporada.<\/p>\n<p>J\u00e1 o Est\u00e1dio Alberto Oliveira, casa do Fluminense de Feira, tamb\u00e9m ser\u00e1 pe\u00e7a-chave na log\u00edstica. A SAF do clube venceu, em janeiro deste ano, o processo de concess\u00e3o onerosa do equipamento realizado pela Prefeitura de Feira de Santana. <\/p>\n<p>O certame contou com apenas\u00a0uma proposta, apresentada pela empresa vinculada ao grupo Core 3, respons\u00e1vel pela gest\u00e3o da SAF do Touro do Sert\u00e3o.<\/p>\n<p>Apesar de ser a casa oficial do Fluminense, o Joia da Princesa tamb\u00e9m receber\u00e1 partidas de outras equipes, como Grapi\u00fana, Cama\u00e7ari e Jacobina, ao longo da primeira fase.<\/p>\n<p>Fora de Feira de Santana, apenas dois est\u00e1dios aparecem como sedes nas tr\u00eas primeiras rodadas:<\/p>\n<ul class=\"wp-block-list\">\n<li>Geraldo Pereira (Barreiras): sede dos jogos do Barreiras;<\/li>\n<li>Waldomiro Borges (Jequi\u00e9): utilizado por Vit\u00f3ria da Conquista e Reden\u00e7\u00e3o.<\/li>\n<\/ul>\n<p>A limita\u00e7\u00e3o de pra\u00e7as dispon\u00edveis influencia diretamente a tabela. Uma das alternativas tradicionais, o Est\u00e1dio de Pitua\u00e7u, em Salvador, est\u00e1 fora de uso. O equipamento passa por obras desde o dia 6 de abril, com previs\u00e3o de conclus\u00e3o apenas para novembro. A interven\u00e7\u00e3o foca na prepara\u00e7\u00e3o para a Copa do Mundo Feminina de 2027 e inclui a renova\u00e7\u00e3o completa do gramado e a moderniza\u00e7\u00e3o dos sistemas de drenagem e irriga\u00e7\u00e3o.<\/p>\n<p>A primeira fase da S\u00e9rie B do Baian\u00e3o ser\u00e1 disputada em turno \u00fanico. A competi\u00e7\u00e3o ter\u00e1 in\u00edcio neste s\u00e1bado (2), com dois jogos: \u00e0s 15h, o Jacobina enfrenta o Grapi\u00fana no Joia da Princesa; e \u00e0s 19h, o Feira encara o Vit\u00f3ria da Conquista na Arena Cajueiro.<\/p>\n<p>Neste domingo (3), a rodada ser\u00e1 completada com tr\u00eas partidas. \u00c0s 15h, o Le\u00f4nico enfrenta o SSA, tamb\u00e9m na Arena Cajueiro, enquanto o Fluminense de Feira recebe o Reden\u00e7\u00e3o no Joia da Princesa. J\u00e1 \u00e0s 16h, o Barreiras mede for\u00e7as com o Cama\u00e7ari, no Est\u00e1dio Geraldo Pereira.<\/p>\n<p>A segunda rodada est\u00e1 prevista para os dias 9 e 10 de maio. As equipes buscam classifica\u00e7\u00e3o para a fase semifinal na luta pelo acesso \u00e0 elite do futebol baiano.<\/p>\n<p><em>Fonte: <a href=\"https:\/\/www.bahianoticias.com.br\/esportes\/noticia\/78489-feira-de-santana-concentra-maioria-dos-jogos-nas-primeiras-rodadas-da-serie-b-do-baianao\">Bahia Not\u00edcias<\/a>, parceiro do Acorda Cidade <\/em><\/p>\n<p><em>Siga o Acorda Cidade no\u00a0<\/em><a href=\"https:\/\/news.google.com\/search?q=acorda%20cidade&amp;hl=pt-BR&amp;gl=BR&amp;ceid=BR%3Apt-419\"><strong><em>Google Not\u00edcias<\/em><\/strong><\/a><em>\u00a0e receba os principais destaques do dia. Participe tamb\u00e9m dos nossos canais no\u00a0<\/em><a href=\"https:\/\/www.whatsapp.com\/channel\/0029Va6Rb4v3WHTNnsh8WI3N\"><strong><em>WhatsApp<\/em><\/strong><\/a><em>\u00a0e\u00a0<\/em><a href=\"https:\/\/www.youtube.com\/@acordacidadenoticias\/videos\"><strong>YouTube<\/strong><\/a><em>\u00a0e grupo de\u00a0<\/em><a href=\"https:\/\/t.me\/+sSz0khrgARA0ZmRh\"><strong><em>Telegram<\/em><\/strong><\/a><em>.<\/em><\/p>\n<\/div>\n","protected":false},"excerpt":{"rendered":"<div>\n<div>\n<figure><img decoding=\"async\" src=\"https:\/\/www.acordacidade.com.br\/wp-content\/uploads\/2025\/01\/Joia-da-Princesa-estadio-gramado-1.jpg\" alt=\"Recuperacao do Gramado do Joia da Princesa\"><figcaption>Foto: Jorge Magalh\u00e3es<\/figcaption><\/figure>\n<\/div>\n<p>Ao todo, entre os jogos das rodadas 1, 2 e 3, a maior parte dos confrontos ter\u00e1 como palco a Arena Cajueiro e o Est\u00e1dio Joia da Princesa.<\/p><\/div>\n","protected":false},"author":1,"featured_media":128729,"comment_status":"closed","ping_status":"closed","sticky":false,"template":"","format":"gallery","meta":{"footnotes":""},"categories":[8,9,6,57,56,10],"tags":[],"class_list":["post-128728","post","type-post","status-publish","format-gallery","has-post-thumbnail","hentry","category-bahia","category-brasil","category-feira-de-santana","category-mundo","category-policia","category-politica","post_format-post-format-gallery"],"featured_image_urls":{"full":["https:\/\/noticiasbahia360.com.br\/wp-content\/uploads\/2026\/04\/Joia-da-Princesa-estadio-gramado-1.jpg",640,385,false],"thumbnail":["https:\/\/noticiasbahia360.com.br\/wp-content\/uploads\/2026\/04\/Joia-da-Princesa-estadio-gramado-1-150x150.jpg",150,150,true],"medium":["https:\/\/noticiasbahia360.com.br\/wp-content\/uploads\/2026\/04\/Joia-da-Princesa-estadio-gramado-1-300x180.jpg",300,180,true],"medium_large":["https:\/\/noticiasbahia360.com.br\/wp-content\/uploads\/2026\/04\/Joia-da-Princesa-estadio-gramado-1.jpg",640,385,false],"large":["https:\/\/noticiasbahia360.com.br\/wp-content\/uploads\/2026\/04\/Joia-da-Princesa-estadio-gramado-1.jpg",640,385,false],"1536x1536":["https:\/\/noticiasbahia360.com.br\/wp-content\/uploads\/2026\/04\/Joia-da-Princesa-estadio-gramado-1.jpg",640,385,false],"2048x2048":["https:\/\/noticiasbahia360.com.br\/wp-content\/uploads\/2026\/04\/Joia-da-Princesa-estadio-gramado-1.jpg",640,385,false],"chromenews-featured":["https:\/\/noticiasbahia360.com.br\/wp-content\/uploads\/2026\/04\/Joia-da-Princesa-estadio-gramado-1.jpg",640,385,false],"chromenews-large":["https:\/\/noticiasbahia360.com.br\/wp-content\/uploads\/2026\/04\/Joia-da-Princesa-estadio-gramado-1.jpg",640,385,false],"chromenews-medium":["https:\/\/noticiasbahia360.com.br\/wp-content\/uploads\/2026\/04\/Joia-da-Princesa-estadio-gramado-1-590x385.jpg",590,385,true]},"author_info":{"display_name":"noticiasbahia360.com.br","author_link":"https:\/\/noticiasbahia360.com.br\/?author=1"},"category_info":"<a href=\"https:\/\/noticiasbahia360.com.br\/?cat=8\" rel=\"category\">Bahia<\/a> <a href=\"https:\/\/noticiasbahia360.com.br\/?cat=9\" rel=\"category\">Brasil<\/a> <a href=\"https:\/\/noticiasbahia360.com.br\/?cat=6\" rel=\"category\">Feira de Santana<\/a> <a href=\"https:\/\/noticiasbahia360.com.br\/?cat=57\" rel=\"category\">Mundo<\/a> <a href=\"https:\/\/noticiasbahia360.com.br\/?cat=56\" rel=\"category\">Pol\u00edcia<\/a> <a href=\"https:\/\/noticiasbahia360.com.br\/?cat=10\" rel=\"category\">Pol\u00edtica<\/a>","tag_info":"Pol\u00edtica","comment_count":"0","_links":{"self":[{"href":"https:\/\/noticiasbahia360.com.br\/index.php?rest_route=\/wp\/v2\/posts\/128728","targetHints":{"allow":["GET"]}}],"collection":[{"href":"https:\/\/noticiasbahia360.com.br\/index.php?rest_route=\/wp\/v2\/posts"}],"about":[{"href":"https:\/\/noticiasbahia360.com.br\/index.php?rest_route=\/wp\/v2\/types\/post"}],"author":[{"embeddable":true,"href":"https:\/\/noticiasbahia360.com.br\/index.php?rest_route=\/wp\/v2\/users\/1"}],"replies":[{"embeddable":true,"href":"https:\/\/noticiasbahia360.com.br\/index.php?rest_route=%2Fwp%2Fv2%2Fcomments&post=128728"}],"version-history":[{"count":0,"href":"https:\/\/noticiasbahia360.com.br\/index.php?rest_route=\/wp\/v2\/posts\/128728\/revisions"}],"wp:featuredmedia":[{"embeddable":true,"href":"https:\/\/noticiasbahia360.com.br\/index.php?rest_route=\/wp\/v2\/media\/128729"}],"wp:attachment":[{"href":"https:\/\/noticiasbahia360.com.br\/index.php?rest_route=%2Fwp%2Fv2%2Fmedia&parent=128728"}],"wp:term":[{"taxonomy":"category","embeddable":true,"href":"https:\/\/noticiasbahia360.com.br\/index.php?rest_route=%2Fwp%2Fv2%2Fcategories&post=128728"},{"taxonomy":"post_tag","embeddable":true,"href":"https:\/\/noticiasbahia360.com.br\/index.php?rest_route=%2Fwp%2Fv2%2Ftags&post=128728"}],"curies":[{"name":"wp","href":"https:\/\/api.w.org\/{rel}","templated":true}]}}