{"id":128730,"date":"2026-04-28T15:41:10","date_gmt":"2026-04-28T18:41:10","guid":{"rendered":"https:\/\/noticiasbahia360.com.br\/?p=128730"},"modified":"2026-04-28T15:41:10","modified_gmt":"2026-04-28T18:41:10","slug":"estudantes-da-rede-estadual-tem-ate-esta-quarta-29-para-se-inscrever-nas-vagas-remanescentes-do-fies","status":"publish","type":"post","link":"https:\/\/noticiasbahia360.com.br\/?p=128730","title":{"rendered":"Estudantes da rede estadual t\u00eam at\u00e9 esta quarta (29) para se inscrever nas vagas remanescentes do Fies"},"content":{"rendered":"<div>\n<div>\n<figure><img decoding=\"async\" src=\"http:\/\/noticiasbahia360.com.br\/wp-content\/uploads\/2026\/04\/Fies-1.jpg\" alt=\"Fies\"><figcaption>Foto: Marcello Casal Jr\/ Ag\u00eancia Brasil <\/figcaption><\/figure>\n<\/div>\n<p>Os estudantes da Bahia que buscam financiamento para o Ensino Superior privado por meio do Fundo de Financiamento Estudantil (FIES) t\u00eam at\u00e9 esta quarta-feira (29) para se inscrever nas vagas remanescentes do primeiro semestre de 2026. O processo de cadastro \u00e9 gratuito e ocorre de forma digital pela p\u00e1gina do programa, no <a href=\"https:\/\/acessounico.mec.gov.br\/fies\">Portal Acesso \u00danico,<\/a> gerido pelo Minist\u00e9rio da Educa\u00e7\u00e3o (MEC).<\/p>\n<p>Para participar da sele\u00e7\u00e3o, os candidatos precisam atender a crit\u00e9rios espec\u00edficos estabelecidos em edital, como ter participado de alguma edi\u00e7\u00e3o do Exame Nacional do Ensino M\u00e9dio (ENEM) a partir de 2010 e apresentar nota m\u00e9dia igual ou superior a 450 pontos nas provas e nota acima de zero na reda\u00e7\u00e3o. Al\u00e9m disso, a renda familiar mensal bruta deve ser de at\u00e9 tr\u00eas sal\u00e1rios m\u00ednimos por pessoa. O estudante tamb\u00e9m precisa comprovar que possui condi\u00e7\u00f5es de cumprir a frequ\u00eancia m\u00ednima de 70% das aulas no curso escolhido ainda no atual semestre letivo.<\/p>\n<h3 class=\"wp-block-heading\" id=\"h-fies-social-e-acoes-afirmativas\">FIES Social e a\u00e7\u00f5es afirmativas<\/h3>\n<p>O processo seletivo conta com mecanismos de inclus\u00e3o importantes para o perfil demogr\u00e1fico da Bahia. Metade do total de vagas \u00e9 destinada ao FIES Social, modalidade que atende especificamente a candidatos com renda familiar per capita de at\u00e9 meio sal\u00e1rio m\u00ednimo e que possuam registro atualizado no Cadastro \u00danico para Programas Sociais do Governo Federal (Cad\u00danico). Os estudantes pr\u00e9-selecionados neste grupo podem conseguir financiamento de at\u00e9 100% dos custos do curso.<\/p>\n<p>O programa assegura, ainda, a reserva de cotas na ampla concorr\u00eancia e no FIES Social para candidatos autodeclarados pretos, pardos, ind\u00edgenas e quilombolas, bem como para pessoas com defici\u00eancia.<\/p>\n<h3 class=\"wp-block-heading\" id=\"h-cronograma-e-proximas-etapas\">Cronograma e pr\u00f3ximas etapas<\/h3>\n<p>A divulga\u00e7\u00e3o do resultado da chamada \u00fanica est\u00e1 prevista para o dia 7 de maio. Os candidatos que forem pr\u00e9-selecionados dever\u00e3o cumprir a etapa de valida\u00e7\u00e3o das informa\u00e7\u00f5es entre os dias 8 e 11 de maio. Esse procedimento deve ser realizado presencialmente na Comiss\u00e3o Permanente de Supervis\u00e3o e Acompanhamento (CPSA) da pr\u00f3pria institui\u00e7\u00e3o de Ensino Superior para a qual a vaga foi destinada.<\/p>\n<p>Ap\u00f3s a valida\u00e7\u00e3o na comiss\u00e3o da universidade, o estudante ter\u00e1 um prazo de at\u00e9 dez dias \u00fateis para concluir a verifica\u00e7\u00e3o dos dados junto ao banco para a formaliza\u00e7\u00e3o do contrato de financiamento.<\/p>\n<p><em>Siga o Acorda Cidade no\u00a0<\/em><a href=\"https:\/\/news.google.com\/search?q=acorda%20cidade&amp;hl=pt-BR&amp;gl=BR&amp;ceid=BR%3Apt-419\"><strong><em>Google Not\u00edcias<\/em><\/strong><\/a><em>\u00a0e receba os principais destaques do dia. Participe tamb\u00e9m dos nossos canais no\u00a0<\/em><a href=\"https:\/\/www.whatsapp.com\/channel\/0029Va6Rb4v3WHTNnsh8WI3N\"><strong><em>WhatsApp<\/em><\/strong><\/a><em>\u00a0e\u00a0<\/em><a href=\"https:\/\/www.youtube.com\/@acordacidadenoticias\/videos\"><strong>YouTube<\/strong><\/a><em>\u00a0e grupo de\u00a0<\/em><a href=\"https:\/\/t.me\/+sSz0khrgARA0ZmRh\"><strong><em>Telegram<\/em><\/strong><\/a><em>.<\/em><\/p>\n<\/div>\n","protected":false},"excerpt":{"rendered":"<div>\n<div>\n<figure><img decoding=\"async\" src=\"https:\/\/www.acordacidade.com.br\/wp-content\/uploads\/2023\/07\/04131515\/Fies.jpg\" alt=\"Fies\"><figcaption>Foto: Marcello Casal Jr\/ Ag\u00eancia Brasil <\/figcaption><\/figure>\n<\/div>\n<p>Para participar da sele\u00e7\u00e3o, os candidatos precisam atender a crit\u00e9rios espec\u00edficos estabelecidos em edital.<\/p><\/div>\n","protected":false},"author":1,"featured_media":128731,"comment_status":"closed","ping_status":"closed","sticky":false,"template":"","format":"gallery","meta":{"footnotes":""},"categories":[8,9,6,57,56,10],"tags":[],"class_list":["post-128730","post","type-post","status-publish","format-gallery","has-post-thumbnail","hentry","category-bahia","category-brasil","category-feira-de-santana","category-mundo","category-policia","category-politica","post_format-post-format-gallery"],"featured_image_urls":{"full":["https:\/\/noticiasbahia360.com.br\/wp-content\/uploads\/2026\/04\/Fies-1.jpg",640,382,false],"thumbnail":["https:\/\/noticiasbahia360.com.br\/wp-content\/uploads\/2026\/04\/Fies-1-150x150.jpg",150,150,true],"medium":["https:\/\/noticiasbahia360.com.br\/wp-content\/uploads\/2026\/04\/Fies-1-300x179.jpg",300,179,true],"medium_large":["https:\/\/noticiasbahia360.com.br\/wp-content\/uploads\/2026\/04\/Fies-1.jpg",640,382,false],"large":["https:\/\/noticiasbahia360.com.br\/wp-content\/uploads\/2026\/04\/Fies-1.jpg",640,382,false],"1536x1536":["https:\/\/noticiasbahia360.com.br\/wp-content\/uploads\/2026\/04\/Fies-1.jpg",640,382,false],"2048x2048":["https:\/\/noticiasbahia360.com.br\/wp-content\/uploads\/2026\/04\/Fies-1.jpg",640,382,false],"chromenews-featured":["https:\/\/noticiasbahia360.com.br\/wp-content\/uploads\/2026\/04\/Fies-1.jpg",640,382,false],"chromenews-large":["https:\/\/noticiasbahia360.com.br\/wp-content\/uploads\/2026\/04\/Fies-1.jpg",640,382,false],"chromenews-medium":["https:\/\/noticiasbahia360.com.br\/wp-content\/uploads\/2026\/04\/Fies-1-590x382.jpg",590,382,true]},"author_info":{"display_name":"noticiasbahia360.com.br","author_link":"https:\/\/noticiasbahia360.com.br\/?author=1"},"category_info":"<a href=\"https:\/\/noticiasbahia360.com.br\/?cat=8\" rel=\"category\">Bahia<\/a> <a href=\"https:\/\/noticiasbahia360.com.br\/?cat=9\" rel=\"category\">Brasil<\/a> <a href=\"https:\/\/noticiasbahia360.com.br\/?cat=6\" rel=\"category\">Feira de Santana<\/a> <a href=\"https:\/\/noticiasbahia360.com.br\/?cat=57\" rel=\"category\">Mundo<\/a> <a href=\"https:\/\/noticiasbahia360.com.br\/?cat=56\" rel=\"category\">Pol\u00edcia<\/a> <a href=\"https:\/\/noticiasbahia360.com.br\/?cat=10\" rel=\"category\">Pol\u00edtica<\/a>","tag_info":"Pol\u00edtica","comment_count":"0","_links":{"self":[{"href":"https:\/\/noticiasbahia360.com.br\/index.php?rest_route=\/wp\/v2\/posts\/128730","targetHints":{"allow":["GET"]}}],"collection":[{"href":"https:\/\/noticiasbahia360.com.br\/index.php?rest_route=\/wp\/v2\/posts"}],"about":[{"href":"https:\/\/noticiasbahia360.com.br\/index.php?rest_route=\/wp\/v2\/types\/post"}],"author":[{"embeddable":true,"href":"https:\/\/noticiasbahia360.com.br\/index.php?rest_route=\/wp\/v2\/users\/1"}],"replies":[{"embeddable":true,"href":"https:\/\/noticiasbahia360.com.br\/index.php?rest_route=%2Fwp%2Fv2%2Fcomments&post=128730"}],"version-history":[{"count":0,"href":"https:\/\/noticiasbahia360.com.br\/index.php?rest_route=\/wp\/v2\/posts\/128730\/revisions"}],"wp:featuredmedia":[{"embeddable":true,"href":"https:\/\/noticiasbahia360.com.br\/index.php?rest_route=\/wp\/v2\/media\/128731"}],"wp:attachment":[{"href":"https:\/\/noticiasbahia360.com.br\/index.php?rest_route=%2Fwp%2Fv2%2Fmedia&parent=128730"}],"wp:term":[{"taxonomy":"category","embeddable":true,"href":"https:\/\/noticiasbahia360.com.br\/index.php?rest_route=%2Fwp%2Fv2%2Fcategories&post=128730"},{"taxonomy":"post_tag","embeddable":true,"href":"https:\/\/noticiasbahia360.com.br\/index.php?rest_route=%2Fwp%2Fv2%2Ftags&post=128730"}],"curies":[{"name":"wp","href":"https:\/\/api.w.org\/{rel}","templated":true}]}} 