{"id":128732,"date":"2026-04-28T15:46:07","date_gmt":"2026-04-28T18:46:07","guid":{"rendered":"https:\/\/noticiasbahia360.com.br\/?p=128732"},"modified":"2026-04-28T15:46:07","modified_gmt":"2026-04-28T18:46:07","slug":"estudante-de-15-anos-e-morto-em-feira-de-santana-outro-adolescente-foi-baleado","status":"publish","type":"post","link":"https:\/\/noticiasbahia360.com.br\/?p=128732","title":{"rendered":"Estudante de 15 anos \u00e9 morto em Feira de Santana; outro adolescente foi baleado"},"content":{"rendered":"<div>\n<div>\n<figure><img decoding=\"async\" src=\"http:\/\/noticiasbahia360.com.br\/wp-content\/uploads\/2026\/04\/Daniel-Lobo-de-Jesus-Foto-Reproducao-280426.jpg\" alt=\"Daniel L\u00f4bo de Jesus\"><figcaption>Daniel L\u00f4bo de Jesus | Foto: Reprodu\u00e7\u00e3o<\/figcaption><\/figure>\n<\/div>\n<p>Um adolescente, Daniel L\u00f4bo de Jesus, de 15 anos, foi morto a tiros na manh\u00e3 desta ter\u00e7a-feira (28), no bairro Sobradinho, em Feira de Santana.<\/p>\n<p>Segundo informa\u00e7\u00f5es apuradas pelo Acorda Cidade, outro jovem, tamb\u00e9m de 15 anos, foi baleado no pesco\u00e7o e socorrido inicialmente para a Policl\u00ednica do George Am\u00e9rico. Logo depois, ele foi transferido para o Hospital Estadual da Crian\u00e7a (HEC).<\/p>\n<p>Ao Acorda Cidade, a delegada Fernanda Gabriela, adjunta da Delegacia de Homic\u00eddios, falou sobre os primeiros detalhes do caso.<\/p>\n<figure class=\"wp-block-image size-full\"><img fetchpriority=\"high\" fetchpriority=\"high\" decoding=\"async\" width=\"1200\" height=\"753\" src=\"http:\/\/noticiasbahia360.com.br\/wp-content\/uploads\/2026\/04\/Estudante-de-15-anos-e-morto-em-Feira-de-Santana-Foto-Reproducao-Redes-Sociais-3-280426.jpg\" alt=\"Estudante de 15 anos \u00e9 morto em Feira de Santana\" class=\"wp-image-650778\" srcset=\"http:\/\/noticiasbahia360.com.br\/wp-content\/uploads\/2026\/04\/Estudante-de-15-anos-e-morto-em-Feira-de-Santana-Foto-Reproducao-Redes-Sociais-3-280426.jpg 1200w, https:\/\/uploads.acordacidade.com.br\/2026\/04\/Estudante-de-15-anos-e-morto-em-Feira-de-Santana-Foto-Reproducao-Redes-Sociais-3-280426-750x471.jpg 750w, https:\/\/uploads.acordacidade.com.br\/2026\/04\/Estudante-de-15-anos-e-morto-em-Feira-de-Santana-Foto-Reproducao-Redes-Sociais-3-280426-1000x628.jpg 1000w, https:\/\/uploads.acordacidade.com.br\/2026\/04\/Estudante-de-15-anos-e-morto-em-Feira-de-Santana-Foto-Reproducao-Redes-Sociais-3-280426-450x282.jpg 450w, https:\/\/uploads.acordacidade.com.br\/2026\/04\/Estudante-de-15-anos-e-morto-em-Feira-de-Santana-Foto-Reproducao-Redes-Sociais-3-280426-150x94.jpg 150w\" sizes=\"(max-width: 1200px) 100vw, 1200px\"><figcaption class=\"wp-element-caption\">Foto: Reprodu\u00e7\u00e3o\/ Redes Sociais<\/figcaption><\/figure>\n<p>De acordo com as informa\u00e7\u00f5es, a v\u00edtima que veio a \u00f3bito foi baleada em frente ao Col\u00e9gio Estadual Assis Chateaubriand, no sentido da Avenida Eduardo Fr\u00f3es da Mota. J\u00e1 baleado, Daniel tentou fugir pela Rua Amaralina, entrou em um estabelecimento para se abrigar, mas n\u00e3o resistiu aos ferimentos e morreu no local.<\/p>\n<p>Ainda segundo apura\u00e7\u00e3o do Acorda Cidade, apesar de ter sido atingido com um tiro no pesco\u00e7o, o outro adolescente baleado est\u00e1 l\u00facido, inclusive, falando.<\/p>\n<figure class=\"wp-block-image size-full\"><img decoding=\"async\" width=\"1200\" height=\"675\" src=\"http:\/\/noticiasbahia360.com.br\/wp-content\/uploads\/2026\/04\/Delegada-Fernanda-Gabriela-Foto-Ed-Santos-Acorda-Cidade-280426.jpg\" alt=\"Delegada Fernanda Gabriela\" class=\"wp-image-650767\" srcset=\"http:\/\/noticiasbahia360.com.br\/wp-content\/uploads\/2026\/04\/Delegada-Fernanda-Gabriela-Foto-Ed-Santos-Acorda-Cidade-280426.jpg 1200w, https:\/\/uploads.acordacidade.com.br\/2026\/04\/Delegada-Fernanda-Gabriela-Foto-Ed-Santos-Acorda-Cidade-280426-750x422.jpg 750w, https:\/\/uploads.acordacidade.com.br\/2026\/04\/Delegada-Fernanda-Gabriela-Foto-Ed-Santos-Acorda-Cidade-280426-1000x563.jpg 1000w, https:\/\/uploads.acordacidade.com.br\/2026\/04\/Delegada-Fernanda-Gabriela-Foto-Ed-Santos-Acorda-Cidade-280426-450x253.jpg 450w, https:\/\/uploads.acordacidade.com.br\/2026\/04\/Delegada-Fernanda-Gabriela-Foto-Ed-Santos-Acorda-Cidade-280426-150x84.jpg 150w\" sizes=\"(max-width: 1200px) 100vw, 1200px\"><figcaption class=\"wp-element-caption\">Delegada Fernanda Gabriela | Foto: Ed Santos\/ Acorda Cidade <\/figcaption><\/figure>\n<p>\u201cEle est\u00e1 falando, l\u00facido e, inclusive, passou essas informa\u00e7\u00f5es para a equipe. Ele disse que n\u00e3o conhece os elementos. Provavelmente, os suspeitos j\u00e1 estavam no aguardo desses jovens.\u201d<\/p>\n<p>Os dois estudantes s\u00e3o moradores do George Am\u00e9rico.<\/p>\n<p>\u201cDois jovens, ambos de 15 anos, ao sa\u00edrem do Col\u00e9gio Assis, foram surpreendidos por alguns indiv\u00edduos que dispararam contra eles. Um desses jovens correu cerca de 100 metros, caiu no interior de uma loja e foi a \u00f3bito. O outro foi socorrido at\u00e9 o hospital, onde se encontra est\u00e1vel e sem risco de morte\u201d, confirmou a delegada.<\/p>\n<figure class=\"wp-block-image size-full\"><img decoding=\"async\" width=\"1200\" height=\"675\" src=\"http:\/\/noticiasbahia360.com.br\/wp-content\/uploads\/2026\/04\/Estudante-de-15-anos-e-morto-em-Feira-de-Santana-Foto-Ed-Santos-Acorda-Cidade-280426.jpg\" alt=\"Estudante de 15 anos \u00e9 morto em Feira de Santana\" class=\"wp-image-650768\" srcset=\"http:\/\/noticiasbahia360.com.br\/wp-content\/uploads\/2026\/04\/Estudante-de-15-anos-e-morto-em-Feira-de-Santana-Foto-Ed-Santos-Acorda-Cidade-280426.jpg 1200w, https:\/\/uploads.acordacidade.com.br\/2026\/04\/Estudante-de-15-anos-e-morto-em-Feira-de-Santana-Foto-Ed-Santos-Acorda-Cidade-280426-750x422.jpg 750w, https:\/\/uploads.acordacidade.com.br\/2026\/04\/Estudante-de-15-anos-e-morto-em-Feira-de-Santana-Foto-Ed-Santos-Acorda-Cidade-280426-1000x563.jpg 1000w, https:\/\/uploads.acordacidade.com.br\/2026\/04\/Estudante-de-15-anos-e-morto-em-Feira-de-Santana-Foto-Ed-Santos-Acorda-Cidade-280426-450x253.jpg 450w, https:\/\/uploads.acordacidade.com.br\/2026\/04\/Estudante-de-15-anos-e-morto-em-Feira-de-Santana-Foto-Ed-Santos-Acorda-Cidade-280426-150x84.jpg 150w\" sizes=\"(max-width: 1200px) 100vw, 1200px\"><figcaption class=\"wp-element-caption\">Foto: Ed Santos\/ Acorda Cidade <\/figcaption><\/figure>\n<p>Segundo a Gabriela, os estudantes estavam saindo, por volta do meio-dia, do col\u00e9gio quando foram surpreendidos por quatro homens armados, a p\u00e9. A pol\u00edcia j\u00e1 trabalha com a suspeita de que os poss\u00edveis autores possam ser envolvidos com fac\u00e7\u00f5es criminosas.<\/p>\n<p>\u201cEles foram surpreendidos por alguns indiv\u00edduos, que os interpelaram perguntando a respeito de fac\u00e7\u00e3o criminosa, mandando que fizessem sinais e, ap\u00f3s isso, um deles atirou contra esses rapazes.\u201d<\/p>\n<figure class=\"wp-block-image size-full\"><img decoding=\"async\" width=\"1200\" height=\"675\" src=\"http:\/\/noticiasbahia360.com.br\/wp-content\/uploads\/2026\/04\/Estudante-de-15-anos-e-morto-em-Feira-de-Santana-Foto-Ed-Santos-Acorda-Cidade-2-280426.jpg\" alt=\"Estudante de 15 anos \u00e9 morto em Feira de Santana\" class=\"wp-image-650770\" srcset=\"http:\/\/noticiasbahia360.com.br\/wp-content\/uploads\/2026\/04\/Estudante-de-15-anos-e-morto-em-Feira-de-Santana-Foto-Ed-Santos-Acorda-Cidade-2-280426.jpg 1200w, https:\/\/uploads.acordacidade.com.br\/2026\/04\/Estudante-de-15-anos-e-morto-em-Feira-de-Santana-Foto-Ed-Santos-Acorda-Cidade-2-280426-750x422.jpg 750w, https:\/\/uploads.acordacidade.com.br\/2026\/04\/Estudante-de-15-anos-e-morto-em-Feira-de-Santana-Foto-Ed-Santos-Acorda-Cidade-2-280426-1000x563.jpg 1000w, https:\/\/uploads.acordacidade.com.br\/2026\/04\/Estudante-de-15-anos-e-morto-em-Feira-de-Santana-Foto-Ed-Santos-Acorda-Cidade-2-280426-450x253.jpg 450w, https:\/\/uploads.acordacidade.com.br\/2026\/04\/Estudante-de-15-anos-e-morto-em-Feira-de-Santana-Foto-Ed-Santos-Acorda-Cidade-2-280426-150x84.jpg 150w\" sizes=\"(max-width: 1200px) 100vw, 1200px\"><figcaption class=\"wp-element-caption\">Foto: Ed Santos\/ Acorda Cidade<\/figcaption><\/figure>\n<p>Ainda segundo a delegada, a pol\u00edcia est\u00e1 nas ruas para localizar os suspeitos, que fugiram pela Rua Landulfo Alves, no sentido da Rua Volunt\u00e1rios da P\u00e1tria.<\/p>\n<p>O Departamento de Pol\u00edcia T\u00e9cnica esteve no local e presidiu o levantamento cadav\u00e9rico. Agora, a Pol\u00edcia Civil segue investigando o caso.<\/p>\n<p><em>Com informa\u00e7\u00f5es do rep\u00f3rter Ed Santos, do Acorda Cidade<\/em><\/p>\n<p><em>Siga o Acorda Cidade no<\/em><a href=\"https:\/\/news.google.com\/search?q=acorda%20cidade&amp;hl=pt-BR&amp;gl=BR&amp;ceid=BR%3Apt-419\"><strong><em>\u00a0Google Not\u00edcias<\/em><\/strong><\/a><em>\u00a0e receba os principais destaques do dia. Participe tamb\u00e9m dos nossos canais no\u00a0<\/em><a href=\"https:\/\/www.whatsapp.com\/channel\/0029Va6Rb4v3WHTNnsh8WI3N\"><strong><em>WhatsApp<\/em><\/strong><\/a><em>\u00a0e\u00a0<\/em><a href=\"https:\/\/www.youtube.com\/@acordacidadenoticias\/videos\"><strong>YouTube<\/strong><\/a><em>\u00a0e grupo de\u00a0<\/em><a href=\"https:\/\/t.me\/+sSz0khrgARA0ZmRh\"><strong><em>Telegram<\/em><\/strong><\/a><em>.<\/em><\/p>\n<\/div>\n","protected":false},"excerpt":{"rendered":"<div>\n<div>\n<figure><img decoding=\"async\" src=\"https:\/\/uploads.acordacidade.com.br\/2026\/04\/Daniel-Lobo-de-Jesus-Foto-Reproducao-280426.jpg\" alt=\"Daniel L\u00f4bo de Jesus\"><figcaption>Daniel L\u00f4bo de Jesus | Foto: Reprodu\u00e7\u00e3o<\/figcaption><\/figure>\n<\/div>\n<p>J\u00e1 baleado, o adolescente tentou fugir pela Rua Amaralina, entrou em um loja, mas n\u00e3o resistiu aos ferimentos e morreu no local.<\/p><\/div>\n","protected":false},"author":1,"featured_media":128733,"comment_status":"closed","ping_status":"closed","sticky":false,"template":"","format":"gallery","meta":{"footnotes":""},"categories":[8,9,6,57,56,10],"tags":[],"class_list":["post-128732","post","type-post","status-publish","format-gallery","has-post-thumbnail","hentry","category-bahia","category-brasil","category-feira-de-santana","category-mundo","category-policia","category-politica","post_format-post-format-gallery"],"featured_image_urls":{"full":["https:\/\/noticiasbahia360.com.br\/wp-content\/uploads\/2026\/04\/Daniel-Lobo-de-Jesus-Foto-Reproducao-280426.jpg",1200,753,false],"thumbnail":["https:\/\/noticiasbahia360.com.br\/wp-content\/uploads\/2026\/04\/Daniel-Lobo-de-Jesus-Foto-Reproducao-280426-150x150.jpg",150,150,true],"medium":["https:\/\/noticiasbahia360.com.br\/wp-content\/uploads\/2026\/04\/Daniel-Lobo-de-Jesus-Foto-Reproducao-280426-300x188.jpg",300,188,true],"medium_large":["https:\/\/noticiasbahia360.com.br\/wp-content\/uploads\/2026\/04\/Daniel-Lobo-de-Jesus-Foto-Reproducao-280426-768x482.jpg",640,402,true],"large":["https:\/\/noticiasbahia360.com.br\/wp-content\/uploads\/2026\/04\/Daniel-Lobo-de-Jesus-Foto-Reproducao-280426-1024x643.jpg",640,402,true],"1536x1536":["https:\/\/noticiasbahia360.com.br\/wp-content\/uploads\/2026\/04\/Daniel-Lobo-de-Jesus-Foto-Reproducao-280426.jpg",1200,753,false],"2048x2048":["https:\/\/noticiasbahia360.com.br\/wp-content\/uploads\/2026\/04\/Daniel-Lobo-de-Jesus-Foto-Reproducao-280426.jpg",1200,753,false],"chromenews-featured":["https:\/\/noticiasbahia360.com.br\/wp-content\/uploads\/2026\/04\/Daniel-Lobo-de-Jesus-Foto-Reproducao-280426-1024x643.jpg",1024,643,true],"chromenews-large":["https:\/\/noticiasbahia360.com.br\/wp-content\/uploads\/2026\/04\/Daniel-Lobo-de-Jesus-Foto-Reproducao-280426-825x575.jpg",825,575,true],"chromenews-medium":["https:\/\/noticiasbahia360.com.br\/wp-content\/uploads\/2026\/04\/Daniel-Lobo-de-Jesus-Foto-Reproducao-280426-590x410.jpg",590,410,true]},"author_info":{"display_name":"noticiasbahia360.com.br","author_link":"https:\/\/noticiasbahia360.com.br\/?author=1"},"category_info":"<a href=\"https:\/\/noticiasbahia360.com.br\/?cat=8\" rel=\"category\">Bahia<\/a> <a href=\"https:\/\/noticiasbahia360.com.br\/?cat=9\" rel=\"category\">Brasil<\/a> <a href=\"https:\/\/noticiasbahia360.com.br\/?cat=6\" rel=\"category\">Feira de Santana<\/a> <a href=\"https:\/\/noticiasbahia360.com.br\/?cat=57\" rel=\"category\">Mundo<\/a> <a href=\"https:\/\/noticiasbahia360.com.br\/?cat=56\" rel=\"category\">Pol\u00edcia<\/a> <a href=\"https:\/\/noticiasbahia360.com.br\/?cat=10\" rel=\"category\">Pol\u00edtica<\/a>","tag_info":"Pol\u00edtica","comment_count":"0","_links":{"self":[{"href":"https:\/\/noticiasbahia360.com.br\/index.php?rest_route=\/wp\/v2\/posts\/128732","targetHints":{"allow":["GET"]}}],"collection":[{"href":"https:\/\/noticiasbahia360.com.br\/index.php?rest_route=\/wp\/v2\/posts"}],"about":[{"href":"https:\/\/noticiasbahia360.com.br\/index.php?rest_route=\/wp\/v2\/types\/post"}],"author":[{"embeddable":true,"href":"https:\/\/noticiasbahia360.com.br\/index.php?rest_route=\/wp\/v2\/users\/1"}],"replies":[{"embeddable":true,"href":"https:\/\/noticiasbahia360.com.br\/index.php?rest_route=%2Fwp%2Fv2%2Fcomments&post=128732"}],"version-history":[{"count":0,"href":"https:\/\/noticiasbahia360.com.br\/index.php?rest_route=\/wp\/v2\/posts\/128732\/revisions"}],"wp:featuredmedia":[{"embeddable":true,"href":"https:\/\/noticiasbahia360.com.br\/index.php?rest_route=\/wp\/v2\/media\/128733"}],"wp:attachment":[{"href":"https:\/\/noticiasbahia360.com.br\/index.php?rest_route=%2Fwp%2Fv2%2Fmedia&parent=128732"}],"wp:term":[{"taxonomy":"category","embeddable":true,"href":"https:\/\/noticiasbahia360.com.br\/index.php?rest_route=%2Fwp%2Fv2%2Fcategories&post=128732"},{"taxonomy":"post_tag","embeddable":true,"href":"https:\/\/noticiasbahia360.com.br\/index.php?rest_route=%2Fwp%2Fv2%2Ftags&post=128732"}],"curies":[{"name":"wp","href":"https:\/\/api.w.org\/{rel}","templated":true}]}}