{"id":128738,"date":"2026-04-28T15:52:44","date_gmt":"2026-04-28T18:52:44","guid":{"rendered":"https:\/\/noticiasbahia360.com.br\/?p=128738"},"modified":"2026-04-28T15:52:44","modified_gmt":"2026-04-28T18:52:44","slug":"bahia-farm-show-chega-a-20a-edicao-e-deve-ser-a-maior-da-historia","status":"publish","type":"post","link":"https:\/\/noticiasbahia360.com.br\/?p=128738","title":{"rendered":"Bahia Farm Show chega \u00e0 20\u00aa edi\u00e7\u00e3o e deve ser a maior da hist\u00f3ria"},"content":{"rendered":"<div>\n<div>\n<figure><img decoding=\"async\" src=\"http:\/\/noticiasbahia360.com.br\/wp-content\/uploads\/2026\/04\/Bahia-Farm-Show.jpg\" alt=\"Bahia Farm Show\"><figcaption>Foto: Rebeca Falc\u00e3o\/ Seagri<\/figcaption><\/figure>\n<\/div>\n<p>O governador Jer\u00f4nimo Rodrigues e a Associa\u00e7\u00e3o de Agricultores e Irrigantes da Bahia (Aiba) lan\u00e7aram, nesta segunda-feira (27), a 20\u00aa edi\u00e7\u00e3o da Bahia Farm Show, que promete ser a maior da hist\u00f3ria do evento. Com 380 mil metros quadrados \u2014 35% a mais do que na edi\u00e7\u00e3o anterior \u2014, a feira ser\u00e1 realizada de 8 a 13 de junho, em <a href=\"https:\/\/www.acordacidade.com.br\/tag\/luis-eduardo-magalhaes\/\" type=\"post_tag\" id=\"137287\">Lu\u00eds Eduardo Magalh\u00e3es<\/a>, no oeste baiano.<\/p>\n<p>\u201cEstamos acompanhando de perto o crescimento do agro baiano, e a Bahia Farm Show \u00e9 uma vitrine do que se produz em tecnologia, rela\u00e7\u00f5es e produtos. \u00c9 uma oportunidade de gerar emprego, renda e desenvolvimento em todas as regi\u00f5es do estado\u201d, afirmou Jer\u00f4nimo Rodrigues.<\/p>\n<figure class=\"wp-block-image size-full\"><img fetchpriority=\"high\" fetchpriority=\"high\" decoding=\"async\" width=\"1200\" height=\"799\" src=\"http:\/\/noticiasbahia360.com.br\/wp-content\/uploads\/2026\/04\/Bahia-Farm-Show-1.jpg\" alt=\"Bahia Farm Show\" class=\"wp-image-650780\" srcset=\"http:\/\/noticiasbahia360.com.br\/wp-content\/uploads\/2026\/04\/Bahia-Farm-Show-1.jpg 1200w, https:\/\/uploads.acordacidade.com.br\/2026\/04\/Bahia-Farm-Show-1-750x499.jpg 750w, https:\/\/uploads.acordacidade.com.br\/2026\/04\/Bahia-Farm-Show-1-1000x666.jpg 1000w, https:\/\/uploads.acordacidade.com.br\/2026\/04\/Bahia-Farm-Show-1-450x300.jpg 450w, https:\/\/uploads.acordacidade.com.br\/2026\/04\/Bahia-Farm-Show-1-150x100.jpg 150w\" sizes=\"(max-width: 1200px) 100vw, 1200px\"><figcaption class=\"wp-element-caption\">Foto: Rebeca Falc\u00e3o\/ Seagri<\/figcaption><\/figure>\n<p>O secret\u00e1rio da Seagri, Vivaldo Gois, destacou que a feira \u00e9 resultado da parceria entre o setor produtivo e o poder p\u00fablico. <\/p>\n<blockquote class=\"wp-block-quote is-layout-flow wp-block-quote-is-layout-flow\">\n<p>\u201cOs produtores do oeste e de toda a Bahia, a Aiba e o Governo do Estado est\u00e3o unidos para levar o agroneg\u00f3cio baiano para o Brasil e para o mundo\u201d, disse.<\/p>\n<\/blockquote>\n<p>A secretaria estar\u00e1 presente na Bahia Farm Show por dos servi\u00e7os oferecidos pelo Centro Tecnol\u00f3gico Agropecu\u00e1rio do Estado (Cetab),\u00a0da Ag\u00eancia de Defesa Agropecu\u00e1ria da Bahia (Adab) e da Bahia Pesca. Al\u00e9m da Seagri, o Governo tamb\u00e9m marcar\u00e1 presen\u00e7a com outros \u00f3rg\u00e3os, atuando no atendimento a produtores, na oferta de linhas de cr\u00e9dito para aquisi\u00e7\u00e3o de m\u00e1quinas e na assinatura de conv\u00eanios.<\/p>\n<figure class=\"wp-block-image size-full\"><img decoding=\"async\" width=\"1200\" height=\"800\" src=\"http:\/\/noticiasbahia360.com.br\/wp-content\/uploads\/2026\/04\/Bahia-Farm-Show-2.jpg\" alt=\"Bahia Farm Show\" class=\"wp-image-650782\" srcset=\"http:\/\/noticiasbahia360.com.br\/wp-content\/uploads\/2026\/04\/Bahia-Farm-Show-2.jpg 1200w, https:\/\/uploads.acordacidade.com.br\/2026\/04\/Bahia-Farm-Show-2-750x500.jpg 750w, https:\/\/uploads.acordacidade.com.br\/2026\/04\/Bahia-Farm-Show-2-1000x667.jpg 1000w, https:\/\/uploads.acordacidade.com.br\/2026\/04\/Bahia-Farm-Show-2-450x300.jpg 450w, https:\/\/uploads.acordacidade.com.br\/2026\/04\/Bahia-Farm-Show-2-150x100.jpg 150w\" sizes=\"(max-width: 1200px) 100vw, 1200px\"><figcaption class=\"wp-element-caption\">Foto: Rebeca Falc\u00e3o\/ Seagri<\/figcaption><\/figure>\n<p>Sob o tema \u201cSomos Um S\u00f3\u201d, a feira reunir\u00e1 produtores, investidores, institui\u00e7\u00f5es financeiras e representantes do poder p\u00fablico em torno das principais inova\u00e7\u00f5es para o campo. A movimenta\u00e7\u00e3o econ\u00f4mica esperada \u00e9 de R$ 180 milh\u00f5es, com oportunidades de neg\u00f3cios em cadeias como soja, algod\u00e3o, caf\u00e9, pecu\u00e1ria e agroenergia.<\/p>\n<p>Organizada pela Aiba, com apoio do Governo do Estado, a feira deve reunir mais de 500 expositores, 1.400 marcas e um p\u00fablico estimado em 160 mil visitantes. Entre as novidades de infraestrutura est\u00e3o solu\u00e7\u00f5es de mobilidade el\u00e9trica, monitoramento por intelig\u00eancia artificial e conectividade por fibra \u00f3ptica em todo o parque.<\/p>\n<p>Presidente da Aiba e da Bahia Farm Show, Mois\u00e9s Schmidt enfatizou a parceria com o poder p\u00fablico na realiza\u00e7\u00e3o do evento. \u201cA Bahia Farm Show \u00e9 constru\u00edda de forma coletiva, com a participa\u00e7\u00e3o importante do Governo do Estado. Esse apoio \u00e9 essencial para ampliar a estrutura da feira e atrair mais investimentos\u201d, afirmou.<\/p>\n<p>Representando a equipe da Seagri no lan\u00e7amento do Bahia Farm Show, estiveram presentes a chefe de gabinete Jorgete Costa; os superintendentes Adriano Bouzas e Fernanda Teles; os diretores Djalma Pereira e Assis Pinheiro e os assessores especiais Paulo Em\u00edlio Torres e Katia Lima.<\/p>\n<p><em>Siga o Acorda Cidade no<\/em><a href=\"https:\/\/news.google.com\/search?q=acorda%20cidade&amp;hl=pt-BR&amp;gl=BR&amp;ceid=BR%3Apt-419\"><strong><em>\u00a0Google Not\u00edcias<\/em><\/strong><\/a><em>\u00a0e receba os principais destaques do dia. Participe tamb\u00e9m dos nossos canais no\u00a0<\/em><a href=\"https:\/\/www.whatsapp.com\/channel\/0029Va6Rb4v3WHTNnsh8WI3N\"><strong><em>WhatsApp<\/em><\/strong><\/a><em>\u00a0e\u00a0<\/em><a href=\"https:\/\/www.youtube.com\/@acordacidadenoticias\/videos\"><strong>YouTube<\/strong><\/a><em>\u00a0e grupo de\u00a0<\/em><a href=\"https:\/\/t.me\/+sSz0khrgARA0ZmRh\"><strong><em>Telegram<\/em><\/strong><\/a><em>.<\/em><\/p>\n<\/div>\n","protected":false},"excerpt":{"rendered":"<div>\n<div>\n<figure><img decoding=\"async\" src=\"https:\/\/uploads.acordacidade.com.br\/2026\/04\/Bahia-Farm-Show.jpg\" alt=\"Bahia Farm Show\"><figcaption>Foto: Rebeca Falc\u00e3o\/ Seagri<\/figcaption><\/figure>\n<\/div>\n<p>O secret\u00e1rio da Seagri, Vivaldo Gois, destacou que a feira \u00e9 resultado da parceria entre o setor produtivo e o poder p\u00fablico.<\/p><\/div>\n","protected":false},"author":1,"featured_media":128739,"comment_status":"closed","ping_status":"closed","sticky":false,"template":"","format":"gallery","meta":{"footnotes":""},"categories":[8,9,6,57,56,10],"tags":[],"class_list":["post-128738","post","type-post","status-publish","format-gallery","has-post-thumbnail","hentry","category-bahia","category-brasil","category-feira-de-santana","category-mundo","category-policia","category-politica","post_format-post-format-gallery"],"featured_image_urls":{"full":["https:\/\/noticiasbahia360.com.br\/wp-content\/uploads\/2026\/04\/Bahia-Farm-Show.jpg",1200,800,false],"thumbnail":["https:\/\/noticiasbahia360.com.br\/wp-content\/uploads\/2026\/04\/Bahia-Farm-Show-150x150.jpg",150,150,true],"medium":["https:\/\/noticiasbahia360.com.br\/wp-content\/uploads\/2026\/04\/Bahia-Farm-Show-300x200.jpg",300,200,true],"medium_large":["https:\/\/noticiasbahia360.com.br\/wp-content\/uploads\/2026\/04\/Bahia-Farm-Show-768x512.jpg",640,427,true],"large":["https:\/\/noticiasbahia360.com.br\/wp-content\/uploads\/2026\/04\/Bahia-Farm-Show-1024x683.jpg",640,427,true],"1536x1536":["https:\/\/noticiasbahia360.com.br\/wp-content\/uploads\/2026\/04\/Bahia-Farm-Show.jpg",1200,800,false],"2048x2048":["https:\/\/noticiasbahia360.com.br\/wp-content\/uploads\/2026\/04\/Bahia-Farm-Show.jpg",1200,800,false],"chromenews-featured":["https:\/\/noticiasbahia360.com.br\/wp-content\/uploads\/2026\/04\/Bahia-Farm-Show-1024x683.jpg",1024,683,true],"chromenews-large":["https:\/\/noticiasbahia360.com.br\/wp-content\/uploads\/2026\/04\/Bahia-Farm-Show-825x575.jpg",825,575,true],"chromenews-medium":["https:\/\/noticiasbahia360.com.br\/wp-content\/uploads\/2026\/04\/Bahia-Farm-Show-590x410.jpg",590,410,true]},"author_info":{"display_name":"noticiasbahia360.com.br","author_link":"https:\/\/noticiasbahia360.com.br\/?author=1"},"category_info":"<a href=\"https:\/\/noticiasbahia360.com.br\/?cat=8\" rel=\"category\">Bahia<\/a> <a href=\"https:\/\/noticiasbahia360.com.br\/?cat=9\" rel=\"category\">Brasil<\/a> <a href=\"https:\/\/noticiasbahia360.com.br\/?cat=6\" rel=\"category\">Feira de Santana<\/a> <a href=\"https:\/\/noticiasbahia360.com.br\/?cat=57\" rel=\"category\">Mundo<\/a> <a href=\"https:\/\/noticiasbahia360.com.br\/?cat=56\" rel=\"category\">Pol\u00edcia<\/a> <a href=\"https:\/\/noticiasbahia360.com.br\/?cat=10\" rel=\"category\">Pol\u00edtica<\/a>","tag_info":"Pol\u00edtica","comment_count":"0","_links":{"self":[{"href":"https:\/\/noticiasbahia360.com.br\/index.php?rest_route=\/wp\/v2\/posts\/128738","targetHints":{"allow":["GET"]}}],"collection":[{"href":"https:\/\/noticiasbahia360.com.br\/index.php?rest_route=\/wp\/v2\/posts"}],"about":[{"href":"https:\/\/noticiasbahia360.com.br\/index.php?rest_route=\/wp\/v2\/types\/post"}],"author":[{"embeddable":true,"href":"https:\/\/noticiasbahia360.com.br\/index.php?rest_route=\/wp\/v2\/users\/1"}],"replies":[{"embeddable":true,"href":"https:\/\/noticiasbahia360.com.br\/index.php?rest_route=%2Fwp%2Fv2%2Fcomments&post=128738"}],"version-history":[{"count":0,"href":"https:\/\/noticiasbahia360.com.br\/index.php?rest_route=\/wp\/v2\/posts\/128738\/revisions"}],"wp:featuredmedia":[{"embeddable":true,"href":"https:\/\/noticiasbahia360.com.br\/index.php?rest_route=\/wp\/v2\/media\/128739"}],"wp:attachment":[{"href":"https:\/\/noticiasbahia360.com.br\/index.php?rest_route=%2Fwp%2Fv2%2Fmedia&parent=128738"}],"wp:term":[{"taxonomy":"category","embeddable":true,"href":"https:\/\/noticiasbahia360.com.br\/index.php?rest_route=%2Fwp%2Fv2%2Fcategories&post=128738"},{"taxonomy":"post_tag","embeddable":true,"href":"https:\/\/noticiasbahia360.com.br\/index.php?rest_route=%2Fwp%2Fv2%2Ftags&post=128738"}],"curies":[{"name":"wp","href":"https:\/\/api.w.org\/{rel}","templated":true}]}}