{"id":128742,"date":"2026-04-28T16:41:08","date_gmt":"2026-04-28T19:41:08","guid":{"rendered":"https:\/\/noticiasbahia360.com.br\/?p=128742"},"modified":"2026-04-28T16:41:08","modified_gmt":"2026-04-28T19:41:08","slug":"dia-da-caatinga-secretaria-de-meio-ambiente-promove-acao-educativa-com-alunos-da-rede-municipal","status":"publish","type":"post","link":"https:\/\/noticiasbahia360.com.br\/?p=128742","title":{"rendered":"Dia da Caatinga: Secretaria de Meio Ambiente promove a\u00e7\u00e3o educativa com alunos da rede municipal"},"content":{"rendered":"<div>\n<div>\n<figure><img decoding=\"async\" src=\"http:\/\/noticiasbahia360.com.br\/wp-content\/uploads\/2026\/04\/Dia-da-Caatinga-Secretaria-de-Meio-Ambiente-promove-acao-educativa-com-alunos-da-rede-municipal-Foto-Divulgacao-Semmam-280426.jpg\" alt=\"Dia da Caatinga: Secretaria de Meio Ambiente promove a\u00e7\u00e3o educativa com alunos da rede municipal\"><figcaption>Foto: Divulga\u00e7\u00e3o\/ Semmam <\/figcaption><\/figure>\n<\/div>\n<p>A Secretaria Municipal de Meio Ambiente e Recursos Naturais (Semmam) realizou, nesta ter\u00e7a-feira (28), uma a\u00e7\u00e3o de educa\u00e7\u00e3o ambiental em alus\u00e3o ao Dia Nacional da Caatinga, celebrado em todo o pa\u00eds. A atividade aconteceu na Escola Municipal Adelice Cavalcante, localizada no bairro SIM, e reuniu estudantes, professores e representantes da gest\u00e3o municipal.<\/p>\n<p>A programa\u00e7\u00e3o contou com palestra educativa sobre a import\u00e2ncia da Caatinga, bioma exclusivamente brasileiro, abordando temas como preserva\u00e7\u00e3o, impactos ambientais e a rela\u00e7\u00e3o direta com a qualidade de vida da popula\u00e7\u00e3o. A a\u00e7\u00e3o teve a participa\u00e7\u00e3o da secret\u00e1ria municipal de Meio Ambiente, Jaciara Costa, do chefe de gabinete, Cadmiel Pereira, e do diretor de Educa\u00e7\u00e3o Ambiental, Jo\u00e3o Dias.<\/p>\n<p>Durante a atividade, a secret\u00e1ria destacou a relev\u00e2ncia da data e a necessidade de valoriza\u00e7\u00e3o do bioma. \u201cEscolhemos uma escola na \u00e1rea urbana para refor\u00e7ar a import\u00e2ncia da Caatinga junto aos estudantes. Vamos falar sobre como preservar, cuidar e entender as influ\u00eancias desse bioma em nossas vidas. \u00c9 um momento de valorizarmos o que temos\u201d, afirmou.<\/p>\n<figure class=\"wp-block-image size-full\"><img fetchpriority=\"high\" fetchpriority=\"high\" decoding=\"async\" width=\"1200\" height=\"800\" src=\"http:\/\/noticiasbahia360.com.br\/wp-content\/uploads\/2026\/04\/Dia-da-Caatinga-Secretaria-de-Meio-Ambiente-promove-acao-educativa-com-alunos-da-rede-municipal-Foto-Divulgacao-Semmam-2-280426.jpg\" alt=\"Dia da Caatinga: Secretaria de Meio Ambiente promove a\u00e7\u00e3o educativa com alunos da rede municipal\" class=\"wp-image-650799\" srcset=\"http:\/\/noticiasbahia360.com.br\/wp-content\/uploads\/2026\/04\/Dia-da-Caatinga-Secretaria-de-Meio-Ambiente-promove-acao-educativa-com-alunos-da-rede-municipal-Foto-Divulgacao-Semmam-2-280426.jpg 1200w, https:\/\/uploads.acordacidade.com.br\/2026\/04\/Dia-da-Caatinga-Secretaria-de-Meio-Ambiente-promove-acao-educativa-com-alunos-da-rede-municipal-Foto-Divulgacao-Semmam-2-280426-750x500.jpg 750w, https:\/\/uploads.acordacidade.com.br\/2026\/04\/Dia-da-Caatinga-Secretaria-de-Meio-Ambiente-promove-acao-educativa-com-alunos-da-rede-municipal-Foto-Divulgacao-Semmam-2-280426-1000x667.jpg 1000w, https:\/\/uploads.acordacidade.com.br\/2026\/04\/Dia-da-Caatinga-Secretaria-de-Meio-Ambiente-promove-acao-educativa-com-alunos-da-rede-municipal-Foto-Divulgacao-Semmam-2-280426-450x300.jpg 450w, https:\/\/uploads.acordacidade.com.br\/2026\/04\/Dia-da-Caatinga-Secretaria-de-Meio-Ambiente-promove-acao-educativa-com-alunos-da-rede-municipal-Foto-Divulgacao-Semmam-2-280426-150x100.jpg 150w\" sizes=\"(max-width: 1200px) 100vw, 1200px\"><figcaption class=\"wp-element-caption\">Foto: Divulga\u00e7\u00e3o\/ Semmam <\/figcaption><\/figure>\n<p>O diretor de Educa\u00e7\u00e3o Ambiental, Jo\u00e3o Dias, tamb\u00e9m ressaltou a import\u00e2ncia do tema e trouxe reflex\u00f5es sobre pr\u00e1ticas que impactam diretamente o bioma, como o desmatamento para produ\u00e7\u00e3o de carv\u00e3o. Ele alertou sobre a import\u00e2ncia do consumo consciente e da escolha por produtos de origem regularizada, licenciados pelos \u00f3rg\u00e3os ambientais competentes.<\/p>\n<p>Al\u00e9m das palestras, a Semmam realizou a doa\u00e7\u00e3o de mudas de plantas t\u00edpicas da Caatinga, incentivando os alunos a desenvolverem pr\u00e1ticas de cuidado e preserva\u00e7\u00e3o ambiental no dia a dia.<\/p>\n<figure class=\"wp-block-image size-full\"><img decoding=\"async\" width=\"1200\" height=\"800\" src=\"http:\/\/noticiasbahia360.com.br\/wp-content\/uploads\/2026\/04\/Dia-da-Caatinga-Secretaria-de-Meio-Ambiente-promove-acao-educativa-com-alunos-da-rede-municipal-Foto-Divulgacao-Semmam-3-280426.jpg\" alt=\"Dia da Caatinga: Secretaria de Meio Ambiente promove a\u00e7\u00e3o educativa com alunos da rede municipal\" class=\"wp-image-650801\" srcset=\"http:\/\/noticiasbahia360.com.br\/wp-content\/uploads\/2026\/04\/Dia-da-Caatinga-Secretaria-de-Meio-Ambiente-promove-acao-educativa-com-alunos-da-rede-municipal-Foto-Divulgacao-Semmam-3-280426.jpg 1200w, https:\/\/uploads.acordacidade.com.br\/2026\/04\/Dia-da-Caatinga-Secretaria-de-Meio-Ambiente-promove-acao-educativa-com-alunos-da-rede-municipal-Foto-Divulgacao-Semmam-3-280426-750x500.jpg 750w, https:\/\/uploads.acordacidade.com.br\/2026\/04\/Dia-da-Caatinga-Secretaria-de-Meio-Ambiente-promove-acao-educativa-com-alunos-da-rede-municipal-Foto-Divulgacao-Semmam-3-280426-1000x667.jpg 1000w, https:\/\/uploads.acordacidade.com.br\/2026\/04\/Dia-da-Caatinga-Secretaria-de-Meio-Ambiente-promove-acao-educativa-com-alunos-da-rede-municipal-Foto-Divulgacao-Semmam-3-280426-450x300.jpg 450w, https:\/\/uploads.acordacidade.com.br\/2026\/04\/Dia-da-Caatinga-Secretaria-de-Meio-Ambiente-promove-acao-educativa-com-alunos-da-rede-municipal-Foto-Divulgacao-Semmam-3-280426-150x100.jpg 150w\" sizes=\"(max-width: 1200px) 100vw, 1200px\"><figcaption class=\"wp-element-caption\">Foto: Divulga\u00e7\u00e3o\/ Semmam <\/figcaption><\/figure>\n<p>A iniciativa refor\u00e7a o compromisso da Semmam com a educa\u00e7\u00e3o ambiental e a conscientiza\u00e7\u00e3o das novas gera\u00e7\u00f5es sobre a import\u00e2ncia da preserva\u00e7\u00e3o dos recursos naturais.<\/p>\n<p><em>As informa\u00e7\u00f5es s\u00e3o da Secretaria de Comunica\u00e7\u00e3o de Feira de Santana<\/em><\/p>\n<p><em>Siga o Acorda Cidade no\u00a0<\/em><a href=\"https:\/\/news.google.com\/search?q=acorda%20cidade&amp;hl=pt-BR&amp;gl=BR&amp;ceid=BR%3Apt-419\"><strong><em>Google Not\u00edcias<\/em><\/strong><\/a><em>\u00a0e receba os principais destaques do dia. Participe tamb\u00e9m dos nossos canais no\u00a0<\/em><a href=\"https:\/\/www.whatsapp.com\/channel\/0029Va6Rb4v3WHTNnsh8WI3N\"><strong><em>WhatsApp<\/em><\/strong><\/a><em>\u00a0e\u00a0<\/em><a href=\"https:\/\/www.youtube.com\/@acordacidadenoticias\/videos\"><strong>YouTube<\/strong><\/a><em>\u00a0e grupo de\u00a0<\/em><a href=\"https:\/\/t.me\/+sSz0khrgARA0ZmRh\"><strong><em>Telegram<\/em><\/strong><\/a><em>.<\/em><\/p>\n<\/div>\n","protected":false},"excerpt":{"rendered":"<div>\n<div>\n<figure><img decoding=\"async\" src=\"https:\/\/uploads.acordacidade.com.br\/2026\/04\/Dia-da-Caatinga-Secretaria-de-Meio-Ambiente-promove-acao-educativa-com-alunos-da-rede-municipal-Foto-Divulgacao-Semmam-280426.jpg\" alt=\"Dia da Caatinga: Secretaria de Meio Ambiente promove a\u00e7\u00e3o educativa com alunos da rede municipal\"><figcaption>Foto: Divulga\u00e7\u00e3o\/ Semmam <\/figcaption><\/figure>\n<\/div>\n<p>Al\u00e9m das palestras, a Secretaria Municipal de Meio Ambiente realizou a doa\u00e7\u00e3o de mudas de plantas t\u00edpicas da Caatinga.<\/p><\/div>\n","protected":false},"author":1,"featured_media":128743,"comment_status":"closed","ping_status":"closed","sticky":false,"template":"","format":"gallery","meta":{"footnotes":""},"categories":[8,9,6,57,56,10],"tags":[],"class_list":["post-128742","post","type-post","status-publish","format-gallery","has-post-thumbnail","hentry","category-bahia","category-brasil","category-feira-de-santana","category-mundo","category-policia","category-politica","post_format-post-format-gallery"],"featured_image_urls":{"full":["https:\/\/noticiasbahia360.com.br\/wp-content\/uploads\/2026\/04\/Dia-da-Caatinga-Secretaria-de-Meio-Ambiente-promove-acao-educativa-com-alunos-da-rede-municipal-Foto-Divulgacao-Semmam-280426.jpg",1200,799,false],"thumbnail":["https:\/\/noticiasbahia360.com.br\/wp-content\/uploads\/2026\/04\/Dia-da-Caatinga-Secretaria-de-Meio-Ambiente-promove-acao-educativa-com-alunos-da-rede-municipal-Foto-Divulgacao-Semmam-280426-150x150.jpg",150,150,true],"medium":["https:\/\/noticiasbahia360.com.br\/wp-content\/uploads\/2026\/04\/Dia-da-Caatinga-Secretaria-de-Meio-Ambiente-promove-acao-educativa-com-alunos-da-rede-municipal-Foto-Divulgacao-Semmam-280426-300x200.jpg",300,200,true],"medium_large":["https:\/\/noticiasbahia360.com.br\/wp-content\/uploads\/2026\/04\/Dia-da-Caatinga-Secretaria-de-Meio-Ambiente-promove-acao-educativa-com-alunos-da-rede-municipal-Foto-Divulgacao-Semmam-280426-768x511.jpg",640,426,true],"large":["https:\/\/noticiasbahia360.com.br\/wp-content\/uploads\/2026\/04\/Dia-da-Caatinga-Secretaria-de-Meio-Ambiente-promove-acao-educativa-com-alunos-da-rede-municipal-Foto-Divulgacao-Semmam-280426-1024x682.jpg",640,426,true],"1536x1536":["https:\/\/noticiasbahia360.com.br\/wp-content\/uploads\/2026\/04\/Dia-da-Caatinga-Secretaria-de-Meio-Ambiente-promove-acao-educativa-com-alunos-da-rede-municipal-Foto-Divulgacao-Semmam-280426.jpg",1200,799,false],"2048x2048":["https:\/\/noticiasbahia360.com.br\/wp-content\/uploads\/2026\/04\/Dia-da-Caatinga-Secretaria-de-Meio-Ambiente-promove-acao-educativa-com-alunos-da-rede-municipal-Foto-Divulgacao-Semmam-280426.jpg",1200,799,false],"chromenews-featured":["https:\/\/noticiasbahia360.com.br\/wp-content\/uploads\/2026\/04\/Dia-da-Caatinga-Secretaria-de-Meio-Ambiente-promove-acao-educativa-com-alunos-da-rede-municipal-Foto-Divulgacao-Semmam-280426-1024x682.jpg",1024,682,true],"chromenews-large":["https:\/\/noticiasbahia360.com.br\/wp-content\/uploads\/2026\/04\/Dia-da-Caatinga-Secretaria-de-Meio-Ambiente-promove-acao-educativa-com-alunos-da-rede-municipal-Foto-Divulgacao-Semmam-280426-825x575.jpg",825,575,true],"chromenews-medium":["https:\/\/noticiasbahia360.com.br\/wp-content\/uploads\/2026\/04\/Dia-da-Caatinga-Secretaria-de-Meio-Ambiente-promove-acao-educativa-com-alunos-da-rede-municipal-Foto-Divulgacao-Semmam-280426-590x410.jpg",590,410,true]},"author_info":{"display_name":"noticiasbahia360.com.br","author_link":"https:\/\/noticiasbahia360.com.br\/?author=1"},"category_info":"<a href=\"https:\/\/noticiasbahia360.com.br\/?cat=8\" rel=\"category\">Bahia<\/a> <a href=\"https:\/\/noticiasbahia360.com.br\/?cat=9\" rel=\"category\">Brasil<\/a> <a href=\"https:\/\/noticiasbahia360.com.br\/?cat=6\" rel=\"category\">Feira de Santana<\/a> <a href=\"https:\/\/noticiasbahia360.com.br\/?cat=57\" rel=\"category\">Mundo<\/a> <a href=\"https:\/\/noticiasbahia360.com.br\/?cat=56\" rel=\"category\">Pol\u00edcia<\/a> <a href=\"https:\/\/noticiasbahia360.com.br\/?cat=10\" rel=\"category\">Pol\u00edtica<\/a>","tag_info":"Pol\u00edtica","comment_count":"0","_links":{"self":[{"href":"https:\/\/noticiasbahia360.com.br\/index.php?rest_route=\/wp\/v2\/posts\/128742","targetHints":{"allow":["GET"]}}],"collection":[{"href":"https:\/\/noticiasbahia360.com.br\/index.php?rest_route=\/wp\/v2\/posts"}],"about":[{"href":"https:\/\/noticiasbahia360.com.br\/index.php?rest_route=\/wp\/v2\/types\/post"}],"author":[{"embeddable":true,"href":"https:\/\/noticiasbahia360.com.br\/index.php?rest_route=\/wp\/v2\/users\/1"}],"replies":[{"embeddable":true,"href":"https:\/\/noticiasbahia360.com.br\/index.php?rest_route=%2Fwp%2Fv2%2Fcomments&post=128742"}],"version-history":[{"count":0,"href":"https:\/\/noticiasbahia360.com.br\/index.php?rest_route=\/wp\/v2\/posts\/128742\/revisions"}],"wp:featuredmedia":[{"embeddable":true,"href":"https:\/\/noticiasbahia360.com.br\/index.php?rest_route=\/wp\/v2\/media\/128743"}],"wp:attachment":[{"href":"https:\/\/noticiasbahia360.com.br\/index.php?rest_route=%2Fwp%2Fv2%2Fmedia&parent=128742"}],"wp:term":[{"taxonomy":"category","embeddable":true,"href":"https:\/\/noticiasbahia360.com.br\/index.php?rest_route=%2Fwp%2Fv2%2Fcategories&post=128742"},{"taxonomy":"post_tag","embeddable":true,"href":"https:\/\/noticiasbahia360.com.br\/index.php?rest_route=%2Fwp%2Fv2%2Ftags&post=128742"}],"curies":[{"name":"wp","href":"https:\/\/api.w.org\/{rel}","templated":true}]}} 