{"id":128746,"date":"2026-04-28T16:46:08","date_gmt":"2026-04-28T19:46:08","guid":{"rendered":"https:\/\/noticiasbahia360.com.br\/?p=128746"},"modified":"2026-04-28T16:46:08","modified_gmt":"2026-04-28T19:46:08","slug":"policia-prende-advogada-suspeita-de-mandar-matar-ex-companheiro-e-ex-cunhado-em-salvador","status":"publish","type":"post","link":"https:\/\/noticiasbahia360.com.br\/?p=128746","title":{"rendered":"Pol\u00edcia prende advogada suspeita de mandar matar ex-companheiro e ex-cunhado em Salvador"},"content":{"rendered":"<div>\n<p>Um homem e uma mulher, ambos de 40 anos, investigados pelo crime de homic\u00eddio, foram presos na manh\u00e3 desta ter\u00e7a-feira (28), nos bairros de Fazenda Coutos III e Vista Alegre, em Salvador. Eles s\u00e3o, respectivamente, o autor e a mandante das mortes de Alex Duarte Santos, de 47 anos, e Anderson Duarte Santos, de 44, ocorridas em janeiro e abril deste ano, nos bairros de Maca\u00fabas e Lobato, tamb\u00e9m na capital baiana.<\/p>\n<p>As investiga\u00e7\u00f5es conduzidas pela 3\u00aa Delegacia de Homic\u00eddios (DH\/BTS) indicam que a investigada, advogada criminalista, \u00e9 a autora intelectual dos crimes, que tiveram como v\u00edtimas seu ex-companheiro e seu ex-cunhado.<\/p>\n<p>Ainda segundo as apura\u00e7\u00f5es, a motiva\u00e7\u00e3o dos crimes est\u00e1 relacionada a um intenso conflito familiar decorrente de uma disputa judicial. Na ocasi\u00e3o, Alex e Anderson Duarte sofreram disparos de arma de fogo efetuados pelo suspeito, que estava a bordo de uma motocicleta.<\/p>\n<p>Na manh\u00e3 desta ter\u00e7a (28), a Opera\u00e7\u00e3o Mater foi deflagrada com o objetivo de retirar do conv\u00edvio social os investigados pelos homic\u00eddios. A a\u00e7\u00e3o foi realizada por policiais civis da 3\u00aa DH, da Ag\u00eancia de Intelig\u00eancia, da Coordena\u00e7\u00e3o de Opera\u00e7\u00f5es do Departamento de Homic\u00eddios e Prote\u00e7\u00e3o \u00e0 Pessoa (DHPP) e da Coordena\u00e7\u00e3o de Opera\u00e7\u00f5es e Recursos Especiais (Core).<\/p>\n<p>Mandados de busca e apreens\u00e3o foram cumpridos na resid\u00eancia do investigado, onde foram localizados um capacete, vestimentas e uma mochila, objetos que foram utilizados na execu\u00e7\u00e3o dos crimes. J\u00e1 na resid\u00eancia da mulher, foram apreendidos celulares e outros dispositivos eletr\u00f4nicos.<\/p>\n<p>Durante o interrogat\u00f3rio, o homem tamb\u00e9m confessou a pr\u00e1tica criminosa, relatando que recebeu valores em esp\u00e9cie da investigada para a execu\u00e7\u00e3o dos crimes. Ambos foram apresentados na sede do DHPP, onde dois mandados de pris\u00e3o preventiva foram cumpridos, e seguem custodiados \u00e0 disposi\u00e7\u00e3o do Poder Judici\u00e1rio.<\/p>\n<p><em>Siga o Acorda Cidade no<\/em><a href=\"https:\/\/news.google.com\/search?q=acorda%20cidade&amp;hl=pt-BR&amp;gl=BR&amp;ceid=BR%3Apt-419\"><strong><em>\u00a0Google Not\u00edcias<\/em><\/strong><\/a><em>\u00a0e receba os principais destaques do dia. Participe tamb\u00e9m dos nossos canais no\u00a0<\/em><a href=\"https:\/\/www.whatsapp.com\/channel\/0029Va6Rb4v3WHTNnsh8WI3N\"><strong><em>WhatsApp<\/em><\/strong><\/a><em>\u00a0e\u00a0<\/em><a href=\"https:\/\/www.youtube.com\/@acordacidadenoticias\/videos\"><strong>YouTube<\/strong><\/a><em>\u00a0e grupo de\u00a0<\/em><a href=\"https:\/\/t.me\/+sSz0khrgARA0ZmRh\"><strong><em>Telegram<\/em><\/strong><\/a><em>.<\/em><\/p>\n<\/div>\n","protected":false},"excerpt":{"rendered":"<div>Homem e mulher foram pelos crimes ocorridos em janeiro e abril de 2026 e tiveram motiva\u00e7\u00e3o ligada a um conflito familiar.<\/div>\n","protected":false},"author":1,"featured_media":0,"comment_status":"closed","ping_status":"closed","sticky":false,"template":"","format":"gallery","meta":{"footnotes":""},"categories":[8,9,6,57,56,10],"tags":[],"class_list":["post-128746","post","type-post","status-publish","format-gallery","hentry","category-bahia","category-brasil","category-feira-de-santana","category-mundo","category-policia","category-politica","post_format-post-format-gallery"],"featured_image_urls":{"full":"","thumbnail":"","medium":"","medium_large":"","large":"","1536x1536":"","2048x2048":"","chromenews-featured":"","chromenews-large":"","chromenews-medium":""},"author_info":{"display_name":"noticiasbahia360.com.br","author_link":"https:\/\/noticiasbahia360.com.br\/?author=1"},"category_info":"<a href=\"https:\/\/noticiasbahia360.com.br\/?cat=8\" rel=\"category\">Bahia<\/a> <a href=\"https:\/\/noticiasbahia360.com.br\/?cat=9\" rel=\"category\">Brasil<\/a> <a href=\"https:\/\/noticiasbahia360.com.br\/?cat=6\" rel=\"category\">Feira de Santana<\/a> <a href=\"https:\/\/noticiasbahia360.com.br\/?cat=57\" rel=\"category\">Mundo<\/a> <a href=\"https:\/\/noticiasbahia360.com.br\/?cat=56\" rel=\"category\">Pol\u00edcia<\/a> <a href=\"https:\/\/noticiasbahia360.com.br\/?cat=10\" rel=\"category\">Pol\u00edtica<\/a>","tag_info":"Pol\u00edtica","comment_count":"0","_links":{"self":[{"href":"https:\/\/noticiasbahia360.com.br\/index.php?rest_route=\/wp\/v2\/posts\/128746","targetHints":{"allow":["GET"]}}],"collection":[{"href":"https:\/\/noticiasbahia360.com.br\/index.php?rest_route=\/wp\/v2\/posts"}],"about":[{"href":"https:\/\/noticiasbahia360.com.br\/index.php?rest_route=\/wp\/v2\/types\/post"}],"author":[{"embeddable":true,"href":"https:\/\/noticiasbahia360.com.br\/index.php?rest_route=\/wp\/v2\/users\/1"}],"replies":[{"embeddable":true,"href":"https:\/\/noticiasbahia360.com.br\/index.php?rest_route=%2Fwp%2Fv2%2Fcomments&post=128746"}],"version-history":[{"count":0,"href":"https:\/\/noticiasbahia360.com.br\/index.php?rest_route=\/wp\/v2\/posts\/128746\/revisions"}],"wp:attachment":[{"href":"https:\/\/noticiasbahia360.com.br\/index.php?rest_route=%2Fwp%2Fv2%2Fmedia&parent=128746"}],"wp:term":[{"taxonomy":"category","embeddable":true,"href":"https:\/\/noticiasbahia360.com.br\/index.php?rest_route=%2Fwp%2Fv2%2Fcategories&post=128746"},{"taxonomy":"post_tag","embeddable":true,"href":"https:\/\/noticiasbahia360.com.br\/index.php?rest_route=%2Fwp%2Fv2%2Ftags&post=128746"}],"curies":[{"name":"wp","href":"https:\/\/api.w.org\/{rel}","templated":true}]}}