{"id":128747,"date":"2026-04-28T16:57:22","date_gmt":"2026-04-28T19:57:22","guid":{"rendered":"https:\/\/noticiasbahia360.com.br\/?p=128747"},"modified":"2026-04-28T16:57:22","modified_gmt":"2026-04-28T19:57:22","slug":"mpba-deflagra-operacao-k9-contra-trafico-de-drogas-em-itabela","status":"publish","type":"post","link":"https:\/\/noticiasbahia360.com.br\/?p=128747","title":{"rendered":"MPBA deflagra \u201cOpera\u00e7\u00e3o K9\u201d contra tr\u00e1fico de drogas em Itabela"},"content":{"rendered":"<div>\n<div>\n<figure><img decoding=\"async\" src=\"http:\/\/noticiasbahia360.com.br\/wp-content\/uploads\/2026\/04\/MPBA-deflagra-operacao-contra-trafico-de-drogas-em-Itabela-Foto-Reproducao-MPBA-280426.jpg\" alt=\"MPBA deflagra opera\u00e7\u00e3o contra tr\u00e1fico de drogas em Itabela\"><figcaption>Foto: Reprodu\u00e7\u00e3o\/ MPBA <\/figcaption><\/figure>\n<\/div>\n<p>O Minist\u00e9rio P\u00fablico do Estado da Bahia, por meio do Grupo de Atua\u00e7\u00e3o Especial de Combate \u00e0s Organiza\u00e7\u00f5es Criminosas da regi\u00e3o Sul (Gaeco Sul), cumpriu mandado de busca e apreens\u00e3o no munic\u00edpio de Itabela, na manh\u00e3 desta ter\u00e7a-feira (28). A a\u00e7\u00e3o, realizada em conjunto com a Pol\u00edcia Civil da Bahia, integra opera\u00e7\u00e3o nacional deflagrada pelo Gaeco do MP de Minas Gerais e Pol\u00edcias Civil e Militar do estado. A \u201cOpera\u00e7\u00e3o K9\u201d cumpre dez mandados de pris\u00e3o e 47 de busca e apreens\u00e3o nos estados de Minas Gerais, Par\u00e1, Bahia, Pernambuco e Piau\u00ed.<\/p>\n<p>A opera\u00e7\u00e3o \u00e9 voltada ao enfrentamento do tr\u00e1fico de drogas e da atua\u00e7\u00e3o de organiza\u00e7\u00e3o criminosa estruturada. O objetivo \u00e9 desarticular um n\u00facleo criminoso investigado por atua\u00e7\u00e3o interestadual, divis\u00e3o de tarefas, log\u00edstica de transporte e armazenamento de entorpecentes, al\u00e9m de movimenta\u00e7\u00e3o financeira destinada \u00e0 oculta\u00e7\u00e3o e dissimula\u00e7\u00e3o de valores il\u00edcitos. Segundo investiga\u00e7\u00f5es, o grupo \u00e9 respons\u00e1vel por movimentar grande quantidade de entorpecentes do estado do Mato Grosso do Sul para o Vale do A\u00e7o, em Minas Gerais, e outras cidades da regi\u00e3o.<\/p>\n<figure class=\"wp-block-image size-full\"><img fetchpriority=\"high\" fetchpriority=\"high\" decoding=\"async\" width=\"1200\" height=\"1318\" src=\"http:\/\/noticiasbahia360.com.br\/wp-content\/uploads\/2026\/04\/MPBA-deflagra-operacao-contra-trafico-de-drogas-em-Itabela-Foto-Reproducao-MPBA-02-280426.jpg\" alt=\"MPBA deflagra opera\u00e7\u00e3o contra tr\u00e1fico de drogas em Itabela\" class=\"wp-image-650812\" srcset=\"http:\/\/noticiasbahia360.com.br\/wp-content\/uploads\/2026\/04\/MPBA-deflagra-operacao-contra-trafico-de-drogas-em-Itabela-Foto-Reproducao-MPBA-02-280426.jpg 1200w, https:\/\/uploads.acordacidade.com.br\/2026\/04\/MPBA-deflagra-operacao-contra-trafico-de-drogas-em-Itabela-Foto-Reproducao-MPBA-02-280426-750x824.jpg 750w, https:\/\/uploads.acordacidade.com.br\/2026\/04\/MPBA-deflagra-operacao-contra-trafico-de-drogas-em-Itabela-Foto-Reproducao-MPBA-02-280426-1000x1098.jpg 1000w, https:\/\/uploads.acordacidade.com.br\/2026\/04\/MPBA-deflagra-operacao-contra-trafico-de-drogas-em-Itabela-Foto-Reproducao-MPBA-02-280426-450x494.jpg 450w, https:\/\/uploads.acordacidade.com.br\/2026\/04\/MPBA-deflagra-operacao-contra-trafico-de-drogas-em-Itabela-Foto-Reproducao-MPBA-02-280426-150x165.jpg 150w\" sizes=\"(max-width: 1200px) 100vw, 1200px\"><figcaption class=\"wp-element-caption\">Foto: Reprodu\u00e7\u00e3o\/ MPBA <\/figcaption><\/figure>\n<p>O nome da opera\u00e7\u00e3o, K9, faz alus\u00e3o ao apelido de batismo dado pelo Primeiro Comando da Capital (PCC) ao principal alvo da investiga\u00e7\u00e3o. O Gaeco mineiro, mediante uso dos recursos de intelig\u00eancia e exerc\u00edcio de a\u00e7\u00f5es controladas, conseguiu descortinar, de maneira integral, toda a estrutura da ramifica\u00e7\u00e3o do PCC investigada, da base \u00e0 lideran\u00e7a, individualizando a conduta de cada um de seus membros. Buscando atingir a sa\u00fade financeira de alguns dos integrantes da organiza\u00e7\u00e3o criminosa, o Gaeco representou pelo bloqueio de v\u00e1rias contas banc\u00e1rias dos investigados, assim como de empresas laranjas, utilizadas para lavar o dinheiro angariado com o tr\u00e1fico de drogas. Os investigados ir\u00e3o responder pela pr\u00e1tica dos crimes de homic\u00eddio, associa\u00e7\u00e3o ao tr\u00e1fico, tr\u00e1fico de drogas, organiza\u00e7\u00e3o criminosa e lavagem de capitais.<\/p>\n<p><em>Siga o Acorda Cidade no\u00a0<\/em><a href=\"https:\/\/news.google.com\/search?q=acorda%20cidade&amp;hl=pt-BR&amp;gl=BR&amp;ceid=BR%3Apt-419\"><strong><em>Google Not\u00edcias<\/em><\/strong><\/a><em>\u00a0e receba os principais destaques do dia. Participe tamb\u00e9m dos nossos canais no\u00a0<\/em><a href=\"https:\/\/www.whatsapp.com\/channel\/0029Va6Rb4v3WHTNnsh8WI3N\"><strong><em>WhatsApp<\/em><\/strong><\/a><em>\u00a0e\u00a0<\/em><a href=\"https:\/\/www.youtube.com\/@acordacidadenoticias\/videos\"><strong>YouTube<\/strong><\/a><em>\u00a0e grupo de\u00a0<\/em><a href=\"https:\/\/t.me\/+sSz0khrgARA0ZmRh\"><strong><em>Telegram<\/em><\/strong><\/a><em>.<\/em><\/p>\n<\/div>\n","protected":false},"excerpt":{"rendered":"<div>\n<div>\n<figure><img decoding=\"async\" src=\"https:\/\/uploads.acordacidade.com.br\/2026\/04\/MPBA-deflagra-operacao-contra-trafico-de-drogas-em-Itabela-Foto-Reproducao-MPBA-280426.jpg\" alt=\"MPBA deflagra opera\u00e7\u00e3o contra tr\u00e1fico de drogas em Itabela\"><figcaption>Foto: Reprodu\u00e7\u00e3o\/ MPBA <\/figcaption><\/figure>\n<\/div>\n<p>O nome &#8220;Opera\u00e7\u00e3o K9&#8221; faz alus\u00e3o ao apelido de batismo dado pelo Primeiro Comando da Capital (PCC) ao principal alvo da investiga\u00e7\u00e3o.<\/p><\/div>\n","protected":false},"author":1,"featured_media":128748,"comment_status":"closed","ping_status":"closed","sticky":false,"template":"","format":"gallery","meta":{"footnotes":""},"categories":[8,9,6,57,56,10],"tags":[],"class_list":["post-128747","post","type-post","status-publish","format-gallery","has-post-thumbnail","hentry","category-bahia","category-brasil","category-feira-de-santana","category-mundo","category-policia","category-politica","post_format-post-format-gallery"],"featured_image_urls":{"full":["https:\/\/noticiasbahia360.com.br\/wp-content\/uploads\/2026\/04\/MPBA-deflagra-operacao-contra-trafico-de-drogas-em-Itabela-Foto-Reproducao-MPBA-280426.jpg",1200,995,false],"thumbnail":["https:\/\/noticiasbahia360.com.br\/wp-content\/uploads\/2026\/04\/MPBA-deflagra-operacao-contra-trafico-de-drogas-em-Itabela-Foto-Reproducao-MPBA-280426-150x150.jpg",150,150,true],"medium":["https:\/\/noticiasbahia360.com.br\/wp-content\/uploads\/2026\/04\/MPBA-deflagra-operacao-contra-trafico-de-drogas-em-Itabela-Foto-Reproducao-MPBA-280426-300x249.jpg",300,249,true],"medium_large":["https:\/\/noticiasbahia360.com.br\/wp-content\/uploads\/2026\/04\/MPBA-deflagra-operacao-contra-trafico-de-drogas-em-Itabela-Foto-Reproducao-MPBA-280426-768x637.jpg",640,531,true],"large":["https:\/\/noticiasbahia360.com.br\/wp-content\/uploads\/2026\/04\/MPBA-deflagra-operacao-contra-trafico-de-drogas-em-Itabela-Foto-Reproducao-MPBA-280426-1024x849.jpg",640,531,true],"1536x1536":["https:\/\/noticiasbahia360.com.br\/wp-content\/uploads\/2026\/04\/MPBA-deflagra-operacao-contra-trafico-de-drogas-em-Itabela-Foto-Reproducao-MPBA-280426.jpg",1200,995,false],"2048x2048":["https:\/\/noticiasbahia360.com.br\/wp-content\/uploads\/2026\/04\/MPBA-deflagra-operacao-contra-trafico-de-drogas-em-Itabela-Foto-Reproducao-MPBA-280426.jpg",1200,995,false],"chromenews-featured":["https:\/\/noticiasbahia360.com.br\/wp-content\/uploads\/2026\/04\/MPBA-deflagra-operacao-contra-trafico-de-drogas-em-Itabela-Foto-Reproducao-MPBA-280426-1024x849.jpg",1024,849,true],"chromenews-large":["https:\/\/noticiasbahia360.com.br\/wp-content\/uploads\/2026\/04\/MPBA-deflagra-operacao-contra-trafico-de-drogas-em-Itabela-Foto-Reproducao-MPBA-280426-825x575.jpg",825,575,true],"chromenews-medium":["https:\/\/noticiasbahia360.com.br\/wp-content\/uploads\/2026\/04\/MPBA-deflagra-operacao-contra-trafico-de-drogas-em-Itabela-Foto-Reproducao-MPBA-280426-590x410.jpg",590,410,true]},"author_info":{"display_name":"noticiasbahia360.com.br","author_link":"https:\/\/noticiasbahia360.com.br\/?author=1"},"category_info":"<a href=\"https:\/\/noticiasbahia360.com.br\/?cat=8\" rel=\"category\">Bahia<\/a> <a href=\"https:\/\/noticiasbahia360.com.br\/?cat=9\" rel=\"category\">Brasil<\/a> <a href=\"https:\/\/noticiasbahia360.com.br\/?cat=6\" rel=\"category\">Feira de Santana<\/a> <a href=\"https:\/\/noticiasbahia360.com.br\/?cat=57\" rel=\"category\">Mundo<\/a> <a href=\"https:\/\/noticiasbahia360.com.br\/?cat=56\" rel=\"category\">Pol\u00edcia<\/a> <a href=\"https:\/\/noticiasbahia360.com.br\/?cat=10\" rel=\"category\">Pol\u00edtica<\/a>","tag_info":"Pol\u00edtica","comment_count":"0","_links":{"self":[{"href":"https:\/\/noticiasbahia360.com.br\/index.php?rest_route=\/wp\/v2\/posts\/128747","targetHints":{"allow":["GET"]}}],"collection":[{"href":"https:\/\/noticiasbahia360.com.br\/index.php?rest_route=\/wp\/v2\/posts"}],"about":[{"href":"https:\/\/noticiasbahia360.com.br\/index.php?rest_route=\/wp\/v2\/types\/post"}],"author":[{"embeddable":true,"href":"https:\/\/noticiasbahia360.com.br\/index.php?rest_route=\/wp\/v2\/users\/1"}],"replies":[{"embeddable":true,"href":"https:\/\/noticiasbahia360.com.br\/index.php?rest_route=%2Fwp%2Fv2%2Fcomments&post=128747"}],"version-history":[{"count":0,"href":"https:\/\/noticiasbahia360.com.br\/index.php?rest_route=\/wp\/v2\/posts\/128747\/revisions"}],"wp:featuredmedia":[{"embeddable":true,"href":"https:\/\/noticiasbahia360.com.br\/index.php?rest_route=\/wp\/v2\/media\/128748"}],"wp:attachment":[{"href":"https:\/\/noticiasbahia360.com.br\/index.php?rest_route=%2Fwp%2Fv2%2Fmedia&parent=128747"}],"wp:term":[{"taxonomy":"category","embeddable":true,"href":"https:\/\/noticiasbahia360.com.br\/index.php?rest_route=%2Fwp%2Fv2%2Fcategories&post=128747"},{"taxonomy":"post_tag","embeddable":true,"href":"https:\/\/noticiasbahia360.com.br\/index.php?rest_route=%2Fwp%2Fv2%2Ftags&post=128747"}],"curies":[{"name":"wp","href":"https:\/\/api.w.org\/{rel}","templated":true}]}} 