{"id":128752,"date":"2026-04-28T17:16:14","date_gmt":"2026-04-28T20:16:14","guid":{"rendered":"https:\/\/noticiasbahia360.com.br\/?p=128752"},"modified":"2026-04-28T17:16:14","modified_gmt":"2026-04-28T20:16:14","slug":"sao-paulo-confirma-segundo-caso-importado-de-sarampo","status":"publish","type":"post","link":"https:\/\/noticiasbahia360.com.br\/?p=128752","title":{"rendered":"S\u00e3o Paulo confirma segundo caso importado de sarampo"},"content":{"rendered":"<div>\n<div>\n<figure><img decoding=\"async\" src=\"http:\/\/noticiasbahia360.com.br\/wp-content\/uploads\/2026\/04\/Sao-Paulo-confirma-segundo-caso-importado-de-sarampo-Foto-Divulgacao-Josue-Damacena-IOC-Fiocruz-280426.jpg\" alt=\"S\u00e3o Paulo confirma segundo caso importado de sarampo\"><figcaption>Foto: Divulga\u00e7\u00e3o\/ Josu\u00e9 Damacena (IOC Fiocruz) <\/figcaption><\/figure>\n<\/div>\n<p>Ag\u00eancia Brasil \u2013 <strong>A Secretaria Estadual da Sa\u00fade de S\u00e3o Paulo confirmou nesta ter\u00e7a-feira (28) o segundo caso importado de sarampo no territ\u00f3rio paulista. De acordo com a pasta, o paciente \u00e9 um homem de 42 anos, morador da Guatemala e que tem hist\u00f3rico de vacina\u00e7\u00e3o.<\/strong><\/p>\n<p>O caso foi identificado no final de mar\u00e7o, na cidade de S\u00e3o Paulo, e depois confirmado por exames laboratoriais. O estado de sa\u00fade do paciente n\u00e3o foi informado.<\/p>\n<p>Este \u00e9 o segundo caso importado de sarampo, ou seja, sem transmiss\u00e3o local do v\u00edrus, identificado no estado de S\u00e3o Paulo em 2026. O primeiro caso do ano foi o de um beb\u00ea de seis meses que n\u00e3o foi vacinado e esteve na Bol\u00edvia em janeiro. Em todo o ano passado foram registrados dois casos importados da doen\u00e7a em S\u00e3o Paulo.<\/p>\n<p>Segundo a Organiza\u00e7\u00e3o Pan-Americana da Sa\u00fade (Opas), os pa\u00edses da Am\u00e9rica continuam enfrentando a doen\u00e7a. No ano passado, por exemplo, 14.767 registros de sarampo foram confirmados em 13 pa\u00edses das Am\u00e9ricas. S\u00f3 neste ano foram confirmados 15,3 mil casos, sendo que M\u00e9xico Guatemala, Estados Unidos e Canad\u00e1 respondem pela maioria deles.<\/p>\n<h2 class=\"wp-block-heading\" id=\"h-sarampo\">Sarampo<\/h2>\n<p>O sarampo \u00e9 uma doen\u00e7a infecciosa altamente contagiosa e que j\u00e1 foi uma das principais causas de mortalidade infantil no mundo. A transmiss\u00e3o do v\u00edrus ocorre de pessoa a pessoa, por via a\u00e9rea, seja ao tossir, espirrar, falar ou respirar.<\/p>\n<p><strong>O sarampo \u00e9 t\u00e3o contagioso que uma pessoa infectada pode transmitir a doen\u00e7a para 90% das pessoas pr\u00f3ximas e que n\u00e3o estejam imunes. <\/strong>Por isso, a vacina\u00e7\u00e3o contra o sarampo \u00e9 extremamente importante. A vacina\u00e7\u00e3o \u00e9 a principal forma de preven\u00e7\u00e3o contra a doen\u00e7a.<\/p>\n<p>Os principais sintomas da doen\u00e7a s\u00e3o manchas vermelhas no corpo e febre alta, acima de 38,5\u00baC, acompanhada de tosse, conjuntivite, nariz escorrendo ou mal-estar intenso. Os casos podem evoluir para complica\u00e7\u00f5es graves podendo causar diarreia intensa, infec\u00e7\u00f5es de ouvido, cegueira, pneumonia e encefalite (inflama\u00e7\u00e3o do c\u00e9rebro). Algumas dessas complica\u00e7\u00f5es podem ser fatais.<\/p>\n<p>A vacina\u00e7\u00e3o contra o sarampo faz parte do Calend\u00e1rio Nacional de Vacina\u00e7\u00e3o. A primeira dose deve ser aplicada aos 12 meses de idade (tr\u00edplice viral \u2013 sarampo, caxumba e rub\u00e9ola) e a segunda aos 15 meses (tetra viral \u2013 sarampo, caxumba, rub\u00e9ola e varicela).<\/p>\n<p><em>Siga o Acorda Cidade no\u00a0<\/em><a href=\"https:\/\/news.google.com\/search?q=acorda%20cidade&amp;hl=pt-BR&amp;gl=BR&amp;ceid=BR%3Apt-419\"><strong><em>Google Not\u00edcias<\/em><\/strong><\/a><em>\u00a0e receba os principais destaques do dia. Participe tamb\u00e9m dos nossos canais no\u00a0<\/em><a href=\"https:\/\/www.whatsapp.com\/channel\/0029Va6Rb4v3WHTNnsh8WI3N\"><strong><em>WhatsApp<\/em><\/strong><\/a><em>\u00a0e\u00a0<\/em><a href=\"https:\/\/www.youtube.com\/@acordacidadenoticias\/videos\"><strong>YouTube<\/strong><\/a><em>\u00a0e grupo de\u00a0<\/em><a href=\"https:\/\/t.me\/+sSz0khrgARA0ZmRh\"><strong><em>Telegram<\/em><\/strong><\/a><em>.<\/em><\/p>\n<\/div>\n","protected":false},"excerpt":{"rendered":"<div>\n<div>\n<figure><img decoding=\"async\" src=\"https:\/\/uploads.acordacidade.com.br\/2026\/04\/Sao-Paulo-confirma-segundo-caso-importado-de-sarampo-Foto-Divulgacao-Josue-Damacena-IOC-Fiocruz-280426.jpg\" alt=\"S\u00e3o Paulo confirma segundo caso importado de sarampo\"><figcaption>Foto: Divulga\u00e7\u00e3o\/ Josu\u00e9 Damacena (IOC Fiocruz) <\/figcaption><\/figure>\n<\/div>\n<p>O caso de sarampo foi identificado no final de mar\u00e7o e confirmado por exames laboratoriais. O estado de sa\u00fade do paciente n\u00e3o foi informado.<\/p><\/div>\n","protected":false},"author":1,"featured_media":128753,"comment_status":"closed","ping_status":"closed","sticky":false,"template":"","format":"gallery","meta":{"footnotes":""},"categories":[8,9,6,57,56,10],"tags":[],"class_list":["post-128752","post","type-post","status-publish","format-gallery","has-post-thumbnail","hentry","category-bahia","category-brasil","category-feira-de-santana","category-mundo","category-policia","category-politica","post_format-post-format-gallery"],"featured_image_urls":{"full":["https:\/\/noticiasbahia360.com.br\/wp-content\/uploads\/2026\/04\/Sao-Paulo-confirma-segundo-caso-importado-de-sarampo-Foto-Divulgacao-Josue-Damacena-IOC-Fiocruz-280426.jpg",1200,718,false],"thumbnail":["https:\/\/noticiasbahia360.com.br\/wp-content\/uploads\/2026\/04\/Sao-Paulo-confirma-segundo-caso-importado-de-sarampo-Foto-Divulgacao-Josue-Damacena-IOC-Fiocruz-280426-150x150.jpg",150,150,true],"medium":["https:\/\/noticiasbahia360.com.br\/wp-content\/uploads\/2026\/04\/Sao-Paulo-confirma-segundo-caso-importado-de-sarampo-Foto-Divulgacao-Josue-Damacena-IOC-Fiocruz-280426-300x180.jpg",300,180,true],"medium_large":["https:\/\/noticiasbahia360.com.br\/wp-content\/uploads\/2026\/04\/Sao-Paulo-confirma-segundo-caso-importado-de-sarampo-Foto-Divulgacao-Josue-Damacena-IOC-Fiocruz-280426-768x460.jpg",640,383,true],"large":["https:\/\/noticiasbahia360.com.br\/wp-content\/uploads\/2026\/04\/Sao-Paulo-confirma-segundo-caso-importado-de-sarampo-Foto-Divulgacao-Josue-Damacena-IOC-Fiocruz-280426-1024x613.jpg",640,383,true],"1536x1536":["https:\/\/noticiasbahia360.com.br\/wp-content\/uploads\/2026\/04\/Sao-Paulo-confirma-segundo-caso-importado-de-sarampo-Foto-Divulgacao-Josue-Damacena-IOC-Fiocruz-280426.jpg",1200,718,false],"2048x2048":["https:\/\/noticiasbahia360.com.br\/wp-content\/uploads\/2026\/04\/Sao-Paulo-confirma-segundo-caso-importado-de-sarampo-Foto-Divulgacao-Josue-Damacena-IOC-Fiocruz-280426.jpg",1200,718,false],"chromenews-featured":["https:\/\/noticiasbahia360.com.br\/wp-content\/uploads\/2026\/04\/Sao-Paulo-confirma-segundo-caso-importado-de-sarampo-Foto-Divulgacao-Josue-Damacena-IOC-Fiocruz-280426-1024x613.jpg",1024,613,true],"chromenews-large":["https:\/\/noticiasbahia360.com.br\/wp-content\/uploads\/2026\/04\/Sao-Paulo-confirma-segundo-caso-importado-de-sarampo-Foto-Divulgacao-Josue-Damacena-IOC-Fiocruz-280426-825x575.jpg",825,575,true],"chromenews-medium":["https:\/\/noticiasbahia360.com.br\/wp-content\/uploads\/2026\/04\/Sao-Paulo-confirma-segundo-caso-importado-de-sarampo-Foto-Divulgacao-Josue-Damacena-IOC-Fiocruz-280426-590x410.jpg",590,410,true]},"author_info":{"display_name":"noticiasbahia360.com.br","author_link":"https:\/\/noticiasbahia360.com.br\/?author=1"},"category_info":"<a href=\"https:\/\/noticiasbahia360.com.br\/?cat=8\" rel=\"category\">Bahia<\/a> <a href=\"https:\/\/noticiasbahia360.com.br\/?cat=9\" rel=\"category\">Brasil<\/a> <a href=\"https:\/\/noticiasbahia360.com.br\/?cat=6\" rel=\"category\">Feira de Santana<\/a> <a href=\"https:\/\/noticiasbahia360.com.br\/?cat=57\" rel=\"category\">Mundo<\/a> <a href=\"https:\/\/noticiasbahia360.com.br\/?cat=56\" rel=\"category\">Pol\u00edcia<\/a> <a href=\"https:\/\/noticiasbahia360.com.br\/?cat=10\" rel=\"category\">Pol\u00edtica<\/a>","tag_info":"Pol\u00edtica","comment_count":"0","_links":{"self":[{"href":"https:\/\/noticiasbahia360.com.br\/index.php?rest_route=\/wp\/v2\/posts\/128752","targetHints":{"allow":["GET"]}}],"collection":[{"href":"https:\/\/noticiasbahia360.com.br\/index.php?rest_route=\/wp\/v2\/posts"}],"about":[{"href":"https:\/\/noticiasbahia360.com.br\/index.php?rest_route=\/wp\/v2\/types\/post"}],"author":[{"embeddable":true,"href":"https:\/\/noticiasbahia360.com.br\/index.php?rest_route=\/wp\/v2\/users\/1"}],"replies":[{"embeddable":true,"href":"https:\/\/noticiasbahia360.com.br\/index.php?rest_route=%2Fwp%2Fv2%2Fcomments&post=128752"}],"version-history":[{"count":0,"href":"https:\/\/noticiasbahia360.com.br\/index.php?rest_route=\/wp\/v2\/posts\/128752\/revisions"}],"wp:featuredmedia":[{"embeddable":true,"href":"https:\/\/noticiasbahia360.com.br\/index.php?rest_route=\/wp\/v2\/media\/128753"}],"wp:attachment":[{"href":"https:\/\/noticiasbahia360.com.br\/index.php?rest_route=%2Fwp%2Fv2%2Fmedia&parent=128752"}],"wp:term":[{"taxonomy":"category","embeddable":true,"href":"https:\/\/noticiasbahia360.com.br\/index.php?rest_route=%2Fwp%2Fv2%2Fcategories&post=128752"},{"taxonomy":"post_tag","embeddable":true,"href":"https:\/\/noticiasbahia360.com.br\/index.php?rest_route=%2Fwp%2Fv2%2Ftags&post=128752"}],"curies":[{"name":"wp","href":"https:\/\/api.w.org\/{rel}","templated":true}]}}