{"id":128754,"date":"2026-04-28T17:16:15","date_gmt":"2026-04-28T20:16:15","guid":{"rendered":"https:\/\/noticiasbahia360.com.br\/?p=128754"},"modified":"2026-04-28T17:16:15","modified_gmt":"2026-04-28T20:16:15","slug":"policial-militar-e-preso-suspeito-de-matar-homem-a-tiros-em-salvador","status":"publish","type":"post","link":"https:\/\/noticiasbahia360.com.br\/?p=128754","title":{"rendered":"Policial militar \u00e9 preso suspeito de matar homem a tiros em Salvador"},"content":{"rendered":"<div>\n<p>Uma a\u00e7\u00e3o policial prendeu um homem, de 32 anos, investigado pelo crime de homic\u00eddio, na manh\u00e3 desta ter\u00e7a-feira (28), no bairro Ponto Parada, no munic\u00edpio de <a href=\"https:\/\/www.acordacidade.com.br\/tag\/simoes-filho\/\" type=\"post_tag\" id=\"35290\">Sim\u00f5es Filho<\/a>. Ele \u00e9 investigado pela morte de Tiago Lopes Moreira, v\u00edtima de disparos de arma de fogo, na madrugada do dia 9 de mar\u00e7o deste ano, no bairro de Itapu\u00e3, em Salvador. <\/p>\n<figure class=\"wp-block-image size-full\"><img fetchpriority=\"high\" fetchpriority=\"high\" decoding=\"async\" width=\"1200\" height=\"848\" src=\"http:\/\/noticiasbahia360.com.br\/wp-content\/uploads\/2026\/04\/Homem-morto-por-PM-em-Salvador.webp\" alt=\"Policial militar \u00e9 preso suspeito de matar homem a tiros em Salvador\" class=\"wp-image-650829\" srcset=\"http:\/\/noticiasbahia360.com.br\/wp-content\/uploads\/2026\/04\/Homem-morto-por-PM-em-Salvador.webp 1200w, https:\/\/uploads.acordacidade.com.br\/2026\/04\/Homem-morto-por-PM-em-Salvador-750x530.webp 750w, https:\/\/uploads.acordacidade.com.br\/2026\/04\/Homem-morto-por-PM-em-Salvador-1000x707.webp 1000w, https:\/\/uploads.acordacidade.com.br\/2026\/04\/Homem-morto-por-PM-em-Salvador-450x318.webp 450w, https:\/\/uploads.acordacidade.com.br\/2026\/04\/Homem-morto-por-PM-em-Salvador-150x106.webp 150w\" sizes=\"(max-width: 1200px) 100vw, 1200px\"><figcaption class=\"wp-element-caption\">A v\u00edtima, identificada como Tiago Lopes Moreira, conhecido como \u201cBaixinho\u201d, foi encontrada morta na areia da praia | Foto: Reprodu\u00e7\u00e3o\/Redes Sociais<\/figcaption><\/figure>\n<p>As dilig\u00eancias foram realizadas por policiais civis da 1\u00aa Delegacia de Homic\u00eddios (DH\/Atl\u00e2ntico), ap\u00f3s investiga\u00e7\u00f5es efetuadas pela unidade policial que integra o Departamento de Homic\u00eddios e Prote\u00e7\u00e3o \u00e0 Pessoa (DHPP). Durante as dilig\u00eancias investigativas, foram analisadas imagens de c\u00e2meras de videomonitoramento da Secretaria da Seguran\u00e7a P\u00fablica (SSP), al\u00e9m de oitivas de testemunhas e do cruzamento de informa\u00e7\u00f5es com a Corregedoria da Pol\u00edcia Militar.<\/p>\n<p>O investigado foi apresentado na sede do DHPP, onde um mandado de pris\u00e3o tempor\u00e1ria foi cumprido. Ele permanece custodiado \u00e0 disposi\u00e7\u00e3o do Poder Judici\u00e1rio. As investiga\u00e7\u00f5es seguem em curso, com dilig\u00eancias cont\u00ednuas visando \u00e0 completa elucida\u00e7\u00e3o dos fatos, bem como ao aprofundamento da an\u00e1lise t\u00e9cnica das provas j\u00e1 coletadas.<\/p>\n<p><em>Siga o Acorda Cidade no<\/em><a href=\"https:\/\/news.google.com\/search?q=acorda%20cidade&amp;hl=pt-BR&amp;gl=BR&amp;ceid=BR%3Apt-419\"><strong><em>\u00a0Google Not\u00edcias<\/em><\/strong><\/a><em>\u00a0e receba os principais destaques do dia. Participe tamb\u00e9m dos nossos canais no\u00a0<\/em><a href=\"https:\/\/www.whatsapp.com\/channel\/0029Va6Rb4v3WHTNnsh8WI3N\"><strong><em>WhatsApp<\/em><\/strong><\/a><em>\u00a0e\u00a0<\/em><a href=\"https:\/\/www.youtube.com\/@acordacidadenoticias\/videos\"><strong>YouTube<\/strong><\/a><em>\u00a0e grupo de\u00a0<\/em><a href=\"https:\/\/t.me\/+sSz0khrgARA0ZmRh\"><strong><em>Telegram<\/em><\/strong><\/a><em>.<\/em><\/p>\n<\/div>\n","protected":false},"excerpt":{"rendered":"<div>Ele \u00e9 investigado pela morte de Tiago Lopes Moreira, v\u00edtima de disparos de arma de fogo, na madrugada do dia 9 de mar\u00e7o.<\/div>\n","protected":false},"author":1,"featured_media":128755,"comment_status":"closed","ping_status":"closed","sticky":false,"template":"","format":"gallery","meta":{"footnotes":""},"categories":[8,9,6,57,56,10],"tags":[],"class_list":["post-128754","post","type-post","status-publish","format-gallery","has-post-thumbnail","hentry","category-bahia","category-brasil","category-feira-de-santana","category-mundo","category-policia","category-politica","post_format-post-format-gallery"],"featured_image_urls":{"full":["https:\/\/noticiasbahia360.com.br\/wp-content\/uploads\/2026\/04\/Homem-morto-por-PM-em-Salvador.webp",1200,848,false],"thumbnail":["https:\/\/noticiasbahia360.com.br\/wp-content\/uploads\/2026\/04\/Homem-morto-por-PM-em-Salvador-150x150.webp",150,150,true],"medium":["https:\/\/noticiasbahia360.com.br\/wp-content\/uploads\/2026\/04\/Homem-morto-por-PM-em-Salvador-300x212.webp",300,212,true],"medium_large":["https:\/\/noticiasbahia360.com.br\/wp-content\/uploads\/2026\/04\/Homem-morto-por-PM-em-Salvador-768x543.webp",640,453,true],"large":["https:\/\/noticiasbahia360.com.br\/wp-content\/uploads\/2026\/04\/Homem-morto-por-PM-em-Salvador-1024x724.webp",640,453,true],"1536x1536":["https:\/\/noticiasbahia360.com.br\/wp-content\/uploads\/2026\/04\/Homem-morto-por-PM-em-Salvador.webp",1200,848,false],"2048x2048":["https:\/\/noticiasbahia360.com.br\/wp-content\/uploads\/2026\/04\/Homem-morto-por-PM-em-Salvador.webp",1200,848,false],"chromenews-featured":["https:\/\/noticiasbahia360.com.br\/wp-content\/uploads\/2026\/04\/Homem-morto-por-PM-em-Salvador-1024x724.webp",1024,724,true],"chromenews-large":["https:\/\/noticiasbahia360.com.br\/wp-content\/uploads\/2026\/04\/Homem-morto-por-PM-em-Salvador-825x575.webp",825,575,true],"chromenews-medium":["https:\/\/noticiasbahia360.com.br\/wp-content\/uploads\/2026\/04\/Homem-morto-por-PM-em-Salvador-590x410.webp",590,410,true]},"author_info":{"display_name":"noticiasbahia360.com.br","author_link":"https:\/\/noticiasbahia360.com.br\/?author=1"},"category_info":"<a href=\"https:\/\/noticiasbahia360.com.br\/?cat=8\" rel=\"category\">Bahia<\/a> <a href=\"https:\/\/noticiasbahia360.com.br\/?cat=9\" rel=\"category\">Brasil<\/a> <a href=\"https:\/\/noticiasbahia360.com.br\/?cat=6\" rel=\"category\">Feira de Santana<\/a> <a href=\"https:\/\/noticiasbahia360.com.br\/?cat=57\" rel=\"category\">Mundo<\/a> <a href=\"https:\/\/noticiasbahia360.com.br\/?cat=56\" rel=\"category\">Pol\u00edcia<\/a> <a href=\"https:\/\/noticiasbahia360.com.br\/?cat=10\" rel=\"category\">Pol\u00edtica<\/a>","tag_info":"Pol\u00edtica","comment_count":"0","_links":{"self":[{"href":"https:\/\/noticiasbahia360.com.br\/index.php?rest_route=\/wp\/v2\/posts\/128754","targetHints":{"allow":["GET"]}}],"collection":[{"href":"https:\/\/noticiasbahia360.com.br\/index.php?rest_route=\/wp\/v2\/posts"}],"about":[{"href":"https:\/\/noticiasbahia360.com.br\/index.php?rest_route=\/wp\/v2\/types\/post"}],"author":[{"embeddable":true,"href":"https:\/\/noticiasbahia360.com.br\/index.php?rest_route=\/wp\/v2\/users\/1"}],"replies":[{"embeddable":true,"href":"https:\/\/noticiasbahia360.com.br\/index.php?rest_route=%2Fwp%2Fv2%2Fcomments&post=128754"}],"version-history":[{"count":0,"href":"https:\/\/noticiasbahia360.com.br\/index.php?rest_route=\/wp\/v2\/posts\/128754\/revisions"}],"wp:featuredmedia":[{"embeddable":true,"href":"https:\/\/noticiasbahia360.com.br\/index.php?rest_route=\/wp\/v2\/media\/128755"}],"wp:attachment":[{"href":"https:\/\/noticiasbahia360.com.br\/index.php?rest_route=%2Fwp%2Fv2%2Fmedia&parent=128754"}],"wp:term":[{"taxonomy":"category","embeddable":true,"href":"https:\/\/noticiasbahia360.com.br\/index.php?rest_route=%2Fwp%2Fv2%2Fcategories&post=128754"},{"taxonomy":"post_tag","embeddable":true,"href":"https:\/\/noticiasbahia360.com.br\/index.php?rest_route=%2Fwp%2Fv2%2Ftags&post=128754"}],"curies":[{"name":"wp","href":"https:\/\/api.w.org\/{rel}","templated":true}]}}