{"id":128756,"date":"2026-04-28T17:26:11","date_gmt":"2026-04-28T20:26:11","guid":{"rendered":"https:\/\/noticiasbahia360.com.br\/?p=128756"},"modified":"2026-04-28T17:26:11","modified_gmt":"2026-04-28T20:26:11","slug":"camara-aprova-em-1a-votacao-projeto-de-lei-para-distribuir-mounjaro-de-graca-em-feira-de-santana","status":"publish","type":"post","link":"https:\/\/noticiasbahia360.com.br\/?p=128756","title":{"rendered":"C\u00e2mara aprova em 1\u00aa vota\u00e7\u00e3o projeto de lei para distribuir \u2018Mounjaro\u2019 de gra\u00e7a em Feira de Santana"},"content":{"rendered":"<div>\n<div>\n<figure><img decoding=\"async\" src=\"http:\/\/noticiasbahia360.com.br\/wp-content\/uploads\/2026\/04\/mounjaro-reproducao-agenciabrasil.jpg\" alt=\"Medicamento Mounjaro\"><figcaption>Foto: Reprodu\u00e7\u00e3o Ag\u00eancia Brasil<\/figcaption><\/figure>\n<\/div>\n<div class=\"wp-block-group\">\n<div class=\"wp-block-group__inner-container is-layout-constrained wp-block-group-is-layout-constrained\">\n<figure class=\"wp-block-image size-large\"><img fetchpriority=\"high\" fetchpriority=\"high\" decoding=\"async\" width=\"1200\" height=\"675\" src=\"http:\/\/noticiasbahia360.com.br\/wp-content\/uploads\/2026\/04\/Canetas-Emagrecedoras-edited.webp\" alt=\"Canetas Emagrecedoras\" class=\"wp-image-650738\" srcset=\"http:\/\/noticiasbahia360.com.br\/wp-content\/uploads\/2026\/04\/Canetas-Emagrecedoras-edited.webp 1200w, https:\/\/uploads.acordacidade.com.br\/2026\/04\/Canetas-Emagrecedoras-edited-750x422.webp 750w, https:\/\/uploads.acordacidade.com.br\/2026\/04\/Canetas-Emagrecedoras-edited-1000x563.webp 1000w, https:\/\/uploads.acordacidade.com.br\/2026\/04\/Canetas-Emagrecedoras-edited-450x253.webp 450w, https:\/\/uploads.acordacidade.com.br\/2026\/04\/Canetas-Emagrecedoras-edited-150x84.webp 150w\" sizes=\"(max-width: 1200px) 100vw, 1200px\"><figcaption class=\"wp-element-caption\">Foto: Freepik\/Criado por IA<\/figcaption><\/figure>\n<p>A C\u00e2mara de Vereadores de Feira de Santana aprovou, de forma un\u00e2nime, em 1\u00aa vota\u00e7\u00e3o, o projeto de lei (PL) que pretende disponibilizar, de forma gratuita, a <em>tirzepatida<\/em>, subst\u00e2ncia utilizada para o tratamento da obesidade, conhecida popularmente como \u2018Mounjaro\u2019.<\/p>\n<p>O texto, que foi votado na sess\u00e3o desta ter\u00e7a-feira (28), autoriza a prefeitura da cidade conhecida como Princesa do Sert\u00e3o a instituir diretrizes para disponibilizar e aplicar as famosas \u201ccanetas emagrecedoras\u201d para pacientes em unidades b\u00e1sicas de sa\u00fade (UBS).<\/p>\n<p>Em entrevista ao <a href=\"https:\/\/www.acordacidade.com.br\/\">Acorda Cidade<\/a>, Marcos Lima (Uni\u00e3o Brasil), presidente da C\u00e2mara e autor do projeto de lei, confessou estar muito feliz com a tramita\u00e7\u00e3o do texto, que o vereador considera uma medida extremamente importante para a popula\u00e7\u00e3o.<\/p>\n<figure class=\"wp-block-image size-full\"><img decoding=\"async\" width=\"1200\" height=\"725\" src=\"http:\/\/noticiasbahia360.com.br\/wp-content\/uploads\/2026\/04\/Marcos-Lima-ft-paulo-jose-acorda-cidade.webp\" alt=\"Presidente da C\u00e2mara critica cach\u00eas milion\u00e1rios e anuncia projeto para limitar gastos com artistas em Feira de Santana\" class=\"wp-image-627334\" srcset=\"http:\/\/noticiasbahia360.com.br\/wp-content\/uploads\/2026\/04\/Marcos-Lima-ft-paulo-jose-acorda-cidade.webp 1200w, https:\/\/www.acordacidade.com.br\/wp-content\/uploads\/2026\/02\/Marcos-Lima-ft-paulo-jose-acorda-cidade-604x365.webp 604w, https:\/\/www.acordacidade.com.br\/wp-content\/uploads\/2026\/02\/Marcos-Lima-ft-paulo-jose-acorda-cidade-915x553.webp 915w, https:\/\/www.acordacidade.com.br\/wp-content\/uploads\/2026\/02\/Marcos-Lima-ft-paulo-jose-acorda-cidade-140x85.webp 140w, https:\/\/www.acordacidade.com.br\/wp-content\/uploads\/2026\/02\/Marcos-Lima-ft-paulo-jose-acorda-cidade-392x237.webp 392w, https:\/\/www.acordacidade.com.br\/wp-content\/uploads\/2026\/02\/Marcos-Lima-ft-paulo-jose-acorda-cidade-150x91.webp 150w\" sizes=\"(max-width: 1200px) 100vw, 1200px\"><figcaption class=\"wp-element-caption\">Marcos Lima | Foto: Paulo Jos\u00e9\/Acorda Cidade<\/figcaption><\/figure>\n<p>\u201cUma cirurgia bari\u00e1trica custa uma fortuna, sem contar os problemas que podem aparecer depois. H\u00e1 casos em que o paciente pode at\u00e9 chegar \u00e0 morte ap\u00f3s essa cirurgia. Ent\u00e3o, n\u00f3s temos um medicamento que \u00e9 eficaz, que, uma vez sendo disponibilizado pela prefeitura em parceria com o SUS, vai fazer esse tratamento com muito mais qualidade e com muito mais seguran\u00e7a\u201d, disse Lima.<\/p>\n<p>O vereador tamb\u00e9m explicou que, al\u00e9m dos pacientes obesos, o projeto de lei d\u00e1 margem para que o medicamento seja disponibilizado para pessoas em tratamento da diabetes tipo 2. Para Lima, o texto foi elaborado pensando no bem-estar da popula\u00e7\u00e3o.<\/p>\n<p>\u201cTudo que n\u00f3s estamos buscando aqui \u00e9 para melhorar a qualidade de vida das pessoas, principalmente daquelas mais carentes que n\u00e3o t\u00eam condi\u00e7\u00e3o de pagar. S\u00e3o pessoas com 180, 200 kg que precisam reduzir o seu peso para poder ter qualidade de vida, para ter sa\u00fade e, muitas das vezes, n\u00e3o conseguem fazer a bari\u00e1trica e, quando conseguem, podem ter complica\u00e7\u00f5es\u201d, afirmou o vereador.<\/p>\n<\/div>\n<\/div>\n<div class=\"wp-block-group\">\n<div class=\"wp-block-group__inner-container is-layout-constrained wp-block-group-is-layout-constrained\">\n<h3 class=\"wp-block-heading\" id=\"h-liberou-geral\">Liberou geral?<\/h3>\n<p>Em uma consulta ao texto do projeto, \u00e9 poss\u00edvel constatar que, mesmo se for aprovado, a lei dever\u00e1 garantir o medicamento para emagrecer somente para pessoas que tenham a indica\u00e7\u00e3o m\u00e9dica claramente comprovada.<\/p>\n<p>\u201cTer\u00e1 todo um crit\u00e9rio. N\u00e3o vai ser assim: chegou l\u00e1 no postinho, \u2018eu quero aplicar Mounjaro porque eu t\u00f4 gordinho e eu quero emagrecer\u2019. V\u00e3o ter crit\u00e9rios m\u00e9dicos. Essa aplica\u00e7\u00e3o ser\u00e1 acompanhada por uma equipe de profissionais para garantir que aquela pessoa que realmente tem obesidade, que realmente precise, tenha o medicamento garantido\u201d, finalizou o presidente da C\u00e2mara.<\/p>\n<\/div>\n<\/div>\n<p><em>Com informa\u00e7\u00f5es do rep\u00f3rter Paulo Jos\u00e9, do Acorda Cidade<\/em><\/p>\n<p><strong>Leia tamb\u00e9m:<\/strong><\/p>\n<p><a href=\"https:\/\/www.acordacidade.com.br\/feira-de-santana\/vereador-apresenta-projeto-para-distribuir-canetas-emagrecedoras-de-graca-em-feira-de-santana\/\">Vereador apresenta projeto para distribuir canetas emagrecedoras de gra\u00e7a em Feira de Santana<\/a><\/p>\n<p><em>Siga o Acorda Cidade no<\/em><a href=\"https:\/\/news.google.com\/search?q=acorda%20cidade&amp;hl=pt-BR&amp;gl=BR&amp;ceid=BR%3Apt-419\"><strong><em>\u00a0Google Not\u00edcias<\/em><\/strong><\/a><em>\u00a0e receba os principais destaques do dia. Participe tamb\u00e9m dos nossos canais no\u00a0<\/em><a href=\"https:\/\/www.whatsapp.com\/channel\/0029Va6Rb4v3WHTNnsh8WI3N\"><strong><em>WhatsApp<\/em><\/strong><\/a><em>\u00a0e\u00a0<\/em><a href=\"https:\/\/www.youtube.com\/@acordacidadenoticias\/videos\"><strong>YouTube<\/strong><\/a><em>\u00a0e grupo de\u00a0<\/em><a href=\"https:\/\/t.me\/+sSz0khrgARA0ZmRh\"><strong><em>Telegram<\/em><\/strong><\/a><em>.<\/em><\/p>\n<\/div>\n","protected":false},"excerpt":{"rendered":"<div>\n<div>\n<figure><img decoding=\"async\" src=\"https:\/\/www.acordacidade.com.br\/wp-content\/uploads\/2025\/06\/mounjaro-reproducao-agenciabrasil.jpg\" alt=\"Medicamento Mounjaro\"><figcaption>Foto: Reprodu\u00e7\u00e3o Ag\u00eancia Brasil<\/figcaption><\/figure>\n<\/div>\n<p>O texto autoriza a prefeitura a disponibilizar e aplicar as canetas emagrecedoras para pacientes em unidades b\u00e1sicas de sa\u00fade.<\/p><\/div>\n","protected":false},"author":1,"featured_media":128757,"comment_status":"closed","ping_status":"closed","sticky":false,"template":"","format":"gallery","meta":{"footnotes":""},"categories":[8,9,6,57,56,10],"tags":[],"class_list":["post-128756","post","type-post","status-publish","format-gallery","has-post-thumbnail","hentry","category-bahia","category-brasil","category-feira-de-santana","category-mundo","category-policia","category-politica","post_format-post-format-gallery"],"featured_image_urls":{"full":["https:\/\/noticiasbahia360.com.br\/wp-content\/uploads\/2026\/04\/mounjaro-reproducao-agenciabrasil.jpg",1200,718,false],"thumbnail":["https:\/\/noticiasbahia360.com.br\/wp-content\/uploads\/2026\/04\/mounjaro-reproducao-agenciabrasil-150x150.jpg",150,150,true],"medium":["https:\/\/noticiasbahia360.com.br\/wp-content\/uploads\/2026\/04\/mounjaro-reproducao-agenciabrasil-300x180.jpg",300,180,true],"medium_large":["https:\/\/noticiasbahia360.com.br\/wp-content\/uploads\/2026\/04\/mounjaro-reproducao-agenciabrasil-768x460.jpg",640,383,true],"large":["https:\/\/noticiasbahia360.com.br\/wp-content\/uploads\/2026\/04\/mounjaro-reproducao-agenciabrasil-1024x613.jpg",640,383,true],"1536x1536":["https:\/\/noticiasbahia360.com.br\/wp-content\/uploads\/2026\/04\/mounjaro-reproducao-agenciabrasil.jpg",1200,718,false],"2048x2048":["https:\/\/noticiasbahia360.com.br\/wp-content\/uploads\/2026\/04\/mounjaro-reproducao-agenciabrasil.jpg",1200,718,false],"chromenews-featured":["https:\/\/noticiasbahia360.com.br\/wp-content\/uploads\/2026\/04\/mounjaro-reproducao-agenciabrasil-1024x613.jpg",1024,613,true],"chromenews-large":["https:\/\/noticiasbahia360.com.br\/wp-content\/uploads\/2026\/04\/mounjaro-reproducao-agenciabrasil-825x575.jpg",825,575,true],"chromenews-medium":["https:\/\/noticiasbahia360.com.br\/wp-content\/uploads\/2026\/04\/mounjaro-reproducao-agenciabrasil-590x410.jpg",590,410,true]},"author_info":{"display_name":"noticiasbahia360.com.br","author_link":"https:\/\/noticiasbahia360.com.br\/?author=1"},"category_info":"<a href=\"https:\/\/noticiasbahia360.com.br\/?cat=8\" rel=\"category\">Bahia<\/a> <a href=\"https:\/\/noticiasbahia360.com.br\/?cat=9\" rel=\"category\">Brasil<\/a> <a href=\"https:\/\/noticiasbahia360.com.br\/?cat=6\" rel=\"category\">Feira de Santana<\/a> <a href=\"https:\/\/noticiasbahia360.com.br\/?cat=57\" rel=\"category\">Mundo<\/a> <a href=\"https:\/\/noticiasbahia360.com.br\/?cat=56\" rel=\"category\">Pol\u00edcia<\/a> <a href=\"https:\/\/noticiasbahia360.com.br\/?cat=10\" rel=\"category\">Pol\u00edtica<\/a>","tag_info":"Pol\u00edtica","comment_count":"0","_links":{"self":[{"href":"https:\/\/noticiasbahia360.com.br\/index.php?rest_route=\/wp\/v2\/posts\/128756","targetHints":{"allow":["GET"]}}],"collection":[{"href":"https:\/\/noticiasbahia360.com.br\/index.php?rest_route=\/wp\/v2\/posts"}],"about":[{"href":"https:\/\/noticiasbahia360.com.br\/index.php?rest_route=\/wp\/v2\/types\/post"}],"author":[{"embeddable":true,"href":"https:\/\/noticiasbahia360.com.br\/index.php?rest_route=\/wp\/v2\/users\/1"}],"replies":[{"embeddable":true,"href":"https:\/\/noticiasbahia360.com.br\/index.php?rest_route=%2Fwp%2Fv2%2Fcomments&post=128756"}],"version-history":[{"count":0,"href":"https:\/\/noticiasbahia360.com.br\/index.php?rest_route=\/wp\/v2\/posts\/128756\/revisions"}],"wp:featuredmedia":[{"embeddable":true,"href":"https:\/\/noticiasbahia360.com.br\/index.php?rest_route=\/wp\/v2\/media\/128757"}],"wp:attachment":[{"href":"https:\/\/noticiasbahia360.com.br\/index.php?rest_route=%2Fwp%2Fv2%2Fmedia&parent=128756"}],"wp:term":[{"taxonomy":"category","embeddable":true,"href":"https:\/\/noticiasbahia360.com.br\/index.php?rest_route=%2Fwp%2Fv2%2Fcategories&post=128756"},{"taxonomy":"post_tag","embeddable":true,"href":"https:\/\/noticiasbahia360.com.br\/index.php?rest_route=%2Fwp%2Fv2%2Ftags&post=128756"}],"curies":[{"name":"wp","href":"https:\/\/api.w.org\/{rel}","templated":true}]}}