{"id":128760,"date":"2026-04-28T17:26:12","date_gmt":"2026-04-28T20:26:12","guid":{"rendered":"https:\/\/noticiasbahia360.com.br\/?p=128760"},"modified":"2026-04-28T17:26:12","modified_gmt":"2026-04-28T20:26:12","slug":"neoenergia-coelba-distribui-lampadas-de-led-nesta-semana-saiba-como-participar","status":"publish","type":"post","link":"https:\/\/noticiasbahia360.com.br\/?p=128760","title":{"rendered":"Neoenergia Coelba distribui l\u00e2mpadas de LED nesta semana; saiba como participar"},"content":{"rendered":"<div>\n<div>\n<figure><img decoding=\"async\" src=\"http:\/\/noticiasbahia360.com.br\/wp-content\/uploads\/2026\/04\/Moradores-de-Feira-de-Santana-podem-receber-lampadas-LED-gratuitamente-nesta-semana-Foto-Divulgacao-280426.jpg\" alt=\"\"><figcaption>Foto: Divulga\u00e7\u00e3o <\/figcaption><\/figure>\n<\/div>\n<p>A Neoenergia Coelba inicia, nesta ter\u00e7a-feira (28), uma a\u00e7\u00e3o de atendimento itinerante em Feira de Santana. Atrav\u00e9s do projeto Energia com Cidadania (ECC), os moradores poder\u00e3o substituir l\u00e2mpadas ineficientes (fluorescentes, incandescentes ou hal\u00f3genas) por modelos LED, que s\u00e3o mais econ\u00f4micos e dur\u00e1veis. A iniciativa percorrer\u00e1 os principais bairros do munic\u00edpio at\u00e9 a pr\u00f3xima sexta-feira (1\u00b0).<\/p>\n<p>Al\u00e9m da substitui\u00e7\u00e3o de l\u00e2mpadas, a unidade m\u00f3vel oferece orienta\u00e7\u00f5es sobre o uso consciente e seguro da energia el\u00e9trica e facilita a negocia\u00e7\u00e3o de d\u00e9bitos para clientes que desejam regularizar suas faturas por meio de cart\u00f5es de cr\u00e9dito ou d\u00e9bito.<\/p>\n<h2 class=\"wp-block-heading\" id=\"h-criterios-para-participacao\">Crit\u00e9rios para participa\u00e7\u00e3o<\/h2>\n<p>Para ter acesso ao benef\u00edcio da troca gratuita (limitada a cinco l\u00e2mpadas por contrato), o cliente deve atender aos seguintes requisitos:<\/p>\n<ul class=\"wp-block-list\">\n<li>Ser cliente residencial ou rural-residencial;<\/li>\n<li>Ser morador de comunidade popular ou estar cadastrado na Tarifa Social de Energia El\u00e9trica (TSEE);<\/li>\n<li>Apresentar a conta de energia mais recente (sem d\u00e9bitos anteriores);<\/li>\n<li>Entregar as l\u00e2mpadas ineficientes que estavam em uso;<\/li>\n<li>N\u00e3o ter participado de projetos de troca de l\u00e2mpadas da concession\u00e1ria nos \u00faltimos seis anos.<\/li>\n<\/ul>\n<h2 class=\"wp-block-heading\" id=\"h-educacao-e-sustentabilidade\">Educa\u00e7\u00e3o e Sustentabilidade<\/h2>\n<p>Durante a semana, tamb\u00e9m ser\u00e3o realizadas palestras educativas com o objetivo de conscientizar a popula\u00e7\u00e3o sobre h\u00e1bitos que ajudam a reduzir o valor da conta de luz e evitar acidentes dom\u00e9sticos com a rede el\u00e9trica.<\/p>\n<p>A iniciativa integra o Programa de Efici\u00eancia Energ\u00e9tica da distribuidora, regulado pela Ag\u00eancia Nacional de Energia El\u00e9trica (Aneel). No ano de 2025, o projeto Energia com Cidadania j\u00e1 beneficiou cerca de 40 mil fam\u00edlias baianas, promovendo a substitui\u00e7\u00e3o de mais de 180 mil l\u00e2mpadas em todo o estado.<\/p>\n<p><em>Siga o Acorda Cidade no\u00a0<\/em><a href=\"https:\/\/news.google.com\/search?q=acorda%20cidade&amp;hl=pt-BR&amp;gl=BR&amp;ceid=BR%3Apt-419\"><strong><em>Google Not\u00edcias<\/em><\/strong><\/a><em>\u00a0e receba os principais destaques do dia. Participe tamb\u00e9m dos nossos canais no\u00a0<\/em><a href=\"https:\/\/www.whatsapp.com\/channel\/0029Va6Rb4v3WHTNnsh8WI3N\"><strong><em>WhatsApp<\/em><\/strong><\/a><em>\u00a0e\u00a0<\/em><a href=\"https:\/\/www.youtube.com\/@acordacidadenoticias\/videos\"><strong>YouTube<\/strong><\/a><em>\u00a0e grupo de\u00a0<\/em><a href=\"https:\/\/t.me\/+sSz0khrgARA0ZmRh\"><strong><em>Telegram<\/em><\/strong><\/a><em>.<\/em><\/p>\n<\/div>\n","protected":false},"excerpt":{"rendered":"<div>\n<div>\n<figure><img decoding=\"async\" src=\"https:\/\/uploads.acordacidade.com.br\/2026\/04\/Moradores-de-Feira-de-Santana-podem-receber-lampadas-LED-gratuitamente-nesta-semana-Foto-Divulgacao-280426.jpg\" alt=\"\"><figcaption>Foto: Divulga\u00e7\u00e3o <\/figcaption><\/figure>\n<\/div>\n<p>Al\u00e9m da substitui\u00e7\u00e3o de l\u00e2mpadas, a unidade m\u00f3vel da Coelba oferece orienta\u00e7\u00f5es sobre o uso consciente e seguro da energia el\u00e9trica.<\/p><\/div>\n","protected":false},"author":1,"featured_media":128761,"comment_status":"closed","ping_status":"closed","sticky":false,"template":"","format":"gallery","meta":{"footnotes":""},"categories":[8,9,6,57,56,10],"tags":[],"class_list":["post-128760","post","type-post","status-publish","format-gallery","has-post-thumbnail","hentry","category-bahia","category-brasil","category-feira-de-santana","category-mundo","category-policia","category-politica","post_format-post-format-gallery"],"featured_image_urls":{"full":["https:\/\/noticiasbahia360.com.br\/wp-content\/uploads\/2026\/04\/Moradores-de-Feira-de-Santana-podem-receber-lampadas-LED-gratuitamente-nesta-semana-Foto-Divulgacao-280426.jpg",1200,800,false],"thumbnail":["https:\/\/noticiasbahia360.com.br\/wp-content\/uploads\/2026\/04\/Moradores-de-Feira-de-Santana-podem-receber-lampadas-LED-gratuitamente-nesta-semana-Foto-Divulgacao-280426-150x150.jpg",150,150,true],"medium":["https:\/\/noticiasbahia360.com.br\/wp-content\/uploads\/2026\/04\/Moradores-de-Feira-de-Santana-podem-receber-lampadas-LED-gratuitamente-nesta-semana-Foto-Divulgacao-280426-300x200.jpg",300,200,true],"medium_large":["https:\/\/noticiasbahia360.com.br\/wp-content\/uploads\/2026\/04\/Moradores-de-Feira-de-Santana-podem-receber-lampadas-LED-gratuitamente-nesta-semana-Foto-Divulgacao-280426-768x512.jpg",640,427,true],"large":["https:\/\/noticiasbahia360.com.br\/wp-content\/uploads\/2026\/04\/Moradores-de-Feira-de-Santana-podem-receber-lampadas-LED-gratuitamente-nesta-semana-Foto-Divulgacao-280426-1024x683.jpg",640,427,true],"1536x1536":["https:\/\/noticiasbahia360.com.br\/wp-content\/uploads\/2026\/04\/Moradores-de-Feira-de-Santana-podem-receber-lampadas-LED-gratuitamente-nesta-semana-Foto-Divulgacao-280426.jpg",1200,800,false],"2048x2048":["https:\/\/noticiasbahia360.com.br\/wp-content\/uploads\/2026\/04\/Moradores-de-Feira-de-Santana-podem-receber-lampadas-LED-gratuitamente-nesta-semana-Foto-Divulgacao-280426.jpg",1200,800,false],"chromenews-featured":["https:\/\/noticiasbahia360.com.br\/wp-content\/uploads\/2026\/04\/Moradores-de-Feira-de-Santana-podem-receber-lampadas-LED-gratuitamente-nesta-semana-Foto-Divulgacao-280426-1024x683.jpg",1024,683,true],"chromenews-large":["https:\/\/noticiasbahia360.com.br\/wp-content\/uploads\/2026\/04\/Moradores-de-Feira-de-Santana-podem-receber-lampadas-LED-gratuitamente-nesta-semana-Foto-Divulgacao-280426-825x575.jpg",825,575,true],"chromenews-medium":["https:\/\/noticiasbahia360.com.br\/wp-content\/uploads\/2026\/04\/Moradores-de-Feira-de-Santana-podem-receber-lampadas-LED-gratuitamente-nesta-semana-Foto-Divulgacao-280426-590x410.jpg",590,410,true]},"author_info":{"display_name":"noticiasbahia360.com.br","author_link":"https:\/\/noticiasbahia360.com.br\/?author=1"},"category_info":"<a href=\"https:\/\/noticiasbahia360.com.br\/?cat=8\" rel=\"category\">Bahia<\/a> <a href=\"https:\/\/noticiasbahia360.com.br\/?cat=9\" rel=\"category\">Brasil<\/a> <a href=\"https:\/\/noticiasbahia360.com.br\/?cat=6\" rel=\"category\">Feira de Santana<\/a> <a href=\"https:\/\/noticiasbahia360.com.br\/?cat=57\" rel=\"category\">Mundo<\/a> <a href=\"https:\/\/noticiasbahia360.com.br\/?cat=56\" rel=\"category\">Pol\u00edcia<\/a> <a href=\"https:\/\/noticiasbahia360.com.br\/?cat=10\" rel=\"category\">Pol\u00edtica<\/a>","tag_info":"Pol\u00edtica","comment_count":"0","_links":{"self":[{"href":"https:\/\/noticiasbahia360.com.br\/index.php?rest_route=\/wp\/v2\/posts\/128760","targetHints":{"allow":["GET"]}}],"collection":[{"href":"https:\/\/noticiasbahia360.com.br\/index.php?rest_route=\/wp\/v2\/posts"}],"about":[{"href":"https:\/\/noticiasbahia360.com.br\/index.php?rest_route=\/wp\/v2\/types\/post"}],"author":[{"embeddable":true,"href":"https:\/\/noticiasbahia360.com.br\/index.php?rest_route=\/wp\/v2\/users\/1"}],"replies":[{"embeddable":true,"href":"https:\/\/noticiasbahia360.com.br\/index.php?rest_route=%2Fwp%2Fv2%2Fcomments&post=128760"}],"version-history":[{"count":0,"href":"https:\/\/noticiasbahia360.com.br\/index.php?rest_route=\/wp\/v2\/posts\/128760\/revisions"}],"wp:featuredmedia":[{"embeddable":true,"href":"https:\/\/noticiasbahia360.com.br\/index.php?rest_route=\/wp\/v2\/media\/128761"}],"wp:attachment":[{"href":"https:\/\/noticiasbahia360.com.br\/index.php?rest_route=%2Fwp%2Fv2%2Fmedia&parent=128760"}],"wp:term":[{"taxonomy":"category","embeddable":true,"href":"https:\/\/noticiasbahia360.com.br\/index.php?rest_route=%2Fwp%2Fv2%2Fcategories&post=128760"},{"taxonomy":"post_tag","embeddable":true,"href":"https:\/\/noticiasbahia360.com.br\/index.php?rest_route=%2Fwp%2Fv2%2Ftags&post=128760"}],"curies":[{"name":"wp","href":"https:\/\/api.w.org\/{rel}","templated":true}]}}