{"id":128762,"date":"2026-04-28T17:41:30","date_gmt":"2026-04-28T20:41:30","guid":{"rendered":"https:\/\/noticiasbahia360.com.br\/?p=128762"},"modified":"2026-04-28T17:41:30","modified_gmt":"2026-04-28T20:41:30","slug":"arroba-do-boi-gordo-recua-em-feira-de-santana-apos-tres-semanas-de-alta-veja-o-novo-valor","status":"publish","type":"post","link":"https:\/\/noticiasbahia360.com.br\/?p=128762","title":{"rendered":"Arroba do boi gordo recua em Feira de Santana ap\u00f3s tr\u00eas semanas de alta; veja o novo valor"},"content":{"rendered":"<div>\n<div>\n<figure><img decoding=\"async\" src=\"http:\/\/noticiasbahia360.com.br\/wp-content\/uploads\/2026\/04\/arroba-do-boi.webp\" alt=\"\"><figcaption>Foto: Divulga\u00e7\u00e3o<\/figcaption><\/figure>\n<\/div>\n<p>O mercado do boi gordo em Feira de Santana registrou um leve ajuste nesta semana, com a arroba passando de R$ 350 para R$ 345,00, uma redu\u00e7\u00e3o de 1,43%. O novo valor retorna ao mesmo patamar de fechamento do m\u00eas de mar\u00e7o, <a href=\"https:\/\/www.acordacidade.com.br\/feira-de-santana\/arroba-do-boi-gordo-se-mantem-em-r-350-e-acumula-alta-de-quase-13-em-2026\/\" type=\"link\" id=\"https:\/\/www.acordacidade.com.br\/feira-de-santana\/arroba-do-boi-gordo-se-mantem-em-r-350-e-acumula-alta-de-quase-13-em-2026\/\">ap\u00f3s tr\u00eas semanas consecutivas de abril com a cota\u00e7\u00e3o sustentada em R$ 350,00.<\/a><\/p>\n<p>De acordo com a movimenta\u00e7\u00e3o observada no setor, o recuo est\u00e1 relacionado a um leve aumento na oferta de animais prontos para abate, o que ampliou a margem de negocia\u00e7\u00e3o dos frigor\u00edficos e trouxe maior equil\u00edbrio moment\u00e2neo entre oferta e demanda.<\/p>\n<p>O movimento n\u00e3o \u00e9 isolado. Em importantes pra\u00e7as pecu\u00e1rias do pa\u00eds, como S\u00e3o Paulo, Goi\u00e1s e Mato Grosso do Sul, tamb\u00e9m houve pequenas acomoda\u00e7\u00f5es nos pre\u00e7os nos \u00faltimos dias, ap\u00f3s um per\u00edodo de forte valoriza\u00e7\u00e3o da arroba. O mercado nacional segue firme, mas com frigor\u00edficos tentando alongar escalas e testar valores um pouco menores.<\/p>\n<p>Apesar da redu\u00e7\u00e3o, o cen\u00e1rio continua positivo para o pecuarista, j\u00e1 que a arroba permanece em um patamar considerado elevado para o per\u00edodo e bem acima do registrado no in\u00edcio do ano, quando os pre\u00e7os giravam em torno de R$ 310.<\/p>\n<p>Para o diretor da Cooperfeira, Agenor Campos, o momento exige aten\u00e7\u00e3o, mas n\u00e3o indica mudan\u00e7a brusca de tend\u00eancia.<\/p>\n<p>\u201cEsse ajuste \u00e9 natural dentro da din\u00e2mica do mercado. Tivemos uma leve amplia\u00e7\u00e3o da oferta de boi terminado, o que permitiu essa corre\u00e7\u00e3o, mas a arroba continua valorizada e o mercado segue firme. N\u00e3o h\u00e1 sinal de queda acentuada neste momento\u201d, avalia. Segundo ele, fatores como exporta\u00e7\u00f5es aquecidas, demanda interna est\u00e1vel e controle da oferta continuam sustentando o mercado em n\u00edveis importantes para o produtor. A expectativa para os pr\u00f3ximos dias \u00e9 de estabilidade.<\/p>\n<p>Os valores divulgados s\u00e3o baseados em informa\u00e7\u00f5es repassadas por compradores que realizam abate no Frifeira e servem como refer\u00eancia de mercado, podendo oscilar conforme a movimenta\u00e7\u00e3o di\u00e1ria.<\/p>\n<p><strong>Leia tamb\u00e9m: <a href=\"https:\/\/www.acordacidade.com.br\/feira-de-santana\/arroba-do-boi-gordo-se-mantem-em-r-350-e-acumula-alta-de-quase-13-em-2026\/\" type=\"link\" id=\"https:\/\/www.acordacidade.com.br\/feira-de-santana\/arroba-do-boi-gordo-se-mantem-em-r-350-e-acumula-alta-de-quase-13-em-2026\/\">Arroba do boi gordo se mant\u00e9m em R$ 350 e acumula alta de quase 13% em 2026<\/a><\/strong><\/p>\n<p><em>Siga o Acorda Cidade no<\/em><a href=\"https:\/\/news.google.com\/search?q=acorda%20cidade&amp;hl=pt-BR&amp;gl=BR&amp;ceid=BR%3Apt-419\"><strong><em>\u00a0Google Not\u00edcias<\/em><\/strong><\/a><em>\u00a0e receba os principais destaques do dia. Participe tamb\u00e9m dos nossos canais no\u00a0<\/em><a href=\"https:\/\/www.whatsapp.com\/channel\/0029Va6Rb4v3WHTNnsh8WI3N\"><strong><em>WhatsApp<\/em><\/strong><\/a><em>\u00a0e\u00a0<\/em><a href=\"https:\/\/www.youtube.com\/@acordacidadenoticias\/videos\"><strong>YouTube<\/strong><\/a><em>\u00a0e grupo de\u00a0<\/em><a href=\"https:\/\/t.me\/+sSz0khrgARA0ZmRh\"><strong><em>Telegram<\/em><\/strong><\/a><em>.<\/em><\/p>\n<\/div>\n","protected":false},"excerpt":{"rendered":"<div>\n<div>\n<figure><img decoding=\"async\" src=\"https:\/\/uploads.acordacidade.com.br\/2026\/04\/arroba-do-boi.webp\" alt=\"\"><figcaption>Foto: Divulga\u00e7\u00e3o<\/figcaption><\/figure>\n<\/div>\n<p>Para o diretor da Cooperfeira, Agenor Campos, o momento exige aten\u00e7\u00e3o, mas n\u00e3o indica mudan\u00e7a brusca de tend\u00eancia.<\/p><\/div>\n","protected":false},"author":1,"featured_media":128763,"comment_status":"closed","ping_status":"closed","sticky":false,"template":"","format":"gallery","meta":{"footnotes":""},"categories":[8,9,6,57,56,10],"tags":[],"class_list":["post-128762","post","type-post","status-publish","format-gallery","has-post-thumbnail","hentry","category-bahia","category-brasil","category-feira-de-santana","category-mundo","category-policia","category-politica","post_format-post-format-gallery"],"featured_image_urls":{"full":["https:\/\/noticiasbahia360.com.br\/wp-content\/uploads\/2026\/04\/arroba-do-boi.webp",1200,795,false],"thumbnail":["https:\/\/noticiasbahia360.com.br\/wp-content\/uploads\/2026\/04\/arroba-do-boi-150x150.webp",150,150,true],"medium":["https:\/\/noticiasbahia360.com.br\/wp-content\/uploads\/2026\/04\/arroba-do-boi-300x199.webp",300,199,true],"medium_large":["https:\/\/noticiasbahia360.com.br\/wp-content\/uploads\/2026\/04\/arroba-do-boi-768x509.webp",640,424,true],"large":["https:\/\/noticiasbahia360.com.br\/wp-content\/uploads\/2026\/04\/arroba-do-boi-1024x678.webp",640,424,true],"1536x1536":["https:\/\/noticiasbahia360.com.br\/wp-content\/uploads\/2026\/04\/arroba-do-boi.webp",1200,795,false],"2048x2048":["https:\/\/noticiasbahia360.com.br\/wp-content\/uploads\/2026\/04\/arroba-do-boi.webp",1200,795,false],"chromenews-featured":["https:\/\/noticiasbahia360.com.br\/wp-content\/uploads\/2026\/04\/arroba-do-boi-1024x678.webp",1024,678,true],"chromenews-large":["https:\/\/noticiasbahia360.com.br\/wp-content\/uploads\/2026\/04\/arroba-do-boi-825x575.webp",825,575,true],"chromenews-medium":["https:\/\/noticiasbahia360.com.br\/wp-content\/uploads\/2026\/04\/arroba-do-boi-590x410.webp",590,410,true]},"author_info":{"display_name":"noticiasbahia360.com.br","author_link":"https:\/\/noticiasbahia360.com.br\/?author=1"},"category_info":"<a href=\"https:\/\/noticiasbahia360.com.br\/?cat=8\" rel=\"category\">Bahia<\/a> <a href=\"https:\/\/noticiasbahia360.com.br\/?cat=9\" rel=\"category\">Brasil<\/a> <a href=\"https:\/\/noticiasbahia360.com.br\/?cat=6\" rel=\"category\">Feira de Santana<\/a> <a href=\"https:\/\/noticiasbahia360.com.br\/?cat=57\" rel=\"category\">Mundo<\/a> <a href=\"https:\/\/noticiasbahia360.com.br\/?cat=56\" rel=\"category\">Pol\u00edcia<\/a> <a href=\"https:\/\/noticiasbahia360.com.br\/?cat=10\" rel=\"category\">Pol\u00edtica<\/a>","tag_info":"Pol\u00edtica","comment_count":"0","_links":{"self":[{"href":"https:\/\/noticiasbahia360.com.br\/index.php?rest_route=\/wp\/v2\/posts\/128762","targetHints":{"allow":["GET"]}}],"collection":[{"href":"https:\/\/noticiasbahia360.com.br\/index.php?rest_route=\/wp\/v2\/posts"}],"about":[{"href":"https:\/\/noticiasbahia360.com.br\/index.php?rest_route=\/wp\/v2\/types\/post"}],"author":[{"embeddable":true,"href":"https:\/\/noticiasbahia360.com.br\/index.php?rest_route=\/wp\/v2\/users\/1"}],"replies":[{"embeddable":true,"href":"https:\/\/noticiasbahia360.com.br\/index.php?rest_route=%2Fwp%2Fv2%2Fcomments&post=128762"}],"version-history":[{"count":0,"href":"https:\/\/noticiasbahia360.com.br\/index.php?rest_route=\/wp\/v2\/posts\/128762\/revisions"}],"wp:featuredmedia":[{"embeddable":true,"href":"https:\/\/noticiasbahia360.com.br\/index.php?rest_route=\/wp\/v2\/media\/128763"}],"wp:attachment":[{"href":"https:\/\/noticiasbahia360.com.br\/index.php?rest_route=%2Fwp%2Fv2%2Fmedia&parent=128762"}],"wp:term":[{"taxonomy":"category","embeddable":true,"href":"https:\/\/noticiasbahia360.com.br\/index.php?rest_route=%2Fwp%2Fv2%2Fcategories&post=128762"},{"taxonomy":"post_tag","embeddable":true,"href":"https:\/\/noticiasbahia360.com.br\/index.php?rest_route=%2Fwp%2Fv2%2Ftags&post=128762"}],"curies":[{"name":"wp","href":"https:\/\/api.w.org\/{rel}","templated":true}]}}