{"id":128764,"date":"2026-04-28T17:56:40","date_gmt":"2026-04-28T20:56:40","guid":{"rendered":"https:\/\/noticiasbahia360.com.br\/?p=128764"},"modified":"2026-04-28T17:56:40","modified_gmt":"2026-04-28T20:56:40","slug":"thais-carla-celebra-1-ano-de-bariatrica-e-perda-de-100-kg","status":"publish","type":"post","link":"https:\/\/noticiasbahia360.com.br\/?p=128764","title":{"rendered":"Thais Carla celebra 1 ano de bari\u00e1trica e perda de 100 kg"},"content":{"rendered":"<div>\n<div>\n<figure><img decoding=\"async\" src=\"http:\/\/noticiasbahia360.com.br\/wp-content\/uploads\/2026\/04\/thais-carla-100-quilos-a-menos.jpg\" alt=\"Thais Carla celebra 1 ano de bari\u00e1trica e perda de 100 kg\"><figcaption>Thais Carla &#8211; Foto: Anderson Macedo<\/figcaption><\/figure>\n<\/div>\n<p>A ter\u00e7a-feira (28) marca um momento importante na vida de Thais Carla. H\u00e1 exatamente um ano, ela passava por uma cirurgia bari\u00e1trica. Hoje com 100 quilos a menos, ela celebra tamb\u00e9m uma mudan\u00e7a de estilo de vida, novos h\u00e1bitos e mais aten\u00e7\u00e3o \u00e0 sa\u00fade, mas sem abrir m\u00e3o de quem sempre foi<\/p>\n<p>Em entrevista ao gshow, Thais deixou claro que a decis\u00e3o foi motivada por quest\u00f5es pessoais, principalmente ligadas \u00e0 sa\u00fade. \u201cPassei a olhar mais para minha sa\u00fade, o meu bem-estar. N\u00e3o virei outra pessoa por causa do meu corpo\u201d, afirmou.<\/p>\n<p>Mesmo com a transforma\u00e7\u00e3o f\u00edsica, a influenciadora refor\u00e7a que sua identidade e posicionamentos seguem os mesmos. \u201cContinuo sendo uma mulher gorda na luta contra a gordofobia estrutural. O problema nunca foi o meu corpo, e sim a forma como a sociedade trata corpos fora do padr\u00e3o\u201d, disse.<\/p>\n<p>Ao longo do \u00faltimo ano, ela passou a adotar novos h\u00e1bitos, com acompanhamento profissional, reeduca\u00e7\u00e3o alimentar e inclus\u00e3o de atividades f\u00edsicas na rotina. Ainda assim, sem extremismos. \u201cAprendi a respeitar o meu corpo tamb\u00e9m na forma de me alimentar, sem radicalismos e sem culpa. N\u00e3o gosto de trabalhar com a proibi\u00e7\u00e3o. N\u00e3o \u00e9 sobre sentir falta, \u00e9 sobre saber dosar\u201d, explicou ao gshow.<\/p>\n<figure class=\"wp-block-image size-full\"><img fetchpriority=\"high\" fetchpriority=\"high\" decoding=\"async\" width=\"1200\" height=\"800\" src=\"http:\/\/noticiasbahia360.com.br\/wp-content\/uploads\/2026\/04\/thais-carla-antes.jpg\" alt=\"Thais Carla celebra 1 ano de bari\u00e1trica e perda de 100 kg: \u201cMeu valor nunca esteve no tamanho do meu corpo\" class=\"wp-image-650843\" srcset=\"http:\/\/noticiasbahia360.com.br\/wp-content\/uploads\/2026\/04\/thais-carla-antes.jpg 1200w, https:\/\/uploads.acordacidade.com.br\/2026\/04\/thais-carla-antes-750x500.jpg 750w, https:\/\/uploads.acordacidade.com.br\/2026\/04\/thais-carla-antes-1000x667.jpg 1000w, https:\/\/uploads.acordacidade.com.br\/2026\/04\/thais-carla-antes-450x300.jpg 450w, https:\/\/uploads.acordacidade.com.br\/2026\/04\/thais-carla-antes-150x100.jpg 150w\" sizes=\"(max-width: 1200px) 100vw, 1200px\"><figcaption class=\"wp-element-caption\">Thais Carla antes \u2013 Foto: Reprodu\u00e7\u00e3o<\/figcaption><\/figure>\n<p>A rela\u00e7\u00e3o com o pr\u00f3prio corpo, segundo Thais, sempre foi baseada no respeito. \u201cNunca odiei o meu corpo. Aprendi o respeitar em todas as fases. Hoje, sou uma Tha\u00eds mais consciente das minhas necessidades, mais cuidadosa com a minha sa\u00fade e mais firme nas minhas convic\u00e7\u00f5es. Meu valor nunca esteve no tamanho do meu corpo\u201d, destacou.<\/p>\n<p>Com a perda de peso, ela tamb\u00e9m avalia a possibilidade de realizar cirurgias reparadoras, mas sem pressa. \u201cAinda estou avaliando com minha equipe m\u00e9dica, sem pressa\u2026 \u00c9 um processo que exige muito cuidado. Se fizer, vai ser por decis\u00e3o pessoal e orienta\u00e7\u00e3o m\u00e9dica, n\u00e3o por press\u00e3o est\u00e9tica\u201d, afirmou.<\/p>\n<p>Para Thais, o processo foi interno e individual, partindo dela mesma e sem a influ\u00eancia das cr\u00edticas. \u201cSa\u00fade, disposi\u00e7\u00e3o, quest\u00f5es pessoais e familiares. N\u00e3o foi opini\u00e3o dos outros. Foi um processo interno, de entender o que precisava naquele momento da minha vida\u201d, disse.<\/p>\n<figure class=\"wp-block-image size-full\"><img decoding=\"async\" width=\"1200\" height=\"801\" src=\"http:\/\/noticiasbahia360.com.br\/wp-content\/uploads\/2026\/04\/thais-carla-hoje.jpg\" alt=\"Thais Carla celebra 1 ano de bari\u00e1trica e perda de 100 kg: \u201cMeu valor nunca esteve no tamanho do meu corpo\" class=\"wp-image-650844\" srcset=\"http:\/\/noticiasbahia360.com.br\/wp-content\/uploads\/2026\/04\/thais-carla-hoje.jpg 1200w, https:\/\/uploads.acordacidade.com.br\/2026\/04\/thais-carla-hoje-750x501.jpg 750w, https:\/\/uploads.acordacidade.com.br\/2026\/04\/thais-carla-hoje-1000x668.jpg 1000w, https:\/\/uploads.acordacidade.com.br\/2026\/04\/thais-carla-hoje-450x300.jpg 450w, https:\/\/uploads.acordacidade.com.br\/2026\/04\/thais-carla-hoje-150x100.jpg 150w\" sizes=\"(max-width: 1200px) 100vw, 1200px\"><figcaption class=\"wp-element-caption\">Thais Carla atualmente, com 100 kg a menos \u2013 Foto: Anderson Macedo<\/figcaption><\/figure>\n<p>Ela ainda faz quest\u00e3o de refor\u00e7ar que o cuidado com o corpo n\u00e3o deve ser associado apenas ao emagrecimento. \u201cA sociedade faz a gente acreditar que s\u00f3 existe cuidado quando a gente emagrece, e isso n\u00e3o \u00e9 verdade. Sempre me amei, mas em alguns momentos, precisei me priorizar de outras formas. E foi isso que fiz agora\u201d, completou.<\/p>\n<p>Com mais de 4 milh\u00f5es de seguidores, Thais segue usando sua visibilidade para falar sobre autoestima, respeito e combater preconceitos. E, ao relembrar a decis\u00e3o de um ano atr\u00e1s, n\u00e3o descarta que faria tudo novamente, desde que pelas mesmas raz\u00f5es. \u201cN\u00e3o existe um \u00fanico caminho. Cada pessoa precisa ser respeitada na sua realidade, no seu corpo e nas suas decis\u00f5es\u201d, finalizou.<\/p>\n<p><em>Estagi\u00e1rio de jornalismo Davi Cerqueira sob supervis\u00e3o.<\/em><\/p>\n<p><em>Siga o Acorda Cidade no\u00a0<\/em><a href=\"https:\/\/news.google.com\/search?q=acorda%20cidade&amp;hl=pt-BR&amp;gl=BR&amp;ceid=BR%3Apt-419\"><strong><em>Google Not\u00edcias<\/em><\/strong><\/a><em>\u00a0e receba os principais destaques do dia. Participe tamb\u00e9m dos nossos canais no\u00a0<\/em><a href=\"https:\/\/www.whatsapp.com\/channel\/0029Va6Rb4v3WHTNnsh8WI3N\"><strong><em>WhatsApp<\/em><\/strong><\/a><em>\u00a0e\u00a0<\/em><a href=\"https:\/\/www.youtube.com\/@acordacidadenoticias\/videos\"><strong>YouTube<\/strong><\/a><em>\u00a0e grupo de\u00a0<\/em><a href=\"https:\/\/t.me\/+sSz0khrgARA0ZmRh\"><strong><em>Telegram<\/em><\/strong><\/a><em>.<\/em><\/p>\n<\/div>\n","protected":false},"excerpt":{"rendered":"<div>\n<div>\n<figure><img decoding=\"async\" src=\"https:\/\/uploads.acordacidade.com.br\/2026\/04\/thais-carla-100-quilos-a-menos.jpg\" alt=\"Thais Carla celebra 1 ano de bari\u00e1trica e perda de 100 kg\"><figcaption>Thais Carla &#8211; Foto: Anderson Macedo<\/figcaption><\/figure>\n<\/div>\n<p>Influenciadora destaca mudan\u00e7a de h\u00e1bitos, foco na sa\u00fade e refor\u00e7a luta contra a gordofobia ap\u00f3s transforma\u00e7\u00e3o.<\/p><\/div>\n","protected":false},"author":1,"featured_media":128765,"comment_status":"closed","ping_status":"closed","sticky":false,"template":"","format":"gallery","meta":{"footnotes":""},"categories":[8,9,6,57,56,10],"tags":[],"class_list":["post-128764","post","type-post","status-publish","format-gallery","has-post-thumbnail","hentry","category-bahia","category-brasil","category-feira-de-santana","category-mundo","category-policia","category-politica","post_format-post-format-gallery"],"featured_image_urls":{"full":["https:\/\/noticiasbahia360.com.br\/wp-content\/uploads\/2026\/04\/thais-carla-100-quilos-a-menos.jpg",1200,689,false],"thumbnail":["https:\/\/noticiasbahia360.com.br\/wp-content\/uploads\/2026\/04\/thais-carla-100-quilos-a-menos-150x150.jpg",150,150,true],"medium":["https:\/\/noticiasbahia360.com.br\/wp-content\/uploads\/2026\/04\/thais-carla-100-quilos-a-menos-300x172.jpg",300,172,true],"medium_large":["https:\/\/noticiasbahia360.com.br\/wp-content\/uploads\/2026\/04\/thais-carla-100-quilos-a-menos-768x441.jpg",640,368,true],"large":["https:\/\/noticiasbahia360.com.br\/wp-content\/uploads\/2026\/04\/thais-carla-100-quilos-a-menos-1024x588.jpg",640,368,true],"1536x1536":["https:\/\/noticiasbahia360.com.br\/wp-content\/uploads\/2026\/04\/thais-carla-100-quilos-a-menos.jpg",1200,689,false],"2048x2048":["https:\/\/noticiasbahia360.com.br\/wp-content\/uploads\/2026\/04\/thais-carla-100-quilos-a-menos.jpg",1200,689,false],"chromenews-featured":["https:\/\/noticiasbahia360.com.br\/wp-content\/uploads\/2026\/04\/thais-carla-100-quilos-a-menos-1024x588.jpg",1024,588,true],"chromenews-large":["https:\/\/noticiasbahia360.com.br\/wp-content\/uploads\/2026\/04\/thais-carla-100-quilos-a-menos-825x575.jpg",825,575,true],"chromenews-medium":["https:\/\/noticiasbahia360.com.br\/wp-content\/uploads\/2026\/04\/thais-carla-100-quilos-a-menos-590x410.jpg",590,410,true]},"author_info":{"display_name":"noticiasbahia360.com.br","author_link":"https:\/\/noticiasbahia360.com.br\/?author=1"},"category_info":"<a href=\"https:\/\/noticiasbahia360.com.br\/?cat=8\" rel=\"category\">Bahia<\/a> <a href=\"https:\/\/noticiasbahia360.com.br\/?cat=9\" rel=\"category\">Brasil<\/a> <a href=\"https:\/\/noticiasbahia360.com.br\/?cat=6\" rel=\"category\">Feira de Santana<\/a> <a href=\"https:\/\/noticiasbahia360.com.br\/?cat=57\" rel=\"category\">Mundo<\/a> <a href=\"https:\/\/noticiasbahia360.com.br\/?cat=56\" rel=\"category\">Pol\u00edcia<\/a> <a href=\"https:\/\/noticiasbahia360.com.br\/?cat=10\" rel=\"category\">Pol\u00edtica<\/a>","tag_info":"Pol\u00edtica","comment_count":"0","_links":{"self":[{"href":"https:\/\/noticiasbahia360.com.br\/index.php?rest_route=\/wp\/v2\/posts\/128764","targetHints":{"allow":["GET"]}}],"collection":[{"href":"https:\/\/noticiasbahia360.com.br\/index.php?rest_route=\/wp\/v2\/posts"}],"about":[{"href":"https:\/\/noticiasbahia360.com.br\/index.php?rest_route=\/wp\/v2\/types\/post"}],"author":[{"embeddable":true,"href":"https:\/\/noticiasbahia360.com.br\/index.php?rest_route=\/wp\/v2\/users\/1"}],"replies":[{"embeddable":true,"href":"https:\/\/noticiasbahia360.com.br\/index.php?rest_route=%2Fwp%2Fv2%2Fcomments&post=128764"}],"version-history":[{"count":0,"href":"https:\/\/noticiasbahia360.com.br\/index.php?rest_route=\/wp\/v2\/posts\/128764\/revisions"}],"wp:featuredmedia":[{"embeddable":true,"href":"https:\/\/noticiasbahia360.com.br\/index.php?rest_route=\/wp\/v2\/media\/128765"}],"wp:attachment":[{"href":"https:\/\/noticiasbahia360.com.br\/index.php?rest_route=%2Fwp%2Fv2%2Fmedia&parent=128764"}],"wp:term":[{"taxonomy":"category","embeddable":true,"href":"https:\/\/noticiasbahia360.com.br\/index.php?rest_route=%2Fwp%2Fv2%2Fcategories&post=128764"},{"taxonomy":"post_tag","embeddable":true,"href":"https:\/\/noticiasbahia360.com.br\/index.php?rest_route=%2Fwp%2Fv2%2Ftags&post=128764"}],"curies":[{"name":"wp","href":"https:\/\/api.w.org\/{rel}","templated":true}]}}