{"id":128768,"date":"2026-04-28T18:01:06","date_gmt":"2026-04-28T21:01:06","guid":{"rendered":"https:\/\/noticiasbahia360.com.br\/?p=128768"},"modified":"2026-04-28T18:01:06","modified_gmt":"2026-04-28T21:01:06","slug":"jose-ronaldo-diz-que-seguira-limite-de-ate-r-700-mil-por-atracao-nos-festejos-juninos","status":"publish","type":"post","link":"https:\/\/noticiasbahia360.com.br\/?p=128768","title":{"rendered":"Jos\u00e9 Ronaldo diz que seguir\u00e1 limite de at\u00e9 R$ 700 mil por atra\u00e7\u00e3o nos festejos juninos"},"content":{"rendered":"<div>\n<div>\n<figure><img decoding=\"async\" src=\"http:\/\/noticiasbahia360.com.br\/wp-content\/uploads\/2026\/04\/Romantismo-de-Daniel-e-Saulo-ao-som-do-forro-marcam-a-abertura-do-Arraia-de-Feira-de-Santana.jpg\" alt=\"Romantismo de Daniel e Saulo ao som do forr\u00f3 marcam a abertura do Arrai\u00e1 de Feira de Santana\"><figcaption>Foto: Cau Preto\/Secom<\/figcaption><\/figure>\n<\/div>\n<p>O prefeito de Feira de Santana, Jos\u00e9 Ronaldo de Carvalho (Uni\u00e3o), afirmou que as contrata\u00e7\u00f5es para o S\u00e3o Jo\u00e3o e o S\u00e3o Pedro deste ano seguir\u00e3o os limites estabelecidos pela UPB (Uni\u00e3o dos Prefeitos da Bahia) e pelo Minist\u00e9rio P\u00fablico, que orientam um teto de at\u00e9 R$ 700 mil por atra\u00e7\u00e3o.<\/p>\n<p>As principais atra\u00e7\u00f5es contratadas pela Prefeitura ser\u00e3o anunciadas nesta quarta-feira (29), durante coletiva de imprensa marcada para as 16h, no p\u00e1tio do Pa\u00e7o Municipal Maria Quit\u00e9ria.<\/p>\n<p>Os festejos ser\u00e3o realizados nos distritos de Maria Quit\u00e9ria \u2014 que, neste ano, contar\u00e1 com quatro dias de festa, um a mais que em edi\u00e7\u00f5es anteriores \u2014, Tiquaru\u00e7u, Bonfim de Feira, Jaguara (no povoado de Morrinhos), Ja\u00edba e Humildes.<\/p>\n<p>De acordo com o prefeito, a quantidade de n\u00facleos festivos torna mais complexa a opera\u00e7\u00e3o de contrata\u00e7\u00e3o de bandas e artistas.<\/p>\n<p>\u201cElaboramos as listas ouvindo os desejos das comunidades e respeitando os limites financeiros do munic\u00edpio\u201d, destacou.<\/p>\n<p>Jos\u00e9 Ronaldo tamb\u00e9m informou que os nomes j\u00e1 contatados devem atender \u00e0s expectativas tanto dos moradores das localidades onde os arrai\u00e1s ser\u00e3o realizados quanto dos visitantes.<\/p>\n<p><em>Com informa\u00e7\u00f5es da Secretaria Municipal de Comunica\u00e7\u00e3o Social (Secom)<\/em><\/p>\n<p><em>Siga o Acorda Cidade no<\/em><a href=\"https:\/\/news.google.com\/search?q=acorda%20cidade&amp;hl=pt-BR&amp;gl=BR&amp;ceid=BR%3Apt-419\"><strong><em>\u00a0Google Not\u00edcias<\/em><\/strong><\/a><em>\u00a0e receba os principais destaques do dia. Participe tamb\u00e9m dos nossos canais no\u00a0<\/em><a href=\"https:\/\/www.whatsapp.com\/channel\/0029Va6Rb4v3WHTNnsh8WI3N\"><strong><em>WhatsApp<\/em><\/strong><\/a><em>\u00a0e\u00a0<\/em><a href=\"https:\/\/www.youtube.com\/@acordacidadenoticias\/videos\"><strong>YouTube<\/strong><\/a><em>\u00a0e grupo de\u00a0<\/em><a href=\"https:\/\/t.me\/+sSz0khrgARA0ZmRh\"><strong><em>Telegram<\/em><\/strong><\/a><em>.<\/em><\/p>\n<\/div>\n","protected":false},"excerpt":{"rendered":"<div>\n<div>\n<figure><img decoding=\"async\" src=\"https:\/\/www.acordacidade.com.br\/wp-content\/uploads\/2025\/06\/Romantismo-de-Daniel-e-Saulo-ao-som-do-forro-marcam-a-abertura-do-Arraia-de-Feira-de-Santana.jpg\" alt=\"Romantismo de Daniel e Saulo ao som do forr\u00f3 marcam a abertura do Arrai\u00e1 de Feira de Santana\"><figcaption>Foto: Cau Preto\/Secom<\/figcaption><\/figure>\n<\/div>\n<p>De acordo com o prefeito, a quantidade de n\u00facleos festivos torna mais complexa a opera\u00e7\u00e3o de contrata\u00e7\u00e3o de bandas e artistas.<\/p><\/div>\n","protected":false},"author":1,"featured_media":128769,"comment_status":"closed","ping_status":"closed","sticky":false,"template":"","format":"gallery","meta":{"footnotes":""},"categories":[8,9,6,57,56,10],"tags":[],"class_list":["post-128768","post","type-post","status-publish","format-gallery","has-post-thumbnail","hentry","category-bahia","category-brasil","category-feira-de-santana","category-mundo","category-policia","category-politica","post_format-post-format-gallery"],"featured_image_urls":{"full":["https:\/\/noticiasbahia360.com.br\/wp-content\/uploads\/2026\/04\/Romantismo-de-Daniel-e-Saulo-ao-som-do-forro-marcam-a-abertura-do-Arraia-de-Feira-de-Santana.jpg",1200,801,false],"thumbnail":["https:\/\/noticiasbahia360.com.br\/wp-content\/uploads\/2026\/04\/Romantismo-de-Daniel-e-Saulo-ao-som-do-forro-marcam-a-abertura-do-Arraia-de-Feira-de-Santana-150x150.jpg",150,150,true],"medium":["https:\/\/noticiasbahia360.com.br\/wp-content\/uploads\/2026\/04\/Romantismo-de-Daniel-e-Saulo-ao-som-do-forro-marcam-a-abertura-do-Arraia-de-Feira-de-Santana-300x200.jpg",300,200,true],"medium_large":["https:\/\/noticiasbahia360.com.br\/wp-content\/uploads\/2026\/04\/Romantismo-de-Daniel-e-Saulo-ao-som-do-forro-marcam-a-abertura-do-Arraia-de-Feira-de-Santana-768x513.jpg",640,428,true],"large":["https:\/\/noticiasbahia360.com.br\/wp-content\/uploads\/2026\/04\/Romantismo-de-Daniel-e-Saulo-ao-som-do-forro-marcam-a-abertura-do-Arraia-de-Feira-de-Santana-1024x684.jpg",640,428,true],"1536x1536":["https:\/\/noticiasbahia360.com.br\/wp-content\/uploads\/2026\/04\/Romantismo-de-Daniel-e-Saulo-ao-som-do-forro-marcam-a-abertura-do-Arraia-de-Feira-de-Santana.jpg",1200,801,false],"2048x2048":["https:\/\/noticiasbahia360.com.br\/wp-content\/uploads\/2026\/04\/Romantismo-de-Daniel-e-Saulo-ao-som-do-forro-marcam-a-abertura-do-Arraia-de-Feira-de-Santana.jpg",1200,801,false],"chromenews-featured":["https:\/\/noticiasbahia360.com.br\/wp-content\/uploads\/2026\/04\/Romantismo-de-Daniel-e-Saulo-ao-som-do-forro-marcam-a-abertura-do-Arraia-de-Feira-de-Santana-1024x684.jpg",1024,684,true],"chromenews-large":["https:\/\/noticiasbahia360.com.br\/wp-content\/uploads\/2026\/04\/Romantismo-de-Daniel-e-Saulo-ao-som-do-forro-marcam-a-abertura-do-Arraia-de-Feira-de-Santana-825x575.jpg",825,575,true],"chromenews-medium":["https:\/\/noticiasbahia360.com.br\/wp-content\/uploads\/2026\/04\/Romantismo-de-Daniel-e-Saulo-ao-som-do-forro-marcam-a-abertura-do-Arraia-de-Feira-de-Santana-590x410.jpg",590,410,true]},"author_info":{"display_name":"noticiasbahia360.com.br","author_link":"https:\/\/noticiasbahia360.com.br\/?author=1"},"category_info":"<a href=\"https:\/\/noticiasbahia360.com.br\/?cat=8\" rel=\"category\">Bahia<\/a> <a href=\"https:\/\/noticiasbahia360.com.br\/?cat=9\" rel=\"category\">Brasil<\/a> <a href=\"https:\/\/noticiasbahia360.com.br\/?cat=6\" rel=\"category\">Feira de Santana<\/a> <a href=\"https:\/\/noticiasbahia360.com.br\/?cat=57\" rel=\"category\">Mundo<\/a> <a href=\"https:\/\/noticiasbahia360.com.br\/?cat=56\" rel=\"category\">Pol\u00edcia<\/a> <a href=\"https:\/\/noticiasbahia360.com.br\/?cat=10\" rel=\"category\">Pol\u00edtica<\/a>","tag_info":"Pol\u00edtica","comment_count":"0","_links":{"self":[{"href":"https:\/\/noticiasbahia360.com.br\/index.php?rest_route=\/wp\/v2\/posts\/128768","targetHints":{"allow":["GET"]}}],"collection":[{"href":"https:\/\/noticiasbahia360.com.br\/index.php?rest_route=\/wp\/v2\/posts"}],"about":[{"href":"https:\/\/noticiasbahia360.com.br\/index.php?rest_route=\/wp\/v2\/types\/post"}],"author":[{"embeddable":true,"href":"https:\/\/noticiasbahia360.com.br\/index.php?rest_route=\/wp\/v2\/users\/1"}],"replies":[{"embeddable":true,"href":"https:\/\/noticiasbahia360.com.br\/index.php?rest_route=%2Fwp%2Fv2%2Fcomments&post=128768"}],"version-history":[{"count":0,"href":"https:\/\/noticiasbahia360.com.br\/index.php?rest_route=\/wp\/v2\/posts\/128768\/revisions"}],"wp:featuredmedia":[{"embeddable":true,"href":"https:\/\/noticiasbahia360.com.br\/index.php?rest_route=\/wp\/v2\/media\/128769"}],"wp:attachment":[{"href":"https:\/\/noticiasbahia360.com.br\/index.php?rest_route=%2Fwp%2Fv2%2Fmedia&parent=128768"}],"wp:term":[{"taxonomy":"category","embeddable":true,"href":"https:\/\/noticiasbahia360.com.br\/index.php?rest_route=%2Fwp%2Fv2%2Fcategories&post=128768"},{"taxonomy":"post_tag","embeddable":true,"href":"https:\/\/noticiasbahia360.com.br\/index.php?rest_route=%2Fwp%2Fv2%2Ftags&post=128768"}],"curies":[{"name":"wp","href":"https:\/\/api.w.org\/{rel}","templated":true}]}} 