{"id":128770,"date":"2026-04-28T18:31:14","date_gmt":"2026-04-28T21:31:14","guid":{"rendered":"https:\/\/noticiasbahia360.com.br\/?p=128770"},"modified":"2026-04-28T18:31:14","modified_gmt":"2026-04-28T21:31:14","slug":"vereador-critica-irregularidades-em-empresa-terceirizada","status":"publish","type":"post","link":"https:\/\/noticiasbahia360.com.br\/?p=128770","title":{"rendered":"Vereador critica irregularidades em empresa terceirizada"},"content":{"rendered":"<div>\n<div>\n<figure><img decoding=\"async\" src=\"http:\/\/noticiasbahia360.com.br\/wp-content\/uploads\/2026\/04\/Vereador-Silvio-Dias.jpg\" alt=\"Vereador Silvio Dias\"><figcaption>Vereador Silvio Dias | Foto: Paulo Jos\u00e9\/ Acorda Cidade<\/figcaption><\/figure>\n<\/div>\n<p>Na manh\u00e3 desta ter\u00e7a-feira (28), o vereador Silvio Dias utilizou a tribuna livre da <a href=\"https:\/\/www.acordacidade.com.br\/tag\/camara-municipal\/\" type=\"post_tag\" id=\"70205\">C\u00e2mara Municipal<\/a> de Feira de Santana para criticar a atua\u00e7\u00e3o da empresa ADM, funda\u00e7\u00e3o terceirizada vinculada \u00e0 prefeitura.<\/p>\n<p>Em entrevista ao Acorda Cidade, o vereador afirmou que, ao longo de 25 anos, Feira de Santana optou por n\u00e3o realizar concursos p\u00fablicos e por contratar servidores por meio de empresas terceirizadas.<\/p>\n<p>\u201cA Funda\u00e7\u00e3o ADM \u00e9 uma dessas. Al\u00e9m disso, ela tem hist\u00f3rico de maltrato ao servidor p\u00fablico. Infelizmente, n\u00e3o paga adequadamente, desrespeita os direitos trabalhistas das pessoas e atrasa sal\u00e1rio.\u201d<\/p>\n<p>Segundo o parlamentar, a empresa paga um aux\u00edlio alimenta\u00e7\u00e3o de R$ 11. \u201cAgora eu lhe pergunto: onde se consegue almo\u00e7ar com esse valor? Mal d\u00e1 para comprar um refrigerante, quanto mais uma refei\u00e7\u00e3o\u201d, afirmou.<\/p>\n<p>O vereador questionou quem se beneficia em manter a ADM prestando servi\u00e7os \u00e0 prefeitura. \u201cE a\u00ed fica a pergunta: a quem interessa manter essa funda\u00e7\u00e3o ADM prestando servi\u00e7o \u00e0 Prefeitura? Apesar de tantas cr\u00edticas, de tantas manifesta\u00e7\u00f5es que j\u00e1 ocorreram contra essa empresa. No governo passado houve manifesta\u00e7\u00f5es sobre ela n\u00e3o estar cumprindo os direitos trabalhistas, mas n\u00e3o vemos uma a\u00e7\u00e3o por parte do Executivo Municipal.\u201d<\/p>\n<p>Dias ressaltou que a m\u00e1 presta\u00e7\u00e3o de servi\u00e7o por parte das empresas terceirizadas compromete o atendimento \u00e0 popula\u00e7\u00e3o, pois os pr\u00f3prios funcion\u00e1rios est\u00e3o sendo desvalorizados e com dificuldades b\u00e1sicas como a alimenta\u00e7\u00e3o.<\/p>\n<p><em>Com informa\u00e7\u00f5es do rep\u00f3rter Paulo Jos\u00e9, do Acorda Cidade<\/em><\/p>\n<p><em>Siga o Acorda Cidade no\u00a0<\/em><a href=\"https:\/\/news.google.com\/search?q=acorda%20cidade&amp;hl=pt-BR&amp;gl=BR&amp;ceid=BR%3Apt-419\"><strong><em>Google Not\u00edcias<\/em><\/strong><\/a><em>\u00a0e receba os principais destaques do dia. Participe tamb\u00e9m dos nossos canais no\u00a0<\/em><a href=\"https:\/\/whatsapp.com\/channel\/0029Va6Rb4v3WHTNnsh8WI3N\"><strong><em>WhatsApp<\/em><\/strong><\/a><em>\u00a0e\u00a0<\/em><a href=\"https:\/\/www.youtube.com\/@acordacidadenoticias\/videos\"><strong>YouTube<\/strong><\/a><em>e do grupo no\u00a0<\/em><a href=\"https:\/\/t.me\/+sSz0khrgARA0ZmRh\"><strong><em>Telegram<\/em><\/strong><\/a><em>.<\/em><\/p>\n<\/div>\n","protected":false},"excerpt":{"rendered":"<div>\n<div>\n<figure><img decoding=\"async\" src=\"https:\/\/uploads.acordacidade.com.br\/2026\/04\/Vereador-Silvio-Dias.jpg\" alt=\"Vereador Silvio Dias\"><figcaption>Vereador Silvio Dias | Foto: Paulo Jos\u00e9\/ Acorda Cidade<\/figcaption><\/figure>\n<\/div>\n<p>Dias ressaltou que a m\u00e1 presta\u00e7\u00e3o de servi\u00e7o por parte das empresas terceirizadas compromete o atendimento \u00e0 popula\u00e7\u00e3o.<\/p><\/div>\n","protected":false},"author":1,"featured_media":128771,"comment_status":"closed","ping_status":"closed","sticky":false,"template":"","format":"gallery","meta":{"footnotes":""},"categories":[8,9,6,57,56,10],"tags":[],"class_list":["post-128770","post","type-post","status-publish","format-gallery","has-post-thumbnail","hentry","category-bahia","category-brasil","category-feira-de-santana","category-mundo","category-policia","category-politica","post_format-post-format-gallery"],"featured_image_urls":{"full":["https:\/\/noticiasbahia360.com.br\/wp-content\/uploads\/2026\/04\/Vereador-Silvio-Dias.jpg",1200,675,false],"thumbnail":["https:\/\/noticiasbahia360.com.br\/wp-content\/uploads\/2026\/04\/Vereador-Silvio-Dias-150x150.jpg",150,150,true],"medium":["https:\/\/noticiasbahia360.com.br\/wp-content\/uploads\/2026\/04\/Vereador-Silvio-Dias-300x169.jpg",300,169,true],"medium_large":["https:\/\/noticiasbahia360.com.br\/wp-content\/uploads\/2026\/04\/Vereador-Silvio-Dias-768x432.jpg",640,360,true],"large":["https:\/\/noticiasbahia360.com.br\/wp-content\/uploads\/2026\/04\/Vereador-Silvio-Dias-1024x576.jpg",640,360,true],"1536x1536":["https:\/\/noticiasbahia360.com.br\/wp-content\/uploads\/2026\/04\/Vereador-Silvio-Dias.jpg",1200,675,false],"2048x2048":["https:\/\/noticiasbahia360.com.br\/wp-content\/uploads\/2026\/04\/Vereador-Silvio-Dias.jpg",1200,675,false],"chromenews-featured":["https:\/\/noticiasbahia360.com.br\/wp-content\/uploads\/2026\/04\/Vereador-Silvio-Dias-1024x576.jpg",1024,576,true],"chromenews-large":["https:\/\/noticiasbahia360.com.br\/wp-content\/uploads\/2026\/04\/Vereador-Silvio-Dias-825x575.jpg",825,575,true],"chromenews-medium":["https:\/\/noticiasbahia360.com.br\/wp-content\/uploads\/2026\/04\/Vereador-Silvio-Dias-590x410.jpg",590,410,true]},"author_info":{"display_name":"noticiasbahia360.com.br","author_link":"https:\/\/noticiasbahia360.com.br\/?author=1"},"category_info":"<a href=\"https:\/\/noticiasbahia360.com.br\/?cat=8\" rel=\"category\">Bahia<\/a> <a href=\"https:\/\/noticiasbahia360.com.br\/?cat=9\" rel=\"category\">Brasil<\/a> <a href=\"https:\/\/noticiasbahia360.com.br\/?cat=6\" rel=\"category\">Feira de Santana<\/a> <a href=\"https:\/\/noticiasbahia360.com.br\/?cat=57\" rel=\"category\">Mundo<\/a> <a href=\"https:\/\/noticiasbahia360.com.br\/?cat=56\" rel=\"category\">Pol\u00edcia<\/a> <a href=\"https:\/\/noticiasbahia360.com.br\/?cat=10\" rel=\"category\">Pol\u00edtica<\/a>","tag_info":"Pol\u00edtica","comment_count":"0","_links":{"self":[{"href":"https:\/\/noticiasbahia360.com.br\/index.php?rest_route=\/wp\/v2\/posts\/128770","targetHints":{"allow":["GET"]}}],"collection":[{"href":"https:\/\/noticiasbahia360.com.br\/index.php?rest_route=\/wp\/v2\/posts"}],"about":[{"href":"https:\/\/noticiasbahia360.com.br\/index.php?rest_route=\/wp\/v2\/types\/post"}],"author":[{"embeddable":true,"href":"https:\/\/noticiasbahia360.com.br\/index.php?rest_route=\/wp\/v2\/users\/1"}],"replies":[{"embeddable":true,"href":"https:\/\/noticiasbahia360.com.br\/index.php?rest_route=%2Fwp%2Fv2%2Fcomments&post=128770"}],"version-history":[{"count":0,"href":"https:\/\/noticiasbahia360.com.br\/index.php?rest_route=\/wp\/v2\/posts\/128770\/revisions"}],"wp:featuredmedia":[{"embeddable":true,"href":"https:\/\/noticiasbahia360.com.br\/index.php?rest_route=\/wp\/v2\/media\/128771"}],"wp:attachment":[{"href":"https:\/\/noticiasbahia360.com.br\/index.php?rest_route=%2Fwp%2Fv2%2Fmedia&parent=128770"}],"wp:term":[{"taxonomy":"category","embeddable":true,"href":"https:\/\/noticiasbahia360.com.br\/index.php?rest_route=%2Fwp%2Fv2%2Fcategories&post=128770"},{"taxonomy":"post_tag","embeddable":true,"href":"https:\/\/noticiasbahia360.com.br\/index.php?rest_route=%2Fwp%2Fv2%2Ftags&post=128770"}],"curies":[{"name":"wp","href":"https:\/\/api.w.org\/{rel}","templated":true}]}}