{"id":128772,"date":"2026-04-28T18:31:15","date_gmt":"2026-04-28T21:31:15","guid":{"rendered":"https:\/\/noticiasbahia360.com.br\/?p=128772"},"modified":"2026-04-28T18:31:15","modified_gmt":"2026-04-28T21:31:15","slug":"policia-civil-apreende-pistolas-revolver-e-municoes-em-imovel-abandonado-em-alagoinhas","status":"publish","type":"post","link":"https:\/\/noticiasbahia360.com.br\/?p=128772","title":{"rendered":"Pol\u00edcia Civil apreende pistolas, rev\u00f3lver e muni\u00e7\u00f5es em im\u00f3vel abandonado em Alagoinhas"},"content":{"rendered":"<div>\n<div>\n<figure><img decoding=\"async\" src=\"http:\/\/noticiasbahia360.com.br\/wp-content\/uploads\/2026\/04\/Apreensao-de-armas-em-Alagoinhas-.webp\" alt=\"Pol\u00edcia Civil apreende pistolas, rev\u00f3lver e muni\u00e7\u00f5es em im\u00f3vel abandonado em Alagoinhas\"><figcaption>Foto: Ascom\/PC<\/figcaption><\/figure>\n<\/div>\n<p>A <a href=\"https:\/\/www.acordacidade.com.br\/tag\/policia-civil\/\" type=\"post_tag\" id=\"65445\">Pol\u00edcia Civil <\/a>apreendeu, na manh\u00e3 desta ter\u00e7a-feira (28), quatro pistolas, um rev\u00f3lver e diversas muni\u00e7\u00f5es em um im\u00f3vel abandonado localizado \u00e0s margens da BA-504, estrada que liga os munic\u00edpios de Alagoinhas e Ara\u00e7\u00e1s.<\/p>\n<p>A a\u00e7\u00e3o foi realizada por equipes do Gatti\/2\u00aa Coorpin, ap\u00f3s uma den\u00fancia an\u00f4nima informar que homens armados estariam escondidos no local.<\/p>\n<p>Segundo a pol\u00edcia, ao chegarem ao endere\u00e7o indicado, os investigadores avistaram quatro suspeitos, ainda n\u00e3o identificados, saindo do im\u00f3vel e fugindo em dire\u00e7\u00e3o a uma \u00e1rea de matagal.<\/p>\n<figure class=\"wp-block-image size-full\"><img fetchpriority=\"high\" fetchpriority=\"high\" decoding=\"async\" width=\"1200\" height=\"675\" src=\"http:\/\/noticiasbahia360.com.br\/wp-content\/uploads\/2026\/04\/Apreensao-de-armas-em-Alagoinhas.webp\" alt=\"Pol\u00edcia Civil apreende pistolas, rev\u00f3lver e muni\u00e7\u00f5es em im\u00f3vel abandonado em Alagoinhas\" class=\"wp-image-650856\" srcset=\"http:\/\/noticiasbahia360.com.br\/wp-content\/uploads\/2026\/04\/Apreensao-de-armas-em-Alagoinhas.webp 1200w, https:\/\/uploads.acordacidade.com.br\/2026\/04\/Apreensao-de-armas-em-Alagoinhas-750x422.webp 750w, https:\/\/uploads.acordacidade.com.br\/2026\/04\/Apreensao-de-armas-em-Alagoinhas-1000x563.webp 1000w, https:\/\/uploads.acordacidade.com.br\/2026\/04\/Apreensao-de-armas-em-Alagoinhas-450x253.webp 450w, https:\/\/uploads.acordacidade.com.br\/2026\/04\/Apreensao-de-armas-em-Alagoinhas-150x84.webp 150w\" sizes=\"(max-width: 1200px) 100vw, 1200px\"><figcaption class=\"wp-element-caption\">Foto: Ascom\/PC<\/figcaption><\/figure>\n<p>Ap\u00f3s a fuga dos suspeitos, os policiais realizaram buscas no interior da resid\u00eancia e encontraram o armamento escondido entre entulhos, armazenado dentro de uma embalagem pl\u00e1stica preta.<\/p>\n<p>Todo o material apreendido foi encaminhado \u00e0 autoridade policial respons\u00e1vel, que adotar\u00e1 as medidas cab\u00edveis para a investiga\u00e7\u00e3o do caso.<\/p>\n<p>A Pol\u00edcia Civil destacou a import\u00e2ncia da colabora\u00e7\u00e3o da popula\u00e7\u00e3o por meio de den\u00fancias an\u00f4nimas (180), refor\u00e7ando que a participa\u00e7\u00e3o da sociedade \u00e9 fundamental no combate \u00e0 criminalidade e na promo\u00e7\u00e3o da paz social. <\/p>\n<p><em>Siga o Acorda Cidade no<\/em><a href=\"https:\/\/news.google.com\/search?q=acorda%20cidade&amp;hl=pt-BR&amp;gl=BR&amp;ceid=BR%3Apt-419\"><strong><em>\u00a0Google Not\u00edcias<\/em><\/strong><\/a><em>\u00a0e receba os principais destaques do dia. Participe tamb\u00e9m dos nossos canais no\u00a0<\/em><a href=\"https:\/\/www.whatsapp.com\/channel\/0029Va6Rb4v3WHTNnsh8WI3N\"><strong><em>WhatsApp<\/em><\/strong><\/a><em>\u00a0e\u00a0<\/em><a href=\"https:\/\/www.youtube.com\/@acordacidadenoticias\/videos\"><strong>YouTube<\/strong><\/a><em>\u00a0e grupo de\u00a0<\/em><a href=\"https:\/\/t.me\/+sSz0khrgARA0ZmRh\"><strong><em>Telegram<\/em><\/strong><\/a><em>.<\/em><\/p>\n<\/div>\n","protected":false},"excerpt":{"rendered":"<div>\n<div>\n<figure><img decoding=\"async\" src=\"https:\/\/uploads.acordacidade.com.br\/2026\/04\/Apreensao-de-armas-em-Alagoinhas-.webp\" alt=\"Pol\u00edcia Civil apreende pistolas, rev\u00f3lver e muni\u00e7\u00f5es em im\u00f3vel abandonado em Alagoinhas\"><figcaption>Foto: Ascom\/PC<\/figcaption><\/figure>\n<\/div>\n<p>A a\u00e7\u00e3o foi realizada por equipes do Gatti\/2\u00aa Coorpin, ap\u00f3s uma den\u00fancia an\u00f4nima informar que homens armados estariam escondidos no local.<\/p><\/div>\n","protected":false},"author":1,"featured_media":128773,"comment_status":"closed","ping_status":"closed","sticky":false,"template":"","format":"gallery","meta":{"footnotes":""},"categories":[8,9,6,57,56,10],"tags":[],"class_list":["post-128772","post","type-post","status-publish","format-gallery","has-post-thumbnail","hentry","category-bahia","category-brasil","category-feira-de-santana","category-mundo","category-policia","category-politica","post_format-post-format-gallery"],"featured_image_urls":{"full":["https:\/\/noticiasbahia360.com.br\/wp-content\/uploads\/2026\/04\/Apreensao-de-armas-em-Alagoinhas-.webp",1200,818,false],"thumbnail":["https:\/\/noticiasbahia360.com.br\/wp-content\/uploads\/2026\/04\/Apreensao-de-armas-em-Alagoinhas--150x150.webp",150,150,true],"medium":["https:\/\/noticiasbahia360.com.br\/wp-content\/uploads\/2026\/04\/Apreensao-de-armas-em-Alagoinhas--300x205.webp",300,205,true],"medium_large":["https:\/\/noticiasbahia360.com.br\/wp-content\/uploads\/2026\/04\/Apreensao-de-armas-em-Alagoinhas--768x524.webp",640,437,true],"large":["https:\/\/noticiasbahia360.com.br\/wp-content\/uploads\/2026\/04\/Apreensao-de-armas-em-Alagoinhas--1024x698.webp",640,436,true],"1536x1536":["https:\/\/noticiasbahia360.com.br\/wp-content\/uploads\/2026\/04\/Apreensao-de-armas-em-Alagoinhas-.webp",1200,818,false],"2048x2048":["https:\/\/noticiasbahia360.com.br\/wp-content\/uploads\/2026\/04\/Apreensao-de-armas-em-Alagoinhas-.webp",1200,818,false],"chromenews-featured":["https:\/\/noticiasbahia360.com.br\/wp-content\/uploads\/2026\/04\/Apreensao-de-armas-em-Alagoinhas--1024x698.webp",1024,698,true],"chromenews-large":["https:\/\/noticiasbahia360.com.br\/wp-content\/uploads\/2026\/04\/Apreensao-de-armas-em-Alagoinhas--825x575.webp",825,575,true],"chromenews-medium":["https:\/\/noticiasbahia360.com.br\/wp-content\/uploads\/2026\/04\/Apreensao-de-armas-em-Alagoinhas--590x410.webp",590,410,true]},"author_info":{"display_name":"noticiasbahia360.com.br","author_link":"https:\/\/noticiasbahia360.com.br\/?author=1"},"category_info":"<a href=\"https:\/\/noticiasbahia360.com.br\/?cat=8\" rel=\"category\">Bahia<\/a> <a href=\"https:\/\/noticiasbahia360.com.br\/?cat=9\" rel=\"category\">Brasil<\/a> <a href=\"https:\/\/noticiasbahia360.com.br\/?cat=6\" rel=\"category\">Feira de Santana<\/a> <a href=\"https:\/\/noticiasbahia360.com.br\/?cat=57\" rel=\"category\">Mundo<\/a> <a href=\"https:\/\/noticiasbahia360.com.br\/?cat=56\" rel=\"category\">Pol\u00edcia<\/a> <a href=\"https:\/\/noticiasbahia360.com.br\/?cat=10\" rel=\"category\">Pol\u00edtica<\/a>","tag_info":"Pol\u00edtica","comment_count":"0","_links":{"self":[{"href":"https:\/\/noticiasbahia360.com.br\/index.php?rest_route=\/wp\/v2\/posts\/128772","targetHints":{"allow":["GET"]}}],"collection":[{"href":"https:\/\/noticiasbahia360.com.br\/index.php?rest_route=\/wp\/v2\/posts"}],"about":[{"href":"https:\/\/noticiasbahia360.com.br\/index.php?rest_route=\/wp\/v2\/types\/post"}],"author":[{"embeddable":true,"href":"https:\/\/noticiasbahia360.com.br\/index.php?rest_route=\/wp\/v2\/users\/1"}],"replies":[{"embeddable":true,"href":"https:\/\/noticiasbahia360.com.br\/index.php?rest_route=%2Fwp%2Fv2%2Fcomments&post=128772"}],"version-history":[{"count":0,"href":"https:\/\/noticiasbahia360.com.br\/index.php?rest_route=\/wp\/v2\/posts\/128772\/revisions"}],"wp:featuredmedia":[{"embeddable":true,"href":"https:\/\/noticiasbahia360.com.br\/index.php?rest_route=\/wp\/v2\/media\/128773"}],"wp:attachment":[{"href":"https:\/\/noticiasbahia360.com.br\/index.php?rest_route=%2Fwp%2Fv2%2Fmedia&parent=128772"}],"wp:term":[{"taxonomy":"category","embeddable":true,"href":"https:\/\/noticiasbahia360.com.br\/index.php?rest_route=%2Fwp%2Fv2%2Fcategories&post=128772"},{"taxonomy":"post_tag","embeddable":true,"href":"https:\/\/noticiasbahia360.com.br\/index.php?rest_route=%2Fwp%2Fv2%2Ftags&post=128772"}],"curies":[{"name":"wp","href":"https:\/\/api.w.org\/{rel}","templated":true}]}}