{"id":128775,"date":"2026-04-28T18:36:37","date_gmt":"2026-04-28T21:36:37","guid":{"rendered":"https:\/\/noticiasbahia360.com.br\/?p=128775"},"modified":"2026-04-28T18:36:37","modified_gmt":"2026-04-28T21:36:37","slug":"vereador-cobra-iluminacao-publica-nas-passarelas-de-feira-de-santana-nao-existe-energia-nao-tem-luz","status":"publish","type":"post","link":"https:\/\/noticiasbahia360.com.br\/?p=128775","title":{"rendered":"Vereador cobra ilumina\u00e7\u00e3o p\u00fablica nas passarelas de Feira de Santana: \u201cN\u00e3o existe energia, n\u00e3o tem luz\u201d"},"content":{"rendered":"<div>\n<div>\n<figure><img decoding=\"async\" src=\"http:\/\/noticiasbahia360.com.br\/wp-content\/uploads\/2026\/04\/Vereador-Edvaldo-Lima-Foto-Paulo-Jose-Acorda-Cidade.jpg\" alt=\"Vereador Edvaldo Lima\"><figcaption>Vereador Edvaldo Lima | Foto: Paulo Jos\u00e9\/ Acorda Cidade<\/figcaption><\/figure>\n<\/div>\n<p>O vereador Edvaldo Lima (Uni\u00e3o Brasil) utilizou a tribuna da C\u00e2mara Municipal de Feira de Santana, desta ter\u00e7a-feira (28), para cobrar ilumina\u00e7\u00e3o p\u00fablica nas passarelas da cidade. Segundo ele, a falta de ilumina\u00e7\u00e3o nesses locais representa uma falta de seguran\u00e7a para as pessoas que precisam atravessar as vias, principalmente durante a noite.\u00a0<\/p>\n<p>Em entrevista ao Acorda Cidade, o vereador disse que a Avenida de Contorno \u00e9 de responsabilidade do Departamento Nacional de Infraestrutura de Transportes (Dnit), do governo federal. Al\u00e9m disso, ele destacou que essa situa\u00e7\u00e3o \u00e9 um \u201cdesrespeito com a popula\u00e7\u00e3o de Feira de Santana\u201d.\u00a0<\/p>\n<p>\u201cToda Avenida de Contorno, a jurisdi\u00e7\u00e3o \u00e9 comandada pelo governo federal, \u00e9 Dnit. O Dnit \u00e9 que tem as suas prerrogativas nessa Avenida de Contorno e todas as passarelas que foram constru\u00eddas n\u00e3o tem ilumina\u00e7\u00e3o, as passarelas a noite ningu\u00e9m consegue ultrapassar, porque n\u00e3o existe energia, n\u00e3o tem luz\u201d.<\/p>\n<p>De acordo com ele, a \u00fanica passarela que tem ilumina\u00e7\u00e3o \u00e9 a Concei\u00e7\u00e3o Lobo, que fica no bairro Cidade Nova. No entanto, falou que a maior parte das luzes est\u00e1 queimada.\u00a0<\/p>\n<p>\u201cO meu discurso foi esse, que o governo federal, atrav\u00e9s do Dnit, possa vir fazer a implanta\u00e7\u00e3o da ilumina\u00e7\u00e3o p\u00fablica nas passarelas. O que a popula\u00e7\u00e3o v\u00ea e sente \u00e9 que o governo federal virou as costas para Feira de Santana, deixou a ver navios. Estou falando de governo federal que det\u00e9m essa autoriza\u00e7\u00e3o atrav\u00e9s do Dnit. Porque o prefeito Jos\u00e9 Ronaldo pode at\u00e9 tomar isso para si e mandar iluminar todas as passarelas\u201d.<\/p>\n<p>Edvaldo Lima afirmou que far\u00e1 um requerimento para solicitar que o governo municipal assuma a manuten\u00e7\u00e3o dessas luzes, para que as pessoas possam transitar nas passarelas sem que ocorra nenhum incidente.\u00a0<\/p>\n<p>\u201c\u00c9, seguran\u00e7a. Voc\u00ea v\u00ea, n\u00f3s observamos a viol\u00eancia que aumenta. Eu pe\u00e7o \u00e0 C\u00e2mara porque h\u00e1 falta de ilumina\u00e7\u00e3o p\u00fablica. Ent\u00e3o n\u00f3s precisamos que os governos observem isso. O munic\u00edpio, como eu falei, n\u00e3o tem jurisdi\u00e7\u00e3o, mas ele pode tomar a dianteira. E eu vou estar apresentando um requerimento nesta casa para o governo do munic\u00edpio assumir a ilumina\u00e7\u00e3o p\u00fablica das passarelas\u201d.<\/p>\n<p><em>Com informa\u00e7\u00f5es do rep\u00f3rter Paulo Jos\u00e9, do Acorda Cidade<\/em><\/p>\n<p><em>Siga o Acorda Cidade no <\/em><a href=\"https:\/\/news.google.com\/search?q=acorda%20cidade&amp;hl=pt-BR&amp;gl=BR&amp;ceid=BR%3Apt-419\"><strong><em>Google Not\u00edcias<\/em><\/strong><\/a><em> e receba os principais destaques do dia. Participe tamb\u00e9m dos nossos canais no\u00a0<\/em><a href=\"https:\/\/www.whatsapp.com\/channel\/0029Va6Rb4v3WHTNnsh8WI3N\"><strong><em>WhatsApp<\/em><\/strong><\/a><em> e\u00a0<\/em><a href=\"https:\/\/www.youtube.com\/@acordacidadenoticias\/videos\"><strong>YouTube<\/strong><\/a><em> e grupo de\u00a0<\/em><a href=\"https:\/\/t.me\/+sSz0khrgARA0ZmRh\"><strong><em>Telegram<\/em><\/strong><\/a><em>.<\/em><\/p>\n<\/div>\n","protected":false},"excerpt":{"rendered":"<div>\n<div>\n<figure><img decoding=\"async\" src=\"https:\/\/uploads.acordacidade.com.br\/2026\/04\/Vereador-Edvaldo-Lima-Foto-Paulo-Jose-Acorda-Cidade.jpg\" alt=\"Vereador Edvaldo Lima\"><figcaption>Vereador Edvaldo Lima | Foto: Paulo Jos\u00e9\/ Acorda Cidade<\/figcaption><\/figure>\n<\/div>\n<p>Edvaldo Lima afirmou que far\u00e1 um requerimento para solicitar que o governo municipal assuma a manuten\u00e7\u00e3o dessas luzes.<\/p><\/div>\n","protected":false},"author":1,"featured_media":128776,"comment_status":"closed","ping_status":"closed","sticky":false,"template":"","format":"gallery","meta":{"footnotes":""},"categories":[8,9,6,57,56,10],"tags":[],"class_list":["post-128775","post","type-post","status-publish","format-gallery","has-post-thumbnail","hentry","category-bahia","category-brasil","category-feira-de-santana","category-mundo","category-policia","category-politica","post_format-post-format-gallery"],"featured_image_urls":{"full":["https:\/\/noticiasbahia360.com.br\/wp-content\/uploads\/2026\/04\/Vereador-Edvaldo-Lima-Foto-Paulo-Jose-Acorda-Cidade.jpg",1200,675,false],"thumbnail":["https:\/\/noticiasbahia360.com.br\/wp-content\/uploads\/2026\/04\/Vereador-Edvaldo-Lima-Foto-Paulo-Jose-Acorda-Cidade-150x150.jpg",150,150,true],"medium":["https:\/\/noticiasbahia360.com.br\/wp-content\/uploads\/2026\/04\/Vereador-Edvaldo-Lima-Foto-Paulo-Jose-Acorda-Cidade-300x169.jpg",300,169,true],"medium_large":["https:\/\/noticiasbahia360.com.br\/wp-content\/uploads\/2026\/04\/Vereador-Edvaldo-Lima-Foto-Paulo-Jose-Acorda-Cidade-768x432.jpg",640,360,true],"large":["https:\/\/noticiasbahia360.com.br\/wp-content\/uploads\/2026\/04\/Vereador-Edvaldo-Lima-Foto-Paulo-Jose-Acorda-Cidade-1024x576.jpg",640,360,true],"1536x1536":["https:\/\/noticiasbahia360.com.br\/wp-content\/uploads\/2026\/04\/Vereador-Edvaldo-Lima-Foto-Paulo-Jose-Acorda-Cidade.jpg",1200,675,false],"2048x2048":["https:\/\/noticiasbahia360.com.br\/wp-content\/uploads\/2026\/04\/Vereador-Edvaldo-Lima-Foto-Paulo-Jose-Acorda-Cidade.jpg",1200,675,false],"chromenews-featured":["https:\/\/noticiasbahia360.com.br\/wp-content\/uploads\/2026\/04\/Vereador-Edvaldo-Lima-Foto-Paulo-Jose-Acorda-Cidade-1024x576.jpg",1024,576,true],"chromenews-large":["https:\/\/noticiasbahia360.com.br\/wp-content\/uploads\/2026\/04\/Vereador-Edvaldo-Lima-Foto-Paulo-Jose-Acorda-Cidade-825x575.jpg",825,575,true],"chromenews-medium":["https:\/\/noticiasbahia360.com.br\/wp-content\/uploads\/2026\/04\/Vereador-Edvaldo-Lima-Foto-Paulo-Jose-Acorda-Cidade-590x410.jpg",590,410,true]},"author_info":{"display_name":"noticiasbahia360.com.br","author_link":"https:\/\/noticiasbahia360.com.br\/?author=1"},"category_info":"<a href=\"https:\/\/noticiasbahia360.com.br\/?cat=8\" rel=\"category\">Bahia<\/a> <a href=\"https:\/\/noticiasbahia360.com.br\/?cat=9\" rel=\"category\">Brasil<\/a> <a href=\"https:\/\/noticiasbahia360.com.br\/?cat=6\" rel=\"category\">Feira de Santana<\/a> <a href=\"https:\/\/noticiasbahia360.com.br\/?cat=57\" rel=\"category\">Mundo<\/a> <a href=\"https:\/\/noticiasbahia360.com.br\/?cat=56\" rel=\"category\">Pol\u00edcia<\/a> <a href=\"https:\/\/noticiasbahia360.com.br\/?cat=10\" rel=\"category\">Pol\u00edtica<\/a>","tag_info":"Pol\u00edtica","comment_count":"0","_links":{"self":[{"href":"https:\/\/noticiasbahia360.com.br\/index.php?rest_route=\/wp\/v2\/posts\/128775","targetHints":{"allow":["GET"]}}],"collection":[{"href":"https:\/\/noticiasbahia360.com.br\/index.php?rest_route=\/wp\/v2\/posts"}],"about":[{"href":"https:\/\/noticiasbahia360.com.br\/index.php?rest_route=\/wp\/v2\/types\/post"}],"author":[{"embeddable":true,"href":"https:\/\/noticiasbahia360.com.br\/index.php?rest_route=\/wp\/v2\/users\/1"}],"replies":[{"embeddable":true,"href":"https:\/\/noticiasbahia360.com.br\/index.php?rest_route=%2Fwp%2Fv2%2Fcomments&post=128775"}],"version-history":[{"count":0,"href":"https:\/\/noticiasbahia360.com.br\/index.php?rest_route=\/wp\/v2\/posts\/128775\/revisions"}],"wp:featuredmedia":[{"embeddable":true,"href":"https:\/\/noticiasbahia360.com.br\/index.php?rest_route=\/wp\/v2\/media\/128776"}],"wp:attachment":[{"href":"https:\/\/noticiasbahia360.com.br\/index.php?rest_route=%2Fwp%2Fv2%2Fmedia&parent=128775"}],"wp:term":[{"taxonomy":"category","embeddable":true,"href":"https:\/\/noticiasbahia360.com.br\/index.php?rest_route=%2Fwp%2Fv2%2Fcategories&post=128775"},{"taxonomy":"post_tag","embeddable":true,"href":"https:\/\/noticiasbahia360.com.br\/index.php?rest_route=%2Fwp%2Fv2%2Ftags&post=128775"}],"curies":[{"name":"wp","href":"https:\/\/api.w.org\/{rel}","templated":true}]}} 