{"id":128777,"date":"2026-04-28T18:46:34","date_gmt":"2026-04-28T21:46:34","guid":{"rendered":"https:\/\/noticiasbahia360.com.br\/?p=128777"},"modified":"2026-04-28T18:46:34","modified_gmt":"2026-04-28T21:46:34","slug":"operacao-prende-cinco-pessoas-e-desmonta-esquema-ligado-ao-trafico-no-interior-da-bahia","status":"publish","type":"post","link":"https:\/\/noticiasbahia360.com.br\/?p=128777","title":{"rendered":"Opera\u00e7\u00e3o prende cinco pessoas e desmonta esquema ligado ao tr\u00e1fico no interior da Bahia"},"content":{"rendered":"<div>\n<div>\n<figure><img decoding=\"async\" src=\"http:\/\/noticiasbahia360.com.br\/wp-content\/uploads\/2026\/04\/Policia-Civil-4.webp\" alt=\"Opera\u00e7\u00e3o prende cinco pessoas e desmonta esquema ligado ao tr\u00e1fico no interior da Bahia\"><figcaption>Foto: Ascom\/PC<\/figcaption><\/figure>\n<\/div>\n<p>A Pol\u00edcia Civil da Bahia cumpriu mandados de pris\u00e3o e de busca e apreens\u00e3o nas cidades de Irec\u00ea, Canarana, Lu\u00eds Eduardo Magalh\u00e3es e tamb\u00e9m no Distrito Federal, durante a Opera\u00e7\u00e3o Ra\u00edzes Ocultas, deflagrada na segunda-feira (27), no \u00e2mbito da Opera\u00e7\u00e3o Nexus, uma a\u00e7\u00e3o nacional coordenada pela Diretoria de Opera\u00e7\u00f5es Integradas e de Intelig\u00eancia do Minist\u00e9rio da Justi\u00e7a e Seguran\u00e7a P\u00fablica (MJSP).<\/p>\n<p>Em Lu\u00eds Eduardo Magalh\u00e3es, um dos envolvidos, um homem de 41 anos, foi preso em flagrante e responder\u00e1 pelos crimes de tr\u00e1fico de drogas e posse ilegal de muni\u00e7\u00e3o de uso permitido. Com ele, os policiais apreenderam uma por\u00e7\u00e3o de maconha, muni\u00e7\u00f5es, uma balan\u00e7a, diversas embalagens para acondicionamento de drogas, aparelhos celulares e um ve\u00edculo.<\/p>\n<p>Duas pessoas foram presas em Irec\u00ea, e outros dois mandados foram cumpridos no Distrito Federal, onde os investigados j\u00e1 respondem por tr\u00e1fico de drogas e porte ilegal de arma de fogo de uso restrito. Um deles tamb\u00e9m cumpre pena pelo crime de homic\u00eddio qualificado.<\/p>\n<p>A Opera\u00e7\u00e3o Nexus \u00e9 resultado de investiga\u00e7\u00f5es e atividades de intelig\u00eancia e visa intensificar o enfrentamento ao crime organizado, com foco na erradica\u00e7\u00e3o de cultivos il\u00edcitos e na desarticula\u00e7\u00e3o das cadeias produtivas do tr\u00e1fico de drogas, bem como identificar e responsabilizar todos os envolvidos em um cultivo ilegal de maconha localizado na cidade de Barro Alto, em novembro de 2025, quando mais de 200 mil p\u00e9s da planta foram erradicados no local.<\/p>\n<p>As dilig\u00eancias contaram com o apoio de equipes da 5\u00aa Delegacia de T\u00f3xicos e Entorpecentes (DTE\/Irec\u00ea), do Grupo de Apoio T\u00e1tico e T\u00e9cnico \u00e0 Investiga\u00e7\u00e3o (Gatti\/Chapada), da 14\u00aa Coordenadoria Regional de Pol\u00edcia do Interior (Coorpin), da Delegacia Territorial (DT\/Irec\u00ea), do N\u00facleo Especial de Atendimento \u00e0 Mulher (Neam\/Lu\u00eds Eduardo Magalh\u00e3es), al\u00e9m do 27\u00ba Batalh\u00e3o da Pol\u00edcia Militar e do Comando Especializado de Opera\u00e7\u00f5es T\u00e1ticas (Ceto).<\/p>\n<p>A a\u00e7\u00e3o integrada e coordenada pelo Minist\u00e9rio da Justi\u00e7a e Seguran\u00e7a P\u00fablica (MJSP), ocorre em articula\u00e7\u00e3o com as Redes Nacionais de Recupera\u00e7\u00e3o de Ativos (Recupera), de Unidades Especializadas de Enfrentamento ao Narcotr\u00e1fico (Renarc) e de Opera\u00e7\u00f5es Ostensivas Especializadas (Renoe).<\/p>\n<p>Com o cumprimento das ordens judiciais, os suspeitos foram submetidos aos exames de praxe e est\u00e3o \u00e0 disposi\u00e7\u00e3o da Justi\u00e7a. As investiga\u00e7\u00f5es seguem para identificar e responsabilizar todos os envolvidos.<\/p>\n<p><em>Siga o Acorda Cidade no <\/em><a href=\"https:\/\/news.google.com\/search?q=acorda%20cidade&amp;hl=pt-BR&amp;gl=BR&amp;ceid=BR%3Apt-419\"><strong><em>Google Not\u00edcias<\/em><\/strong><\/a><em>e receba os principais destaques do dia. Participe tamb\u00e9m dos nossos canais no\u00a0<\/em><a href=\"https:\/\/www.whatsapp.com\/channel\/0029Va6Rb4v3WHTNnsh8WI3N\"><strong><em>WhatsApp<\/em><\/strong><\/a><em>e\u00a0<\/em><a href=\"https:\/\/www.youtube.com\/@acordacidadenoticias\/videos\"><strong>YouTube<\/strong><\/a><em>e grupo de\u00a0<\/em><a href=\"https:\/\/t.me\/+sSz0khrgARA0ZmRh\"><strong><em>Telegram<\/em><\/strong><\/a><em>.<\/em><\/p>\n<\/div>\n","protected":false},"excerpt":{"rendered":"<div>\n<div>\n<figure><img decoding=\"async\" src=\"https:\/\/uploads.acordacidade.com.br\/2026\/04\/Policia-Civil-4.webp\" alt=\"Opera\u00e7\u00e3o prende cinco pessoas e desmonta esquema ligado ao tr\u00e1fico no interior da Bahia\"><figcaption>Foto: Ascom\/PC<\/figcaption><\/figure>\n<\/div>\n<p>Drogas, muni\u00e7\u00f5es, aparelhos celulares, balan\u00e7a, embalagens para acondicionamento de entorpecentes e um ve\u00edculo foram apreendidos.<\/p><\/div>\n","protected":false},"author":1,"featured_media":128778,"comment_status":"closed","ping_status":"closed","sticky":false,"template":"","format":"gallery","meta":{"footnotes":""},"categories":[8,9,6,57,56,10],"tags":[],"class_list":["post-128777","post","type-post","status-publish","format-gallery","has-post-thumbnail","hentry","category-bahia","category-brasil","category-feira-de-santana","category-mundo","category-policia","category-politica","post_format-post-format-gallery"],"featured_image_urls":{"full":["https:\/\/noticiasbahia360.com.br\/wp-content\/uploads\/2026\/04\/Policia-Civil-4.webp",1200,800,false],"thumbnail":["https:\/\/noticiasbahia360.com.br\/wp-content\/uploads\/2026\/04\/Policia-Civil-4-150x150.webp",150,150,true],"medium":["https:\/\/noticiasbahia360.com.br\/wp-content\/uploads\/2026\/04\/Policia-Civil-4-300x200.webp",300,200,true],"medium_large":["https:\/\/noticiasbahia360.com.br\/wp-content\/uploads\/2026\/04\/Policia-Civil-4-768x512.webp",640,427,true],"large":["https:\/\/noticiasbahia360.com.br\/wp-content\/uploads\/2026\/04\/Policia-Civil-4-1024x683.webp",640,427,true],"1536x1536":["https:\/\/noticiasbahia360.com.br\/wp-content\/uploads\/2026\/04\/Policia-Civil-4.webp",1200,800,false],"2048x2048":["https:\/\/noticiasbahia360.com.br\/wp-content\/uploads\/2026\/04\/Policia-Civil-4.webp",1200,800,false],"chromenews-featured":["https:\/\/noticiasbahia360.com.br\/wp-content\/uploads\/2026\/04\/Policia-Civil-4-1024x683.webp",1024,683,true],"chromenews-large":["https:\/\/noticiasbahia360.com.br\/wp-content\/uploads\/2026\/04\/Policia-Civil-4-825x575.webp",825,575,true],"chromenews-medium":["https:\/\/noticiasbahia360.com.br\/wp-content\/uploads\/2026\/04\/Policia-Civil-4-590x410.webp",590,410,true]},"author_info":{"display_name":"noticiasbahia360.com.br","author_link":"https:\/\/noticiasbahia360.com.br\/?author=1"},"category_info":"<a href=\"https:\/\/noticiasbahia360.com.br\/?cat=8\" rel=\"category\">Bahia<\/a> <a href=\"https:\/\/noticiasbahia360.com.br\/?cat=9\" rel=\"category\">Brasil<\/a> <a href=\"https:\/\/noticiasbahia360.com.br\/?cat=6\" rel=\"category\">Feira de Santana<\/a> <a href=\"https:\/\/noticiasbahia360.com.br\/?cat=57\" rel=\"category\">Mundo<\/a> <a href=\"https:\/\/noticiasbahia360.com.br\/?cat=56\" rel=\"category\">Pol\u00edcia<\/a> <a href=\"https:\/\/noticiasbahia360.com.br\/?cat=10\" rel=\"category\">Pol\u00edtica<\/a>","tag_info":"Pol\u00edtica","comment_count":"0","_links":{"self":[{"href":"https:\/\/noticiasbahia360.com.br\/index.php?rest_route=\/wp\/v2\/posts\/128777","targetHints":{"allow":["GET"]}}],"collection":[{"href":"https:\/\/noticiasbahia360.com.br\/index.php?rest_route=\/wp\/v2\/posts"}],"about":[{"href":"https:\/\/noticiasbahia360.com.br\/index.php?rest_route=\/wp\/v2\/types\/post"}],"author":[{"embeddable":true,"href":"https:\/\/noticiasbahia360.com.br\/index.php?rest_route=\/wp\/v2\/users\/1"}],"replies":[{"embeddable":true,"href":"https:\/\/noticiasbahia360.com.br\/index.php?rest_route=%2Fwp%2Fv2%2Fcomments&post=128777"}],"version-history":[{"count":0,"href":"https:\/\/noticiasbahia360.com.br\/index.php?rest_route=\/wp\/v2\/posts\/128777\/revisions"}],"wp:featuredmedia":[{"embeddable":true,"href":"https:\/\/noticiasbahia360.com.br\/index.php?rest_route=\/wp\/v2\/media\/128778"}],"wp:attachment":[{"href":"https:\/\/noticiasbahia360.com.br\/index.php?rest_route=%2Fwp%2Fv2%2Fmedia&parent=128777"}],"wp:term":[{"taxonomy":"category","embeddable":true,"href":"https:\/\/noticiasbahia360.com.br\/index.php?rest_route=%2Fwp%2Fv2%2Fcategories&post=128777"},{"taxonomy":"post_tag","embeddable":true,"href":"https:\/\/noticiasbahia360.com.br\/index.php?rest_route=%2Fwp%2Fv2%2Ftags&post=128777"}],"curies":[{"name":"wp","href":"https:\/\/api.w.org\/{rel}","templated":true}]}}