{"id":128779,"date":"2026-04-28T19:01:05","date_gmt":"2026-04-28T22:01:05","guid":{"rendered":"https:\/\/noticiasbahia360.com.br\/?p=128779"},"modified":"2026-04-28T19:01:05","modified_gmt":"2026-04-28T22:01:05","slug":"meia-tonelada-de-drogas-e-apreendida-em-laboratorio-clandestino-de-salvador-quatro-pessoas-sao-presas","status":"publish","type":"post","link":"https:\/\/noticiasbahia360.com.br\/?p=128779","title":{"rendered":"Meia tonelada de drogas \u00e9 apreendida em laborat\u00f3rio clandestino de Salvador; quatro pessoas s\u00e3o presas"},"content":{"rendered":"<div>\n<div>\n<figure><img decoding=\"async\" src=\"http:\/\/noticiasbahia360.com.br\/wp-content\/uploads\/2026\/04\/laboratorio-de-drogas-em-Salvador-.webp\" alt=\"Meia tonelada de drogas \u00e9 apreendida em laborat\u00f3rio clandestino de Salvador; quatro pessoas s\u00e3o presas\"><figcaption>Foto: Reprodu\u00e7\u00e3o\/PC<\/figcaption><\/figure>\n<\/div>\n<p>Maconha do tipo skunk, coca\u00edna e entorpecentes sint\u00e9ticos, totalizando aproximadamente meia tonelada de drogas, foram apreendidos nesta ter\u00e7a-feira (28), em um im\u00f3vel, em Itapu\u00e3, em Salvador, onde funcionava um <a href=\"https:\/\/www.acordacidade.com.br\/tag\/laboratorio-de-drogas\/\" type=\"post_tag\" id=\"137979\">laborat\u00f3rio de drogas<\/a>. Quatro pessoas foram presas no local por equipes do Departamento Especializado de Investiga\u00e7\u00f5es Criminais (Deic).<\/p>\n<figure class=\"wp-block-image size-full\"><img fetchpriority=\"high\" decoding=\"async\" width=\"1200\" height=\"653\" src=\"http:\/\/noticiasbahia360.com.br\/wp-content\/uploads\/2026\/04\/laboratorio-de-drogas-em-Salvador-1.webp\" alt=\"Meia tonelada de drogas \u00e9 apreendida em laborat\u00f3rio clandestino de Salvador; quatro pessoas s\u00e3o presas\" class=\"wp-image-650867\" srcset=\"http:\/\/noticiasbahia360.com.br\/wp-content\/uploads\/2026\/04\/laboratorio-de-drogas-em-Salvador-1.webp 1200w, https:\/\/uploads.acordacidade.com.br\/2026\/04\/laboratorio-de-drogas-em-Salvador-1-750x408.webp 750w, https:\/\/uploads.acordacidade.com.br\/2026\/04\/laboratorio-de-drogas-em-Salvador-1-1000x544.webp 1000w, https:\/\/uploads.acordacidade.com.br\/2026\/04\/laboratorio-de-drogas-em-Salvador-1-450x245.webp 450w, https:\/\/uploads.acordacidade.com.br\/2026\/04\/laboratorio-de-drogas-em-Salvador-1-150x82.webp 150w\" sizes=\"(max-width: 1200px) 100vw, 1200px\"><figcaption class=\"wp-element-caption\">Foto: Reprodu\u00e7\u00e3o\/PC<\/figcaption><\/figure>\n<p>O flagrante ocorreu ap\u00f3s levantamento realizado pelas equipes policiais para averiguar uma den\u00fancia an\u00f4nima sobre entrega de drogas no endere\u00e7o. Um ve\u00edculo tamb\u00e9m foi apreendido, e parte dos entorpecentes foi encontrada em seu interior.<\/p>\n<figure class=\"wp-block-image size-full\"><img decoding=\"async\" width=\"1200\" height=\"653\" src=\"http:\/\/noticiasbahia360.com.br\/wp-content\/uploads\/2026\/04\/laboratorio-de-drogas-em-Salvador-1-1.webp\" alt=\"Meia tonelada de drogas \u00e9 apreendida em laborat\u00f3rio clandestino de Salvador; quatro pessoas s\u00e3o presas\" class=\"wp-image-650869\" srcset=\"http:\/\/noticiasbahia360.com.br\/wp-content\/uploads\/2026\/04\/laboratorio-de-drogas-em-Salvador-1-1.webp 1200w, https:\/\/uploads.acordacidade.com.br\/2026\/04\/laboratorio-de-drogas-em-Salvador-1-1-750x408.webp 750w, https:\/\/uploads.acordacidade.com.br\/2026\/04\/laboratorio-de-drogas-em-Salvador-1-1-1000x544.webp 1000w, https:\/\/uploads.acordacidade.com.br\/2026\/04\/laboratorio-de-drogas-em-Salvador-1-1-450x245.webp 450w, https:\/\/uploads.acordacidade.com.br\/2026\/04\/laboratorio-de-drogas-em-Salvador-1-1-150x82.webp 150w\" sizes=\"(max-width: 1200px) 100vw, 1200px\"><figcaption class=\"wp-element-caption\">Foto: Reprodu\u00e7\u00e3o\/PC<\/figcaption><\/figure>\n<p>Um caldeir\u00e3o, balan\u00e7as e outros utens\u00edlios utilizados no preparo e refino dos entorpecentes foram apreendidos no im\u00f3vel. Os quatro flagranteados foram autuados pelos crimes de tr\u00e1fico de drogas e associa\u00e7\u00e3o para o tr\u00e1fico. Eles ser\u00e3o submetidos a exames de praxe e ficar\u00e3o \u00e0 disposi\u00e7\u00e3o da Justi\u00e7a. O material apreendido foi encaminhado \u00e0 per\u00edcia.<\/p>\n<p>A a\u00e7\u00e3o integra a segunda etapa da Opera\u00e7\u00e3o Zimmer, deflagrada em dezembro de 2025, quando 43 integrantes de uma organiza\u00e7\u00e3o criminosa foram presos.<\/p>\n<p><em>Siga o Acorda Cidade no <\/em><a href=\"https:\/\/news.google.com\/search?q=acorda%20cidade&amp;hl=pt-BR&amp;gl=BR&amp;ceid=BR%3Apt-419\"><strong><em>Google Not\u00edcias<\/em><\/strong><\/a><em> e receba os principais destaques do dia. Participe tamb\u00e9m dos nossos canais no\u00a0<\/em><a href=\"https:\/\/www.whatsapp.com\/channel\/0029Va6Rb4v3WHTNnsh8WI3N\"><strong><em>WhatsApp<\/em><\/strong><\/a><em> e\u00a0<\/em><a href=\"https:\/\/www.youtube.com\/@acordacidadenoticias\/videos\"><strong>YouTube<\/strong><\/a><em> e grupo de\u00a0<\/em><a href=\"https:\/\/t.me\/+sSz0khrgARA0ZmRh\"><strong><em>Telegram<\/em><\/strong><\/a><em>.<\/em><\/p>\n<\/p>\n<\/div>\n","protected":false},"excerpt":{"rendered":"<div>\n<div>\n<figure><img decoding=\"async\" src=\"https:\/\/uploads.acordacidade.com.br\/2026\/04\/laboratorio-de-drogas-em-Salvador-.webp\" alt=\"Meia tonelada de drogas \u00e9 apreendida em laborat\u00f3rio clandestino de Salvador; quatro pessoas s\u00e3o presas\"><figcaption>Foto: Reprodu\u00e7\u00e3o\/PC<\/figcaption><\/figure>\n<\/div>\n<p>O flagrante ocorreu ap\u00f3s levantamento realizado pelas equipes policiais para averiguar uma den\u00fancia sobre entrega de drogas no endere\u00e7o.<\/p><\/div>\n","protected":false},"author":1,"featured_media":128780,"comment_status":"closed","ping_status":"closed","sticky":false,"template":"","format":"gallery","meta":{"footnotes":""},"categories":[8,9,6,57,56,10],"tags":[],"class_list":["post-128779","post","type-post","status-publish","format-gallery","has-post-thumbnail","hentry","category-bahia","category-brasil","category-feira-de-santana","category-mundo","category-policia","category-politica","post_format-post-format-gallery"],"featured_image_urls":{"full":["https:\/\/noticiasbahia360.com.br\/wp-content\/uploads\/2026\/04\/laboratorio-de-drogas-em-Salvador-.webp",1200,654,false],"thumbnail":["https:\/\/noticiasbahia360.com.br\/wp-content\/uploads\/2026\/04\/laboratorio-de-drogas-em-Salvador--150x150.webp",150,150,true],"medium":["https:\/\/noticiasbahia360.com.br\/wp-content\/uploads\/2026\/04\/laboratorio-de-drogas-em-Salvador--300x164.webp",300,164,true],"medium_large":["https:\/\/noticiasbahia360.com.br\/wp-content\/uploads\/2026\/04\/laboratorio-de-drogas-em-Salvador--768x419.webp",640,349,true],"large":["https:\/\/noticiasbahia360.com.br\/wp-content\/uploads\/2026\/04\/laboratorio-de-drogas-em-Salvador--1024x558.webp",640,349,true],"1536x1536":["https:\/\/noticiasbahia360.com.br\/wp-content\/uploads\/2026\/04\/laboratorio-de-drogas-em-Salvador-.webp",1200,654,false],"2048x2048":["https:\/\/noticiasbahia360.com.br\/wp-content\/uploads\/2026\/04\/laboratorio-de-drogas-em-Salvador-.webp",1200,654,false],"chromenews-featured":["https:\/\/noticiasbahia360.com.br\/wp-content\/uploads\/2026\/04\/laboratorio-de-drogas-em-Salvador--1024x558.webp",1024,558,true],"chromenews-large":["https:\/\/noticiasbahia360.com.br\/wp-content\/uploads\/2026\/04\/laboratorio-de-drogas-em-Salvador--825x575.webp",825,575,true],"chromenews-medium":["https:\/\/noticiasbahia360.com.br\/wp-content\/uploads\/2026\/04\/laboratorio-de-drogas-em-Salvador--590x410.webp",590,410,true]},"author_info":{"display_name":"noticiasbahia360.com.br","author_link":"https:\/\/noticiasbahia360.com.br\/?author=1"},"category_info":"<a href=\"https:\/\/noticiasbahia360.com.br\/?cat=8\" rel=\"category\">Bahia<\/a> <a href=\"https:\/\/noticiasbahia360.com.br\/?cat=9\" rel=\"category\">Brasil<\/a> <a href=\"https:\/\/noticiasbahia360.com.br\/?cat=6\" rel=\"category\">Feira de Santana<\/a> <a href=\"https:\/\/noticiasbahia360.com.br\/?cat=57\" rel=\"category\">Mundo<\/a> <a href=\"https:\/\/noticiasbahia360.com.br\/?cat=56\" rel=\"category\">Pol\u00edcia<\/a> <a href=\"https:\/\/noticiasbahia360.com.br\/?cat=10\" rel=\"category\">Pol\u00edtica<\/a>","tag_info":"Pol\u00edtica","comment_count":"0","_links":{"self":[{"href":"https:\/\/noticiasbahia360.com.br\/index.php?rest_route=\/wp\/v2\/posts\/128779","targetHints":{"allow":["GET"]}}],"collection":[{"href":"https:\/\/noticiasbahia360.com.br\/index.php?rest_route=\/wp\/v2\/posts"}],"about":[{"href":"https:\/\/noticiasbahia360.com.br\/index.php?rest_route=\/wp\/v2\/types\/post"}],"author":[{"embeddable":true,"href":"https:\/\/noticiasbahia360.com.br\/index.php?rest_route=\/wp\/v2\/users\/1"}],"replies":[{"embeddable":true,"href":"https:\/\/noticiasbahia360.com.br\/index.php?rest_route=%2Fwp%2Fv2%2Fcomments&post=128779"}],"version-history":[{"count":0,"href":"https:\/\/noticiasbahia360.com.br\/index.php?rest_route=\/wp\/v2\/posts\/128779\/revisions"}],"wp:featuredmedia":[{"embeddable":true,"href":"https:\/\/noticiasbahia360.com.br\/index.php?rest_route=\/wp\/v2\/media\/128780"}],"wp:attachment":[{"href":"https:\/\/noticiasbahia360.com.br\/index.php?rest_route=%2Fwp%2Fv2%2Fmedia&parent=128779"}],"wp:term":[{"taxonomy":"category","embeddable":true,"href":"https:\/\/noticiasbahia360.com.br\/index.php?rest_route=%2Fwp%2Fv2%2Fcategories&post=128779"},{"taxonomy":"post_tag","embeddable":true,"href":"https:\/\/noticiasbahia360.com.br\/index.php?rest_route=%2Fwp%2Fv2%2Ftags&post=128779"}],"curies":[{"name":"wp","href":"https:\/\/api.w.org\/{rel}","templated":true}]}} 