{"id":128783,"date":"2026-04-28T19:01:07","date_gmt":"2026-04-28T22:01:07","guid":{"rendered":"https:\/\/noticiasbahia360.com.br\/?p=128783"},"modified":"2026-04-28T19:01:07","modified_gmt":"2026-04-28T22:01:07","slug":"saiba-como-funcionara-o-comercio-no-feriadao-do-dia-do-trabalhador-lojas-abrem-no-dia-das-maes","status":"publish","type":"post","link":"https:\/\/noticiasbahia360.com.br\/?p=128783","title":{"rendered":"Saiba como funcionar\u00e1 o com\u00e9rcio no feriad\u00e3o do Dia do Trabalhador; lojas abrem no Dia das M\u00e3es"},"content":{"rendered":"<div>\n<div>\n<figure><img decoding=\"async\" src=\"http:\/\/noticiasbahia360.com.br\/wp-content\/uploads\/2026\/04\/comercio-de-feira-de-santana-ft-paulo-jose-acorda-cidade-3-1.webp\" alt=\"com\u00e9rcio de Feira de Santana registra movimenta\u00e7\u00e3o na v\u00e9spera do feriado de Tiradentes\"><figcaption>Foto: Paulo Jos\u00e9\/Acorda Cidade<\/figcaption><\/figure>\n<\/div>\n<div class=\"wp-block-group\">\n<div class=\"wp-block-group__inner-container is-layout-constrained wp-block-group-is-layout-constrained\">\n<p>O presidente do Sindicato do Com\u00e9rcio de Feira de Santana (Sincom\u00e9rcio), Marco Silva, explicou ao Acorda Cidade como ser\u00e1 o funcionamento do com\u00e9rcio no dia 1\u00ba de Maio, feriado do Dia do Trabalhador, na pr\u00f3xima sexta. Ele tamb\u00e9m falou sobre as expectativas para o Dia das M\u00e3es e informou que este ano, o com\u00e9rcio vai funcionar no segundo domingo de maio, dia 10. <\/p>\n<figure class=\"wp-block-image size-full\"><img fetchpriority=\"high\" fetchpriority=\"high\" decoding=\"async\" width=\"1200\" height=\"560\" src=\"http:\/\/noticiasbahia360.com.br\/wp-content\/uploads\/2026\/04\/marco-silva-presidente-sicomercio-100226.jpg\" alt=\"Conven\u00e7\u00e3o coletiva do com\u00e9rcio de Feira define novas regras sobre folgas, domingos e sa\u00fade do trabalhador\" class=\"wp-image-628858\" srcset=\"http:\/\/noticiasbahia360.com.br\/wp-content\/uploads\/2026\/04\/marco-silva-presidente-sicomercio-100226.jpg 1200w, https:\/\/www.acordacidade.com.br\/wp-content\/uploads\/2026\/02\/marco-silva-presidente-sicomercio-100226-648x302.jpg 648w, https:\/\/www.acordacidade.com.br\/wp-content\/uploads\/2026\/02\/marco-silva-presidente-sicomercio-100226-984x459.jpg 984w, https:\/\/www.acordacidade.com.br\/wp-content\/uploads\/2026\/02\/marco-silva-presidente-sicomercio-100226-140x65.jpg 140w, https:\/\/www.acordacidade.com.br\/wp-content\/uploads\/2026\/02\/marco-silva-presidente-sicomercio-100226-424x198.jpg 424w, https:\/\/www.acordacidade.com.br\/wp-content\/uploads\/2026\/02\/marco-silva-presidente-sicomercio-100226-150x70.jpg 150w\" sizes=\"(max-width: 1200px) 100vw, 1200px\"><figcaption class=\"wp-element-caption\">Marco Silva, presidente do Sindicato do Com\u00e9rcio de Feira de Santana \u2013 Foto: Paulo Jos\u00e9\/Acorda Cidade<\/figcaption><\/figure>\n<h2 class=\"wp-block-heading\" id=\"h-dia-do-trabalhador\">Dia do Trabalhador <\/h2>\n<p>Segundo Marco Silva, o com\u00e9rcio dos bairros em Feira de Santana, como supermercados, mercadinhos e lojas diversas, ir\u00e1 funcionar normalmente nesta sexta-feira, 1\u00ba de maio, feriado do Dia do Trabalhador. Segundo ele, os shoppings tamb\u00e9m est\u00e3o autorizados, mas ele acredita que n\u00e3o devem abrir. <\/p>\n<p>\u201cAcreditamos que, pela import\u00e2ncia da data, eles n\u00e3o ir\u00e3o funcionar. Eu recebi um comunicado do maior shopping da cidade, que, na data, s\u00f3 vai funcionar a pra\u00e7a de alimenta\u00e7\u00e3o e entretenimento, as lojas v\u00e3o estar fechadas\u201d, disse.<\/p>\n<p>\u201cN\u00f3s sabemos a import\u00e2ncia do com\u00e9rcio de bairros. Esse sim vai estar funcionando, principalmente os mercadinhos que est\u00e3o em nossa base hoje em dia. Ent\u00e3o, o cliente e o consumidor feirense n\u00e3o v\u00e3o ficar desamparados no feriado; se ele precisar de alguma coisa, ele vai ter quem atenda\u201d, completou Silva.<\/p>\n<\/div>\n<\/div>\n<div class=\"wp-block-group\">\n<div class=\"wp-block-group__inner-container is-layout-constrained wp-block-group-is-layout-constrained\">\n<h3 class=\"wp-block-heading\" id=\"h-imprensado\">Imprensado<\/h3>\n<p>Apesar da grande import\u00e2ncia da data, o presidente do Sincom\u00e9rcio externou uma certa preocupa\u00e7\u00e3o com a posi\u00e7\u00e3o do feriado no calend\u00e1rio semanal. Silva explicou que cair na v\u00e9spera do fim de semana pode comprometer o desempenho em diversos segmentos.<\/p>\n<p>\u201cPraticamente o fim de semana vai estar perdido, muita gente vai aproveitar, vai emendar. Ent\u00e3o, a gente sabe que hoje o s\u00e1bado \u00e9 o melhor dia do com\u00e9rcio. Ent\u00e3o, perto do s\u00e1bado, no in\u00edcio do m\u00eas, que as pessoas est\u00e3o com sal\u00e1rio, quando todo mundo recebe, era para ter um movimento estrondoso\u201d, disse.<\/p>\n<p>\u201cEstamos preocupados porque muita gente vai emendar isso e vai ser o impacto realmente no movimento das empresas, como tamb\u00e9m nas comiss\u00f5es dos vendedores, porque muita gente vai viajar, vai gastar esse dinheiro e depois vamos ficar aguardando o movimento voltar, al\u00e9m de ser muito pr\u00f3ximo do Dia das M\u00e3es\u201d, comentou.<\/p>\n<\/div>\n<\/div>\n<h3 class=\"wp-block-heading\" id=\"h-dia-das-maes\">Dia das M\u00e3es<\/h3>\n<p>Marco Silva aproveitou a oportunidade para adiantar que, no segundo final de semana do m\u00eas de maio, inclusive no domingo, dia 10, data em que ser\u00e1 comemorado o <strong>Dia das M\u00e3es <\/strong>neste ano, o com\u00e9rcio do centro da cidade ir\u00e1 funcionar normalmente, uma estrat\u00e9gia para alavancar as vendas.<\/p>\n<figure class=\"wp-block-image size-full\"><img decoding=\"async\" width=\"869\" height=\"489\" src=\"http:\/\/noticiasbahia360.com.br\/wp-content\/uploads\/2026\/04\/Dia-das-maes-edited.png\" alt=\"\" class=\"wp-image-650340\" srcset=\"http:\/\/noticiasbahia360.com.br\/wp-content\/uploads\/2026\/04\/Dia-das-maes-edited.png 869w, https:\/\/uploads.acordacidade.com.br\/2026\/04\/Dia-das-maes-edited-750x422.png 750w, https:\/\/uploads.acordacidade.com.br\/2026\/04\/Dia-das-maes-edited-450x253.png 450w, https:\/\/uploads.acordacidade.com.br\/2026\/04\/Dia-das-maes-edited-150x84.png 150w\" sizes=\"(max-width: 869px) 100vw, 869px\"><figcaption class=\"wp-element-caption\">Foto: Freepik <\/figcaption><\/figure>\n<p>\u201cA gente vai funcionar no dia 10. \u00c9 claro que estamos recomendando que funcione em um hor\u00e1rio mais reduzido para que as pessoas tamb\u00e9m tenham condi\u00e7\u00f5es de almo\u00e7ar com suas m\u00e3es. Inclusive, estamos fazendo um movimento nas lojas para que todo mundo abra, para que o cliente tenha mais op\u00e7\u00e3o, porque 40% das pessoas compram o presente das m\u00e3es no \u00faltimo dia\u201d, concluiu Marco Silva.<\/p>\n<p><em>Com informa\u00e7\u00f5es do rep\u00f3rter Paulo Jos\u00e9, do Acorda Cidade<\/em><\/p>\n<p><em>Siga o Acorda Cidade no<\/em><a href=\"https:\/\/news.google.com\/search?q=acorda%20cidade&amp;hl=pt-BR&amp;gl=BR&amp;ceid=BR%3Apt-419\"><strong><em>\u00a0Google Not\u00edcias<\/em><\/strong><\/a><em>\u00a0e receba os principais destaques do dia. Participe tamb\u00e9m dos nossos canais no\u00a0<\/em><a href=\"https:\/\/www.whatsapp.com\/channel\/0029Va6Rb4v3WHTNnsh8WI3N\"><strong><em>WhatsApp<\/em><\/strong><\/a><em>\u00a0e\u00a0<\/em><a href=\"https:\/\/www.youtube.com\/@acordacidadenoticias\/videos\"><strong>YouTube<\/strong><\/a><em>\u00a0e grupo de\u00a0<\/em><a href=\"https:\/\/t.me\/+sSz0khrgARA0ZmRh\"><strong><em>Telegram<\/em><\/strong><\/a><em>.<\/em><\/p>\n<\/div>\n","protected":false},"excerpt":{"rendered":"<div>\n<div>\n<figure><img decoding=\"async\" src=\"https:\/\/uploads.acordacidade.com.br\/2026\/04\/comercio-de-feira-de-santana-ft-paulo-jose-acorda-cidade-3.webp\" alt=\"com\u00e9rcio de Feira de Santana registra movimenta\u00e7\u00e3o na v\u00e9spera do feriado de Tiradentes\"><figcaption>Foto: Paulo Jos\u00e9\/Acorda Cidade<\/figcaption><\/figure>\n<\/div>\n<p>A informa\u00e7\u00e3o foi confirmada por Marco Silva, presidente do Sindicato do Com\u00e9rcio de Feira de Santana (Sincom\u00e9rcio).<\/p><\/div>\n","protected":false},"author":1,"featured_media":128784,"comment_status":"closed","ping_status":"closed","sticky":false,"template":"","format":"gallery","meta":{"footnotes":""},"categories":[8,9,6,57,56,10],"tags":[],"class_list":["post-128783","post","type-post","status-publish","format-gallery","has-post-thumbnail","hentry","category-bahia","category-brasil","category-feira-de-santana","category-mundo","category-policia","category-politica","post_format-post-format-gallery"],"featured_image_urls":{"full":["https:\/\/noticiasbahia360.com.br\/wp-content\/uploads\/2026\/04\/comercio-de-feira-de-santana-ft-paulo-jose-acorda-cidade-3-1.webp",1200,900,false],"thumbnail":["https:\/\/noticiasbahia360.com.br\/wp-content\/uploads\/2026\/04\/comercio-de-feira-de-santana-ft-paulo-jose-acorda-cidade-3-1-150x150.webp",150,150,true],"medium":["https:\/\/noticiasbahia360.com.br\/wp-content\/uploads\/2026\/04\/comercio-de-feira-de-santana-ft-paulo-jose-acorda-cidade-3-1-300x225.webp",300,225,true],"medium_large":["https:\/\/noticiasbahia360.com.br\/wp-content\/uploads\/2026\/04\/comercio-de-feira-de-santana-ft-paulo-jose-acorda-cidade-3-1-768x576.webp",640,480,true],"large":["https:\/\/noticiasbahia360.com.br\/wp-content\/uploads\/2026\/04\/comercio-de-feira-de-santana-ft-paulo-jose-acorda-cidade-3-1-1024x768.webp",640,480,true],"1536x1536":["https:\/\/noticiasbahia360.com.br\/wp-content\/uploads\/2026\/04\/comercio-de-feira-de-santana-ft-paulo-jose-acorda-cidade-3-1.webp",1200,900,false],"2048x2048":["https:\/\/noticiasbahia360.com.br\/wp-content\/uploads\/2026\/04\/comercio-de-feira-de-santana-ft-paulo-jose-acorda-cidade-3-1.webp",1200,900,false],"chromenews-featured":["https:\/\/noticiasbahia360.com.br\/wp-content\/uploads\/2026\/04\/comercio-de-feira-de-santana-ft-paulo-jose-acorda-cidade-3-1-1024x768.webp",1024,768,true],"chromenews-large":["https:\/\/noticiasbahia360.com.br\/wp-content\/uploads\/2026\/04\/comercio-de-feira-de-santana-ft-paulo-jose-acorda-cidade-3-1-825x575.webp",825,575,true],"chromenews-medium":["https:\/\/noticiasbahia360.com.br\/wp-content\/uploads\/2026\/04\/comercio-de-feira-de-santana-ft-paulo-jose-acorda-cidade-3-1-590x410.webp",590,410,true]},"author_info":{"display_name":"noticiasbahia360.com.br","author_link":"https:\/\/noticiasbahia360.com.br\/?author=1"},"category_info":"<a href=\"https:\/\/noticiasbahia360.com.br\/?cat=8\" rel=\"category\">Bahia<\/a> <a href=\"https:\/\/noticiasbahia360.com.br\/?cat=9\" rel=\"category\">Brasil<\/a> <a href=\"https:\/\/noticiasbahia360.com.br\/?cat=6\" rel=\"category\">Feira de Santana<\/a> <a href=\"https:\/\/noticiasbahia360.com.br\/?cat=57\" rel=\"category\">Mundo<\/a> <a href=\"https:\/\/noticiasbahia360.com.br\/?cat=56\" rel=\"category\">Pol\u00edcia<\/a> <a href=\"https:\/\/noticiasbahia360.com.br\/?cat=10\" rel=\"category\">Pol\u00edtica<\/a>","tag_info":"Pol\u00edtica","comment_count":"0","_links":{"self":[{"href":"https:\/\/noticiasbahia360.com.br\/index.php?rest_route=\/wp\/v2\/posts\/128783","targetHints":{"allow":["GET"]}}],"collection":[{"href":"https:\/\/noticiasbahia360.com.br\/index.php?rest_route=\/wp\/v2\/posts"}],"about":[{"href":"https:\/\/noticiasbahia360.com.br\/index.php?rest_route=\/wp\/v2\/types\/post"}],"author":[{"embeddable":true,"href":"https:\/\/noticiasbahia360.com.br\/index.php?rest_route=\/wp\/v2\/users\/1"}],"replies":[{"embeddable":true,"href":"https:\/\/noticiasbahia360.com.br\/index.php?rest_route=%2Fwp%2Fv2%2Fcomments&post=128783"}],"version-history":[{"count":0,"href":"https:\/\/noticiasbahia360.com.br\/index.php?rest_route=\/wp\/v2\/posts\/128783\/revisions"}],"wp:featuredmedia":[{"embeddable":true,"href":"https:\/\/noticiasbahia360.com.br\/index.php?rest_route=\/wp\/v2\/media\/128784"}],"wp:attachment":[{"href":"https:\/\/noticiasbahia360.com.br\/index.php?rest_route=%2Fwp%2Fv2%2Fmedia&parent=128783"}],"wp:term":[{"taxonomy":"category","embeddable":true,"href":"https:\/\/noticiasbahia360.com.br\/index.php?rest_route=%2Fwp%2Fv2%2Fcategories&post=128783"},{"taxonomy":"post_tag","embeddable":true,"href":"https:\/\/noticiasbahia360.com.br\/index.php?rest_route=%2Fwp%2Fv2%2Ftags&post=128783"}],"curies":[{"name":"wp","href":"https:\/\/api.w.org\/{rel}","templated":true}]}} 