{"id":128787,"date":"2026-04-28T19:37:38","date_gmt":"2026-04-28T22:37:38","guid":{"rendered":"https:\/\/noticiasbahia360.com.br\/?p=128787"},"modified":"2026-04-28T19:37:38","modified_gmt":"2026-04-28T22:37:38","slug":"em-feira-de-santana-pm-apreende-drogas-na-queimadinha-e-prende-duas-pessoas-por-trafico-na-mangabeira","status":"publish","type":"post","link":"https:\/\/noticiasbahia360.com.br\/?p=128787","title":{"rendered":"Em Feira de Santana, PM apreende drogas na Queimadinha e prende duas pessoas por tr\u00e1fico na Mangabeira"},"content":{"rendered":"<div>\n<div>\n<figure><img decoding=\"async\" src=\"http:\/\/noticiasbahia360.com.br\/wp-content\/uploads\/2026\/04\/apreensao-de-drogas-1-2.webp\" alt=\"PM apreende drogas na Queimadinha e prende duas pessoas por tr\u00e1fico na Mangabeira, em Feira de Santana\"><figcaption>Foto: Ascom\/PM<\/figcaption><\/figure>\n<\/div>\n<p>Policiais militares do 25\u00ba Batalh\u00e3o da Pol\u00edcia Militar realizaram duas a\u00e7\u00f5es contra o <a href=\"https:\/\/www.acordacidade.com.br\/tag\/trafico-de-drogas\/\" type=\"post_tag\" id=\"33821\">tr\u00e1fico de drogas<\/a> nesta ter\u00e7a-feira (28), nos bairros Queimadinha e Mangabeira, em Feira de Santana. Ao todo, drogas, uma balan\u00e7a de precis\u00e3o e materiais utilizados no armazenamento de entorpecentes foram apreendidos, al\u00e9m da pris\u00e3o de duas pessoas.<\/p>\n<p>A primeira ocorr\u00eancia foi registrada por volta das 9h30, na Rua Colibri, no bairro Queimadinha. Segundo informa\u00e7\u00f5es da Pol\u00edcia Militar apuradas pelo Acorda Cidade, equipes da Ceto II faziam rondas na regi\u00e3o quando avistaram cerca de quatro homens que, ao perceberem a aproxima\u00e7\u00e3o da viatura, fugiram em dire\u00e7\u00e3o a uma \u00e1rea de taboas.<\/p>\n<p>Os policiais realizaram o acompanhamento, mas os suspeitos n\u00e3o foram localizados. Durante a varredura no local, foi encontrada uma sacola contendo drogas e materiais relacionados ao tr\u00e1fico.<\/p>\n<p>Foram apreendidos quatro pinos e 14 buchas de coca\u00edna, 29 buchas de maconha, uma balan\u00e7a de precis\u00e3o e diversos pinos utilizados para acondicionamento de drogas.<\/p>\n<p>Todo o material foi encaminhado para a Delegacia de T\u00f3xicos e Entorpecentes (DTE), onde a ocorr\u00eancia foi registrada.<\/p>\n<p>J\u00e1 por volta das 10h, outra a\u00e7\u00e3o foi realizada na Rua Mazag\u00e3o, no bairro Mangabeira, ap\u00f3s a Pol\u00edcia Militar receber uma den\u00fancia sobre poss\u00edvel tr\u00e1fico de drogas no local.<\/p>\n<p>Durante a averigua\u00e7\u00e3o, os policiais encontraram duas pessoas e, na abordagem, localizaram 142 c\u00e1psulas contendo drogas sint\u00e9ticas, al\u00e9m de uma pedra de coca\u00edna.<\/p>\n<figure class=\"wp-block-image size-full\"><img fetchpriority=\"high\" fetchpriority=\"high\" decoding=\"async\" width=\"1200\" height=\"781\" src=\"http:\/\/noticiasbahia360.com.br\/wp-content\/uploads\/2026\/04\/Apreensao-de-drogas-1-1.webp\" alt=\"PM apreende drogas na Queimadinha e prende duas pessoas por tr\u00e1fico na Mangabeira, em Feira de Santana\" class=\"wp-image-650875\" srcset=\"http:\/\/noticiasbahia360.com.br\/wp-content\/uploads\/2026\/04\/Apreensao-de-drogas-1-1.webp 1200w, https:\/\/uploads.acordacidade.com.br\/2026\/04\/Apreensao-de-drogas-1-1-750x488.webp 750w, https:\/\/uploads.acordacidade.com.br\/2026\/04\/Apreensao-de-drogas-1-1-1000x651.webp 1000w, https:\/\/uploads.acordacidade.com.br\/2026\/04\/Apreensao-de-drogas-1-1-450x293.webp 450w, https:\/\/uploads.acordacidade.com.br\/2026\/04\/Apreensao-de-drogas-1-1-150x98.webp 150w\" sizes=\"(max-width: 1200px) 100vw, 1200px\"><figcaption class=\"wp-element-caption\">Foto: Ascom\/PM<\/figcaption><\/figure>\n<p>Um homem e uma mulher foram conduzidos \u00e0 delegacia junto com o material apreendido, onde foram adotadas as medidas cab\u00edveis.<\/p>\n<p>As duas ocorr\u00eancias foram registradas na Delegacia de T\u00f3xicos e Entorpecentes, que seguir\u00e1 com as investiga\u00e7\u00f5es.<\/p>\n<p><em>Com informa\u00e7\u00f5es do rep\u00f3rter Ed Santos, do Acorda Cidade<\/em><\/p>\n<p><em>Siga o Acorda Cidade no<\/em><a href=\"https:\/\/news.google.com\/search?q=acorda%20cidade&amp;hl=pt-BR&amp;gl=BR&amp;ceid=BR%3Apt-419\"><strong><em>\u00a0Google Not\u00edcias<\/em><\/strong><\/a><em>\u00a0e receba os principais destaques do dia. Participe tamb\u00e9m dos nossos canais no\u00a0<\/em><a href=\"https:\/\/www.whatsapp.com\/channel\/0029Va6Rb4v3WHTNnsh8WI3N\"><strong><em>WhatsApp<\/em><\/strong><\/a><em>\u00a0e\u00a0<\/em><a href=\"https:\/\/www.youtube.com\/@acordacidadenoticias\/videos\"><strong>YouTube<\/strong><\/a><em>\u00a0e grupo de\u00a0<\/em><a href=\"https:\/\/t.me\/+sSz0khrgARA0ZmRh\"><strong><em>Telegram<\/em><\/strong><\/a><em>.<\/em><\/p>\n<\/div>\n","protected":false},"excerpt":{"rendered":"<div>\n<div>\n<figure><img decoding=\"async\" src=\"https:\/\/uploads.acordacidade.com.br\/2026\/04\/apreensao-de-drogas-1-2.webp\" alt=\"PM apreende drogas na Queimadinha e prende duas pessoas por tr\u00e1fico na Mangabeira, em Feira de Santana\"><figcaption>Foto: Ascom\/PM<\/figcaption><\/figure>\n<\/div>\n<p>As duas ocorr\u00eancias foram registradas na Delegacia de T\u00f3xicos e Entorpecentes, que seguir\u00e1 com as investiga\u00e7\u00f5es.<\/p><\/div>\n","protected":false},"author":1,"featured_media":128788,"comment_status":"closed","ping_status":"closed","sticky":false,"template":"","format":"gallery","meta":{"footnotes":""},"categories":[8,9,6,57,56,10],"tags":[],"class_list":["post-128787","post","type-post","status-publish","format-gallery","has-post-thumbnail","hentry","category-bahia","category-brasil","category-feira-de-santana","category-mundo","category-policia","category-politica","post_format-post-format-gallery"],"featured_image_urls":{"full":["https:\/\/noticiasbahia360.com.br\/wp-content\/uploads\/2026\/04\/apreensao-de-drogas-1-2.webp",1200,780,false],"thumbnail":["https:\/\/noticiasbahia360.com.br\/wp-content\/uploads\/2026\/04\/apreensao-de-drogas-1-2-150x150.webp",150,150,true],"medium":["https:\/\/noticiasbahia360.com.br\/wp-content\/uploads\/2026\/04\/apreensao-de-drogas-1-2-300x195.webp",300,195,true],"medium_large":["https:\/\/noticiasbahia360.com.br\/wp-content\/uploads\/2026\/04\/apreensao-de-drogas-1-2-768x499.webp",640,416,true],"large":["https:\/\/noticiasbahia360.com.br\/wp-content\/uploads\/2026\/04\/apreensao-de-drogas-1-2-1024x666.webp",640,416,true],"1536x1536":["https:\/\/noticiasbahia360.com.br\/wp-content\/uploads\/2026\/04\/apreensao-de-drogas-1-2.webp",1200,780,false],"2048x2048":["https:\/\/noticiasbahia360.com.br\/wp-content\/uploads\/2026\/04\/apreensao-de-drogas-1-2.webp",1200,780,false],"chromenews-featured":["https:\/\/noticiasbahia360.com.br\/wp-content\/uploads\/2026\/04\/apreensao-de-drogas-1-2-1024x666.webp",1024,666,true],"chromenews-large":["https:\/\/noticiasbahia360.com.br\/wp-content\/uploads\/2026\/04\/apreensao-de-drogas-1-2-825x575.webp",825,575,true],"chromenews-medium":["https:\/\/noticiasbahia360.com.br\/wp-content\/uploads\/2026\/04\/apreensao-de-drogas-1-2-590x410.webp",590,410,true]},"author_info":{"display_name":"noticiasbahia360.com.br","author_link":"https:\/\/noticiasbahia360.com.br\/?author=1"},"category_info":"<a href=\"https:\/\/noticiasbahia360.com.br\/?cat=8\" rel=\"category\">Bahia<\/a> <a href=\"https:\/\/noticiasbahia360.com.br\/?cat=9\" rel=\"category\">Brasil<\/a> <a href=\"https:\/\/noticiasbahia360.com.br\/?cat=6\" rel=\"category\">Feira de Santana<\/a> <a href=\"https:\/\/noticiasbahia360.com.br\/?cat=57\" rel=\"category\">Mundo<\/a> <a href=\"https:\/\/noticiasbahia360.com.br\/?cat=56\" rel=\"category\">Pol\u00edcia<\/a> <a href=\"https:\/\/noticiasbahia360.com.br\/?cat=10\" rel=\"category\">Pol\u00edtica<\/a>","tag_info":"Pol\u00edtica","comment_count":"0","_links":{"self":[{"href":"https:\/\/noticiasbahia360.com.br\/index.php?rest_route=\/wp\/v2\/posts\/128787","targetHints":{"allow":["GET"]}}],"collection":[{"href":"https:\/\/noticiasbahia360.com.br\/index.php?rest_route=\/wp\/v2\/posts"}],"about":[{"href":"https:\/\/noticiasbahia360.com.br\/index.php?rest_route=\/wp\/v2\/types\/post"}],"author":[{"embeddable":true,"href":"https:\/\/noticiasbahia360.com.br\/index.php?rest_route=\/wp\/v2\/users\/1"}],"replies":[{"embeddable":true,"href":"https:\/\/noticiasbahia360.com.br\/index.php?rest_route=%2Fwp%2Fv2%2Fcomments&post=128787"}],"version-history":[{"count":0,"href":"https:\/\/noticiasbahia360.com.br\/index.php?rest_route=\/wp\/v2\/posts\/128787\/revisions"}],"wp:featuredmedia":[{"embeddable":true,"href":"https:\/\/noticiasbahia360.com.br\/index.php?rest_route=\/wp\/v2\/media\/128788"}],"wp:attachment":[{"href":"https:\/\/noticiasbahia360.com.br\/index.php?rest_route=%2Fwp%2Fv2%2Fmedia&parent=128787"}],"wp:term":[{"taxonomy":"category","embeddable":true,"href":"https:\/\/noticiasbahia360.com.br\/index.php?rest_route=%2Fwp%2Fv2%2Fcategories&post=128787"},{"taxonomy":"post_tag","embeddable":true,"href":"https:\/\/noticiasbahia360.com.br\/index.php?rest_route=%2Fwp%2Fv2%2Ftags&post=128787"}],"curies":[{"name":"wp","href":"https:\/\/api.w.org\/{rel}","templated":true}]}}