{"id":128790,"date":"2026-04-28T20:36:23","date_gmt":"2026-04-28T23:36:23","guid":{"rendered":"https:\/\/noticiasbahia360.com.br\/?p=128790"},"modified":"2026-04-28T20:36:23","modified_gmt":"2026-04-28T23:36:23","slug":"moradores-relatam-madrugada-de-arrombamentos-e-assaltos-no-distrito-de-ipuacu","status":"publish","type":"post","link":"https:\/\/noticiasbahia360.com.br\/?p=128790","title":{"rendered":"Moradores relatam madrugada de arrombamentos e assaltos no distrito de Ipua\u00e7u"},"content":{"rendered":"<div>\n<div>\n<figure><img decoding=\"async\" src=\"http:\/\/noticiasbahia360.com.br\/wp-content\/uploads\/2026\/04\/Motos-roubadas-em-Ipuacu-Foto-Reproducao-.jpg\" alt=\"Motos roubadas em Ipua\u00e7u\"><figcaption>Foto: Reprodu\u00e7\u00e3o<\/figcaption><\/figure>\n<\/div>\n<p>V\u00e1rios moradores do distrito de Ipua\u00e7u, em Feira de Santana, relataram que na madrugada desta ter\u00e7a-feira (28), muitas casas na regi\u00e3o do Km 07 foram arrombadas e assaltadas, incluindo motocicletas. <\/p>\n<p>Diante dos relatos, o Col\u00e9gio Estadual do Campo Edivaldo Machado Boaventura anunciou que as aulas do turno noturno desta ter\u00e7a-feira est\u00e3o suspensas, informando que o motivo se d\u00e1 pela \u201cgrande sensa\u00e7\u00e3o de inseguran\u00e7a que tem assolado o distrito\u201d. <\/p>\n<figure class=\"wp-block-image size-full\"><img fetchpriority=\"high\" fetchpriority=\"high\" decoding=\"async\" width=\"1200\" height=\"2133\" src=\"http:\/\/noticiasbahia360.com.br\/wp-content\/uploads\/2026\/04\/Comunicado-do-Colegio-Estadual-do-Campo-Edivaldo-Machado-Boaventura-sobre-assaltos-em-Ipuacu-Foto-Reproducao-.jpg\" alt=\"Comunicado do Col\u00e9gio Estadual do Campo Edivaldo Machado Boaventura sobre assaltos em Ipua\u00e7u\" class=\"wp-image-650881\" srcset=\"http:\/\/noticiasbahia360.com.br\/wp-content\/uploads\/2026\/04\/Comunicado-do-Colegio-Estadual-do-Campo-Edivaldo-Machado-Boaventura-sobre-assaltos-em-Ipuacu-Foto-Reproducao-.jpg 1200w, https:\/\/uploads.acordacidade.com.br\/2026\/04\/Comunicado-do-Colegio-Estadual-do-Campo-Edivaldo-Machado-Boaventura-sobre-assaltos-em-Ipuacu-Foto-Reproducao--750x1333.jpg 750w, https:\/\/uploads.acordacidade.com.br\/2026\/04\/Comunicado-do-Colegio-Estadual-do-Campo-Edivaldo-Machado-Boaventura-sobre-assaltos-em-Ipuacu-Foto-Reproducao--1000x1778.jpg 1000w, https:\/\/uploads.acordacidade.com.br\/2026\/04\/Comunicado-do-Colegio-Estadual-do-Campo-Edivaldo-Machado-Boaventura-sobre-assaltos-em-Ipuacu-Foto-Reproducao--864x1536.jpg 864w, https:\/\/uploads.acordacidade.com.br\/2026\/04\/Comunicado-do-Colegio-Estadual-do-Campo-Edivaldo-Machado-Boaventura-sobre-assaltos-em-Ipuacu-Foto-Reproducao--1152x2048.jpg 1152w, https:\/\/uploads.acordacidade.com.br\/2026\/04\/Comunicado-do-Colegio-Estadual-do-Campo-Edivaldo-Machado-Boaventura-sobre-assaltos-em-Ipuacu-Foto-Reproducao--450x800.jpg 450w, https:\/\/uploads.acordacidade.com.br\/2026\/04\/Comunicado-do-Colegio-Estadual-do-Campo-Edivaldo-Machado-Boaventura-sobre-assaltos-em-Ipuacu-Foto-Reproducao--150x267.jpg 150w\" sizes=\"(max-width: 1200px) 100vw, 1200px\"><figcaption class=\"wp-element-caption\">Foto: Reprodu\u00e7\u00e3o<\/figcaption><\/figure>\n<p>Muitos moradores afirmaram que a situa\u00e7\u00e3o aconteceu ap\u00f3s mudan\u00e7as nas diretrizes de policiamento no distrito. Ao Acorda Cidade, o major Erick Fernando, comandante da 67\u00aa Companhia Independente de Pol\u00edcia Militar (CIPM), disse que a companhia tomou conhecimento da ocorr\u00eancia e imediatamente realizaram o levantamento das informa\u00e7\u00f5es, juntamente com o setor de intelig\u00eancia da  67\u00aa CIPM.<\/p>\n<p>Al\u00e9m disso, o comandante falou que a equipe iniciou a\u00e7\u00f5es para intensificar o policiamento em Ipua\u00e7u, bem como planejaram opera\u00e7\u00f5es para impedir as a\u00e7\u00f5es dos criminosos no distrito. <\/p>\n<p>\u201cAssim n\u00f3s viemos tranquilizar a popula\u00e7\u00e3o para afirmar que o policiamento est\u00e1 presente no distrito todos os dias para que a popula\u00e7\u00e3o tenha a sua vida normalizada, que sua vida permane\u00e7a numa rotina normal porque a Pol\u00edcia Militar est\u00e1 presente no distrito todos os dias, todas as horas para que a popula\u00e7\u00e3o se sinta segura e tenha essa percep\u00e7\u00e3o de seguran\u00e7a\u201d. <\/p>\n<p>Confira a nota da Pol\u00edcia Militar na \u00edntegra:<\/p>\n<figure class=\"wp-block-image size-full\"><img decoding=\"async\" width=\"1200\" height=\"1500\" src=\"http:\/\/noticiasbahia360.com.br\/wp-content\/uploads\/2026\/04\/Nota-da-PM-sobre-assaltos-em-Ipuacu.jpg\" alt=\"Nota da PM sobre assaltos em Ipua\u00e7u\" class=\"wp-image-650879\" srcset=\"http:\/\/noticiasbahia360.com.br\/wp-content\/uploads\/2026\/04\/Nota-da-PM-sobre-assaltos-em-Ipuacu.jpg 1200w, https:\/\/uploads.acordacidade.com.br\/2026\/04\/Nota-da-PM-sobre-assaltos-em-Ipuacu-750x938.jpg 750w, https:\/\/uploads.acordacidade.com.br\/2026\/04\/Nota-da-PM-sobre-assaltos-em-Ipuacu-1000x1250.jpg 1000w, https:\/\/uploads.acordacidade.com.br\/2026\/04\/Nota-da-PM-sobre-assaltos-em-Ipuacu-450x563.jpg 450w, https:\/\/uploads.acordacidade.com.br\/2026\/04\/Nota-da-PM-sobre-assaltos-em-Ipuacu-150x188.jpg 150w\" sizes=\"(max-width: 1200px) 100vw, 1200px\"><figcaption class=\"wp-element-caption\">Foto: Reprodu\u00e7\u00e3o\/ PM<\/figcaption><\/figure>\n<p><em>Com informa\u00e7\u00f5es do rep\u00f3rter Ed Santos, do Acorda Cidade<\/em><\/p>\n<p><em>Siga o Acorda Cidade no\u00a0<\/em><a href=\"https:\/\/news.google.com\/search?q=acorda%20cidade&amp;hl=pt-BR&amp;gl=BR&amp;ceid=BR%3Apt-419\"><strong><em>Google Not\u00edcias<\/em><\/strong><\/a><em>\u00a0e receba os principais destaques do dia. Participe tamb\u00e9m dos nossos canais no\u00a0<\/em><a href=\"https:\/\/www.whatsapp.com\/channel\/0029Va6Rb4v3WHTNnsh8WI3N\"><strong><em>WhatsApp<\/em><\/strong><\/a><em>\u00a0e\u00a0<\/em><a href=\"https:\/\/www.youtube.com\/@acordacidadenoticias\/videos\"><strong>YouTube<\/strong><\/a><em>\u00a0e grupo de\u00a0<\/em><a href=\"https:\/\/t.me\/+sSz0khrgARA0ZmRh\"><strong><em>Telegram<\/em><\/strong><\/a><em>.<\/em><\/p>\n<\/div>\n","protected":false},"excerpt":{"rendered":"<div>\n<div>\n<figure><img decoding=\"async\" src=\"https:\/\/uploads.acordacidade.com.br\/2026\/04\/Motos-roubadas-em-Ipuacu-Foto-Reproducao-.jpg\" alt=\"Motos roubadas em Ipua\u00e7u\"><figcaption>Foto: Reprodu\u00e7\u00e3o<\/figcaption><\/figure>\n<\/div>\n<p>Com isso, o Col\u00e9gio Estadual do Campo Edivaldo Machado Boaventura anunciou que as aulas do turno noturno desta ter\u00e7a-feira est\u00e3o suspensas.<\/p><\/div>\n","protected":false},"author":1,"featured_media":128791,"comment_status":"closed","ping_status":"closed","sticky":false,"template":"","format":"gallery","meta":{"footnotes":""},"categories":[8,9,6,57,56,10],"tags":[],"class_list":["post-128790","post","type-post","status-publish","format-gallery","has-post-thumbnail","hentry","category-bahia","category-brasil","category-feira-de-santana","category-mundo","category-policia","category-politica","post_format-post-format-gallery"],"featured_image_urls":{"full":["https:\/\/noticiasbahia360.com.br\/wp-content\/uploads\/2026\/04\/Motos-roubadas-em-Ipuacu-Foto-Reproducao-.jpg",1200,630,false],"thumbnail":["https:\/\/noticiasbahia360.com.br\/wp-content\/uploads\/2026\/04\/Motos-roubadas-em-Ipuacu-Foto-Reproducao--150x150.jpg",150,150,true],"medium":["https:\/\/noticiasbahia360.com.br\/wp-content\/uploads\/2026\/04\/Motos-roubadas-em-Ipuacu-Foto-Reproducao--300x158.jpg",300,158,true],"medium_large":["https:\/\/noticiasbahia360.com.br\/wp-content\/uploads\/2026\/04\/Motos-roubadas-em-Ipuacu-Foto-Reproducao--768x403.jpg",640,336,true],"large":["https:\/\/noticiasbahia360.com.br\/wp-content\/uploads\/2026\/04\/Motos-roubadas-em-Ipuacu-Foto-Reproducao--1024x538.jpg",640,336,true],"1536x1536":["https:\/\/noticiasbahia360.com.br\/wp-content\/uploads\/2026\/04\/Motos-roubadas-em-Ipuacu-Foto-Reproducao-.jpg",1200,630,false],"2048x2048":["https:\/\/noticiasbahia360.com.br\/wp-content\/uploads\/2026\/04\/Motos-roubadas-em-Ipuacu-Foto-Reproducao-.jpg",1200,630,false],"chromenews-featured":["https:\/\/noticiasbahia360.com.br\/wp-content\/uploads\/2026\/04\/Motos-roubadas-em-Ipuacu-Foto-Reproducao--1024x538.jpg",1024,538,true],"chromenews-large":["https:\/\/noticiasbahia360.com.br\/wp-content\/uploads\/2026\/04\/Motos-roubadas-em-Ipuacu-Foto-Reproducao--825x575.jpg",825,575,true],"chromenews-medium":["https:\/\/noticiasbahia360.com.br\/wp-content\/uploads\/2026\/04\/Motos-roubadas-em-Ipuacu-Foto-Reproducao--590x410.jpg",590,410,true]},"author_info":{"display_name":"noticiasbahia360.com.br","author_link":"https:\/\/noticiasbahia360.com.br\/?author=1"},"category_info":"<a href=\"https:\/\/noticiasbahia360.com.br\/?cat=8\" rel=\"category\">Bahia<\/a> <a href=\"https:\/\/noticiasbahia360.com.br\/?cat=9\" rel=\"category\">Brasil<\/a> <a href=\"https:\/\/noticiasbahia360.com.br\/?cat=6\" rel=\"category\">Feira de Santana<\/a> <a href=\"https:\/\/noticiasbahia360.com.br\/?cat=57\" rel=\"category\">Mundo<\/a> <a href=\"https:\/\/noticiasbahia360.com.br\/?cat=56\" rel=\"category\">Pol\u00edcia<\/a> <a href=\"https:\/\/noticiasbahia360.com.br\/?cat=10\" rel=\"category\">Pol\u00edtica<\/a>","tag_info":"Pol\u00edtica","comment_count":"0","_links":{"self":[{"href":"https:\/\/noticiasbahia360.com.br\/index.php?rest_route=\/wp\/v2\/posts\/128790","targetHints":{"allow":["GET"]}}],"collection":[{"href":"https:\/\/noticiasbahia360.com.br\/index.php?rest_route=\/wp\/v2\/posts"}],"about":[{"href":"https:\/\/noticiasbahia360.com.br\/index.php?rest_route=\/wp\/v2\/types\/post"}],"author":[{"embeddable":true,"href":"https:\/\/noticiasbahia360.com.br\/index.php?rest_route=\/wp\/v2\/users\/1"}],"replies":[{"embeddable":true,"href":"https:\/\/noticiasbahia360.com.br\/index.php?rest_route=%2Fwp%2Fv2%2Fcomments&post=128790"}],"version-history":[{"count":0,"href":"https:\/\/noticiasbahia360.com.br\/index.php?rest_route=\/wp\/v2\/posts\/128790\/revisions"}],"wp:featuredmedia":[{"embeddable":true,"href":"https:\/\/noticiasbahia360.com.br\/index.php?rest_route=\/wp\/v2\/media\/128791"}],"wp:attachment":[{"href":"https:\/\/noticiasbahia360.com.br\/index.php?rest_route=%2Fwp%2Fv2%2Fmedia&parent=128790"}],"wp:term":[{"taxonomy":"category","embeddable":true,"href":"https:\/\/noticiasbahia360.com.br\/index.php?rest_route=%2Fwp%2Fv2%2Fcategories&post=128790"},{"taxonomy":"post_tag","embeddable":true,"href":"https:\/\/noticiasbahia360.com.br\/index.php?rest_route=%2Fwp%2Fv2%2Ftags&post=128790"}],"curies":[{"name":"wp","href":"https:\/\/api.w.org\/{rel}","templated":true}]}} 