{"id":128794,"date":"2026-04-28T21:06:43","date_gmt":"2026-04-29T00:06:43","guid":{"rendered":"https:\/\/noticiasbahia360.com.br\/?p=128794"},"modified":"2026-04-28T21:06:43","modified_gmt":"2026-04-29T00:06:43","slug":"caminhao-pega-fogo-na-br-324-em-conceicao-do-jacuipe-pista-foi-interditada","status":"publish","type":"post","link":"https:\/\/noticiasbahia360.com.br\/?p=128794","title":{"rendered":"Caminh\u00e3o pega fogo na BR-324 em Concei\u00e7\u00e3o do Jacu\u00edpe; pista foi interditada"},"content":{"rendered":"<div>\n<div>\n<figure><img decoding=\"async\" src=\"http:\/\/noticiasbahia360.com.br\/wp-content\/uploads\/2026\/04\/Caminhao-pega-fogo-na-BR-324-em-Conceicao-do-Jacuipe-pista-foi-interditada-Foto-Reproducao-.jpg\" alt=\"Caminh\u00e3o pega fogo na BR-324 em Concei\u00e7\u00e3o do Jacu\u00edpe; pista foi interditada\"><figcaption>Foto: Reprodu\u00e7\u00e3o <\/figcaption><\/figure>\n<\/div>\n<p>Na tarde desta ter\u00e7a-feira (28), um caminh\u00e3o que transportava farelo de soja pegou fogo na BR-324, em Concei\u00e7\u00e3o do Jacu\u00edpe, no sentido Salvador. O caso aconteceu por volta das 15h50, logo depois do viaduto da BR-101. N\u00e3o houve registro de v\u00edtimas. <\/p>\n<p>Segundo informa\u00e7\u00f5es apuradas pelo <a href=\"https:\/\/www.acordacidade.com.br\/\">Acorda Cidade<\/a>, a rodovia ficou interditada, e o engarrafamento chegou a 12 km. O caminh\u00e3o teria sa\u00eddo do oeste da Bahia e seguia para o Porto de Aratu, em Candeias. <\/p>\n<p>Ainda de acordo com relatos, uma retroescavadeira foi utilizada para retirar a carga da pista. A Pol\u00edcia Rodovi\u00e1ria Federal (PRF) esteve no local para remover o ve\u00edculo, com o apoio de um guincho pesado. Com isso, a pista foi totalmente fechada para a retirada do caminh\u00e3o. <\/p>\n<div id=\"gallery_69f14b4f5b230\" class=\"seox-gallery-block template-gallery-slide my-5\" data-aspect-ratio=\"16\/9\" data-fit=\"cover\" style=\"--custom-aspect-height: auto;\">\n<div class=\"grid seox-gallery-swiper user-select-none overflow-hidden position-relative\" style=\"background: #F5F5F5\" data-swiper='{\n\t\"slidesPerView\": 1,\n\t\"spaceBetween\": 4,\n\t\"navigation\": { \"nextEl\": \"#gallery_69f14b4f5b230 .section-control-right\", \"prevEl\": \"#gallery_69f14b4f5b230 .section-control-left\" },\n\t\"pagination\": { \"el\": \"#gallery_69f14b4f5b230 .swiper-pagination\", \"type\": \"fraction\" }\n\t}'><\/p>\n<div class=\"g-col-12 d-flex swiper-wrapper\">\n<div class=\"swiper-slide\">\n\t\t\t\t\t<a data-fancybox=\"gallery_69f14b4f5b230\" data-caption=\"Foto: Reprodu\u00e7\u00e3o \" class=\"d-flex w-100 h-auto no-styled position-relative seox-gallery-item gallery-image-650890\" href=\"https:\/\/uploads.acordacidade.com.br\/2026\/04\/Caminhao-pega-fogo-na-BR-324-em-Conceicao-do-Jacuipe-pista-foi-interditada-Foto-Reproducao-2.jpg\"><\/p>\n<figure class=\"wp-caption alignnone img-fluid\"><img fetchpriority=\"high\" fetchpriority=\"high\" decoding=\"async\" width=\"1200\" height=\"675\" src=\"http:\/\/noticiasbahia360.com.br\/wp-content\/uploads\/2026\/04\/Caminhao-pega-fogo-na-BR-324-em-Conceicao-do-Jacuipe-pista-foi-interditada-Foto-Reproducao-2-1000x563-1.jpg\" class=\"w-100 h-auto fit-cover\" alt=\"Caminh\u00e3o pega fogo na BR-324 em Concei\u00e7\u00e3o do Jacu\u00edpe; pista foi interditada\" title=\"Caminh\u00e3o pega fogo na BR-324 em Concei\u00e7\u00e3o do Jacu\u00edpe; pista foi interditada\" srcset=\"http:\/\/noticiasbahia360.com.br\/wp-content\/uploads\/2026\/04\/Caminhao-pega-fogo-na-BR-324-em-Conceicao-do-Jacuipe-pista-foi-interditada-Foto-Reproducao-2-1000x563-1.jpg 1200w\" sizes=\"100vw\"><figcaption class=\"wp-caption-text\">Foto: Reprodu\u00e7\u00e3o <\/figcaption><\/figure>\n<p>\t\t\t\t\t<\/a>\n\t\t\t\t<\/div>\n<div class=\"swiper-slide\">\n\t\t\t\t\t<a data-fancybox=\"gallery_69f14b4f5b230\" data-caption=\"Foto: Reprodu\u00e7\u00e3o \" class=\"d-flex w-100 h-auto no-styled position-relative seox-gallery-item gallery-image-650888\" href=\"https:\/\/uploads.acordacidade.com.br\/2026\/04\/Caminhao-pega-fogo-na-BR-324-em-Conceicao-do-Jacuipe-pista-foi-interditada-Foto-Reproducao-4.jpg\"><\/p>\n<figure class=\"wp-caption alignnone img-fluid\"><img decoding=\"async\" width=\"1200\" height=\"675\" src=\"http:\/\/noticiasbahia360.com.br\/wp-content\/uploads\/2026\/04\/Caminhao-pega-fogo-na-BR-324-em-Conceicao-do-Jacuipe-pista-foi-interditada-Foto-Reproducao-4-1000x563-1.jpg\" class=\"w-100 h-auto fit-cover\" alt=\"Caminh\u00e3o pega fogo na BR-324 em Concei\u00e7\u00e3o do Jacu\u00edpe; pista foi interditada\" title=\"Caminh\u00e3o pega fogo na BR-324 em Concei\u00e7\u00e3o do Jacu\u00edpe; pista foi interditada\" srcset=\"http:\/\/noticiasbahia360.com.br\/wp-content\/uploads\/2026\/04\/Caminhao-pega-fogo-na-BR-324-em-Conceicao-do-Jacuipe-pista-foi-interditada-Foto-Reproducao-4-1000x563-1.jpg 1200w\" sizes=\"100vw\"><figcaption class=\"wp-caption-text\">Foto: Reprodu\u00e7\u00e3o <\/figcaption><\/figure>\n<p>\t\t\t\t\t<\/a>\n\t\t\t\t<\/div>\n<div class=\"swiper-slide\">\n\t\t\t\t\t<a data-fancybox=\"gallery_69f14b4f5b230\" data-caption=\"Foto: Reprodu\u00e7\u00e3o \" class=\"d-flex w-100 h-auto no-styled position-relative seox-gallery-item gallery-image-650889\" href=\"https:\/\/uploads.acordacidade.com.br\/2026\/04\/Caminhao-pega-fogo-na-BR-324-em-Conceicao-do-Jacuipe-pista-foi-interditada-Foto-Reproducao-3.jpg\"><\/p>\n<figure class=\"wp-caption alignnone img-fluid\"><img decoding=\"async\" width=\"1200\" height=\"675\" src=\"http:\/\/noticiasbahia360.com.br\/wp-content\/uploads\/2026\/04\/Caminhao-pega-fogo-na-BR-324-em-Conceicao-do-Jacuipe-pista-foi-interditada-Foto-Reproducao-3-1000x563-1.jpg\" class=\"w-100 h-auto fit-cover\" alt=\"Caminh\u00e3o pega fogo na BR-324 em Concei\u00e7\u00e3o do Jacu\u00edpe; pista foi interditada\" title=\"Caminh\u00e3o pega fogo na BR-324 em Concei\u00e7\u00e3o do Jacu\u00edpe; pista foi interditada\" srcset=\"http:\/\/noticiasbahia360.com.br\/wp-content\/uploads\/2026\/04\/Caminhao-pega-fogo-na-BR-324-em-Conceicao-do-Jacuipe-pista-foi-interditada-Foto-Reproducao-3-1000x563-1.jpg 1200w\" sizes=\"100vw\"><figcaption class=\"wp-caption-text\">Foto: Reprodu\u00e7\u00e3o <\/figcaption><\/figure>\n<p>\t\t\t\t\t<\/a>\n\t\t\t\t<\/div>\n<div class=\"swiper-slide\">\n\t\t\t\t\t<a data-fancybox=\"gallery_69f14b4f5b230\" data-caption=\"Foto: Reprodu\u00e7\u00e3o \" class=\"d-flex w-100 h-auto no-styled position-relative seox-gallery-item gallery-image-650887\" href=\"https:\/\/uploads.acordacidade.com.br\/2026\/04\/Caminhao-pega-fogo-na-BR-324-em-Conceicao-do-Jacuipe-pista-foi-interditada-Foto-Reproducao-5.jpg\"><\/p>\n<figure class=\"wp-caption alignnone img-fluid\"><img decoding=\"async\" width=\"939\" height=\"720\" src=\"http:\/\/noticiasbahia360.com.br\/wp-content\/uploads\/2026\/04\/Caminhao-pega-fogo-na-BR-324-em-Conceicao-do-Jacuipe-pista-foi-interditada-Foto-Reproducao-5-1000x767-1.jpg\" class=\"w-100 h-auto fit-cover\" alt=\"Caminh\u00e3o pega fogo na BR-324 em Concei\u00e7\u00e3o do Jacu\u00edpe; pista foi interditada\" title=\"Caminh\u00e3o pega fogo na BR-324 em Concei\u00e7\u00e3o do Jacu\u00edpe; pista foi interditada\" srcset=\"http:\/\/noticiasbahia360.com.br\/wp-content\/uploads\/2026\/04\/Caminhao-pega-fogo-na-BR-324-em-Conceicao-do-Jacuipe-pista-foi-interditada-Foto-Reproducao-5-1000x767-1.jpg 1200w\" sizes=\"100vw\"><figcaption class=\"wp-caption-text\">Foto: Reprodu\u00e7\u00e3o <\/figcaption><\/figure>\n<p>\t\t\t\t\t<\/a>\n\t\t\t\t<\/div>\n<\/p><\/div>\n<div class=\"swiper-controls position-absolute inset d-flex justify-content-between align-items-center \">\n\t\t\t<button class=\"section-control-left z-index-1 d-flex justify-content-center align-items-center text-white shadow-2 w-24 h-24 rounded-circle m-2\" title=\"Voltar\"><br \/>\n\t\t\t\t<svg width=\"8\" height=\"14\" viewbox=\"0 0 8 14\" fill=\"none\" xmlns=\"http:\/\/www.w3.org\/2000\/svg\">\n\t\t\t\t\t<path fill-rule=\"evenodd\" clip-rule=\"evenodd\" d=\"M5.94597 1.06939C6.32185 0.693506 6.93127 0.693506 7.30715 1.06939C7.68303 1.44526 7.68303 2.05469 7.30715 2.43057L2.73774 6.99997L7.30715 11.5694C7.68303 11.9453 7.68303 12.5547 7.30715 12.9306C6.93127 13.3064 6.32185 13.3064 5.94597 12.9306L0.695972 7.68057C0.320093 7.30469 0.320093 6.69526 0.695972 6.31938L5.94597 1.06939Z\" fill=\"currentColor\"><\/path>\n\t\t\t\t<\/svg><br \/>\n\t\t\t<\/button><br \/>\n\t\t\t<button class=\"section-control-right z-index-1 d-flex justify-content-center align-items-center text-white shadow-2 w-24 h-24 rounded-circle m-2\" title=\"Avan\u00e7ar\"><br \/>\n\t\t\t\t<svg width=\"8\" height=\"14\" viewbox=\"0 0 8 14\" fill=\"none\" xmlns=\"http:\/\/www.w3.org\/2000\/svg\">\n\t\t\t\t\t<path fill-rule=\"evenodd\" clip-rule=\"evenodd\" d=\"M0.695972 1.06939C1.07185 0.693506 1.68127 0.693506 2.05715 1.06939L7.30715 6.31938C7.68303 6.69526 7.68303 7.30469 7.30715 7.68057L2.05715 12.9306C1.68127 13.3064 1.07185 13.3064 0.695972 12.9306C0.320094 12.5547 0.320093 11.9453 0.695972 11.5694L5.26538 6.99997L0.695972 2.43057C0.320093 2.05469 0.320093 1.44526 0.695972 1.06939Z\" fill=\"currentColor\"><\/path>\n\t\t\t\t<\/svg><br \/>\n\t\t\t<\/button>\n\t\t<\/div>\n<div class=\"swiper-pagination empty:d-none\"><\/div>\n<div class=\"swiper-skeleton g-col-12 grid lg:d-flex gap-3 justify-content-between\">\n<div class=\"d-flex flex-column gap-2 g-col-12 lg:w-100\">\n<div class=\"skeleton-element lg:w-100 h-auto\" style=\"aspect-ratio: 16\/9\"><\/div>\n<\/p><\/div>\n<\/p><\/div>\n<\/p><\/div>\n<\/div>\n<p>A faixa da esquerda da rodovia foi liberada por volta das 17h13. O trecho da BR-324 foi totalmente liberada \u00e0s 20h30.<\/p>\n<p>O motivo do inc\u00eandio ainda ser\u00e1 apurado pela PRF.<\/p>\n<p><em>Siga o Acorda Cidade no\u00a0<\/em><a href=\"https:\/\/news.google.com\/search?q=acorda%20cidade&amp;hl=pt-BR&amp;gl=BR&amp;ceid=BR%3Apt-419\"><strong><em>Google Not\u00edcias<\/em><\/strong><\/a><em>\u00a0e receba os principais destaques do dia. Participe tamb\u00e9m dos nossos canais no\u00a0<\/em><a href=\"https:\/\/www.whatsapp.com\/channel\/0029Va6Rb4v3WHTNnsh8WI3N\"><strong><em>WhatsApp<\/em><\/strong><\/a><em>\u00a0e\u00a0<\/em><a href=\"https:\/\/www.youtube.com\/@acordacidadenoticias\/videos\"><strong>YouTube<\/strong><\/a><em>\u00a0e grupo de\u00a0<\/em><a href=\"https:\/\/t.me\/+sSz0khrgARA0ZmRh\"><strong><em>Telegram<\/em><\/strong><\/a><em>.<\/em><\/p>\n<\/div>\n","protected":false},"excerpt":{"rendered":"<div>\n<div>\n<figure><img decoding=\"async\" src=\"https:\/\/uploads.acordacidade.com.br\/2026\/04\/Caminhao-pega-fogo-na-BR-324-em-Conceicao-do-Jacuipe-pista-foi-interditada-Foto-Reproducao-.jpg\" alt=\"Caminh\u00e3o pega fogo na BR-324 em Concei\u00e7\u00e3o do Jacu\u00edpe; pista foi interditada\"><figcaption>Foto: Reprodu\u00e7\u00e3o <\/figcaption><\/figure>\n<\/div>\n<p>A faixa da esquerda da rodovia foi liberada por volta das 17h13. O trecho da BR-324 foi totalmente liberada \u00e0s 20h30.<\/p><\/div>\n","protected":false},"author":1,"featured_media":128795,"comment_status":"closed","ping_status":"closed","sticky":false,"template":"","format":"gallery","meta":{"footnotes":""},"categories":[8,9,6,57,56,10],"tags":[],"class_list":["post-128794","post","type-post","status-publish","format-gallery","has-post-thumbnail","hentry","category-bahia","category-brasil","category-feira-de-santana","category-mundo","category-policia","category-politica","post_format-post-format-gallery"],"featured_image_urls":{"full":["https:\/\/noticiasbahia360.com.br\/wp-content\/uploads\/2026\/04\/Caminhao-pega-fogo-na-BR-324-em-Conceicao-do-Jacuipe-pista-foi-interditada-Foto-Reproducao-.jpg",1200,675,false],"thumbnail":["https:\/\/noticiasbahia360.com.br\/wp-content\/uploads\/2026\/04\/Caminhao-pega-fogo-na-BR-324-em-Conceicao-do-Jacuipe-pista-foi-interditada-Foto-Reproducao--150x150.jpg",150,150,true],"medium":["https:\/\/noticiasbahia360.com.br\/wp-content\/uploads\/2026\/04\/Caminhao-pega-fogo-na-BR-324-em-Conceicao-do-Jacuipe-pista-foi-interditada-Foto-Reproducao--300x169.jpg",300,169,true],"medium_large":["https:\/\/noticiasbahia360.com.br\/wp-content\/uploads\/2026\/04\/Caminhao-pega-fogo-na-BR-324-em-Conceicao-do-Jacuipe-pista-foi-interditada-Foto-Reproducao--768x432.jpg",640,360,true],"large":["https:\/\/noticiasbahia360.com.br\/wp-content\/uploads\/2026\/04\/Caminhao-pega-fogo-na-BR-324-em-Conceicao-do-Jacuipe-pista-foi-interditada-Foto-Reproducao--1024x576.jpg",640,360,true],"1536x1536":["https:\/\/noticiasbahia360.com.br\/wp-content\/uploads\/2026\/04\/Caminhao-pega-fogo-na-BR-324-em-Conceicao-do-Jacuipe-pista-foi-interditada-Foto-Reproducao-.jpg",1200,675,false],"2048x2048":["https:\/\/noticiasbahia360.com.br\/wp-content\/uploads\/2026\/04\/Caminhao-pega-fogo-na-BR-324-em-Conceicao-do-Jacuipe-pista-foi-interditada-Foto-Reproducao-.jpg",1200,675,false],"chromenews-featured":["https:\/\/noticiasbahia360.com.br\/wp-content\/uploads\/2026\/04\/Caminhao-pega-fogo-na-BR-324-em-Conceicao-do-Jacuipe-pista-foi-interditada-Foto-Reproducao--1024x576.jpg",1024,576,true],"chromenews-large":["https:\/\/noticiasbahia360.com.br\/wp-content\/uploads\/2026\/04\/Caminhao-pega-fogo-na-BR-324-em-Conceicao-do-Jacuipe-pista-foi-interditada-Foto-Reproducao--825x575.jpg",825,575,true],"chromenews-medium":["https:\/\/noticiasbahia360.com.br\/wp-content\/uploads\/2026\/04\/Caminhao-pega-fogo-na-BR-324-em-Conceicao-do-Jacuipe-pista-foi-interditada-Foto-Reproducao--590x410.jpg",590,410,true]},"author_info":{"display_name":"noticiasbahia360.com.br","author_link":"https:\/\/noticiasbahia360.com.br\/?author=1"},"category_info":"<a href=\"https:\/\/noticiasbahia360.com.br\/?cat=8\" rel=\"category\">Bahia<\/a> <a href=\"https:\/\/noticiasbahia360.com.br\/?cat=9\" rel=\"category\">Brasil<\/a> <a href=\"https:\/\/noticiasbahia360.com.br\/?cat=6\" rel=\"category\">Feira de Santana<\/a> <a href=\"https:\/\/noticiasbahia360.com.br\/?cat=57\" rel=\"category\">Mundo<\/a> <a href=\"https:\/\/noticiasbahia360.com.br\/?cat=56\" rel=\"category\">Pol\u00edcia<\/a> <a href=\"https:\/\/noticiasbahia360.com.br\/?cat=10\" rel=\"category\">Pol\u00edtica<\/a>","tag_info":"Pol\u00edtica","comment_count":"0","_links":{"self":[{"href":"https:\/\/noticiasbahia360.com.br\/index.php?rest_route=\/wp\/v2\/posts\/128794","targetHints":{"allow":["GET"]}}],"collection":[{"href":"https:\/\/noticiasbahia360.com.br\/index.php?rest_route=\/wp\/v2\/posts"}],"about":[{"href":"https:\/\/noticiasbahia360.com.br\/index.php?rest_route=\/wp\/v2\/types\/post"}],"author":[{"embeddable":true,"href":"https:\/\/noticiasbahia360.com.br\/index.php?rest_route=\/wp\/v2\/users\/1"}],"replies":[{"embeddable":true,"href":"https:\/\/noticiasbahia360.com.br\/index.php?rest_route=%2Fwp%2Fv2%2Fcomments&post=128794"}],"version-history":[{"count":0,"href":"https:\/\/noticiasbahia360.com.br\/index.php?rest_route=\/wp\/v2\/posts\/128794\/revisions"}],"wp:featuredmedia":[{"embeddable":true,"href":"https:\/\/noticiasbahia360.com.br\/index.php?rest_route=\/wp\/v2\/media\/128795"}],"wp:attachment":[{"href":"https:\/\/noticiasbahia360.com.br\/index.php?rest_route=%2Fwp%2Fv2%2Fmedia&parent=128794"}],"wp:term":[{"taxonomy":"category","embeddable":true,"href":"https:\/\/noticiasbahia360.com.br\/index.php?rest_route=%2Fwp%2Fv2%2Fcategories&post=128794"},{"taxonomy":"post_tag","embeddable":true,"href":"https:\/\/noticiasbahia360.com.br\/index.php?rest_route=%2Fwp%2Fv2%2Ftags&post=128794"}],"curies":[{"name":"wp","href":"https:\/\/api.w.org\/{rel}","templated":true}]}}