{"id":128800,"date":"2026-04-28T21:16:22","date_gmt":"2026-04-29T00:16:22","guid":{"rendered":"https:\/\/noticiasbahia360.com.br\/?p=128800"},"modified":"2026-04-28T21:16:22","modified_gmt":"2026-04-29T00:16:22","slug":"prefeitura-de-feira-de-santana-apresenta-projeto-de-ppp-para-hospital-municipal-a-investidores-na-b3","status":"publish","type":"post","link":"https:\/\/noticiasbahia360.com.br\/?p=128800","title":{"rendered":"Prefeitura de Feira de Santana apresenta projeto de PPP para Hospital Municipal a investidores na B3"},"content":{"rendered":"<div>\n<div>\n<figure><img decoding=\"async\" src=\"http:\/\/noticiasbahia360.com.br\/wp-content\/uploads\/2026\/04\/Prefeitura-de-Feira-de-Santana-apresenta-projeto-de-PPP-para-Hospital-Municipal-a-investidores-na-B3-Foto-Dus-Hamanaka.jpg\" alt=\"Prefeitura de Feira de Santana apresenta projeto de PPP para Hospital Municipal a investidores na B3\"><figcaption>Foto: Dus Hamanaka<\/figcaption><\/figure>\n<\/div>\n<p>A Prefeitura de Feira de Santana refor\u00e7ou sua capacidade de atrair investimentos e executar grandes projetos durante road show realizado nesta ter\u00e7a-feira (28), na sede da B3, em S\u00e3o Paulo. No encontro, que reuniu investidores e representantes do mercado, foram detalhados os aspectos t\u00e9cnicos, financeiros e assistenciais da Parceria P\u00fablico-Privada (PPP) que viabilizar\u00e1 o novo Hospital Municipal.<\/p>\n<p>Durante a apresenta\u00e7\u00e3o, o prefeito Jos\u00e9 Ronaldo de Carvalho destacou o car\u00e1ter estrat\u00e9gico do munic\u00edpio e a import\u00e2ncia do projeto para a popula\u00e7\u00e3o. \u201c\u00c9 um sonho da nossa cidade. Feira de Santana \u00e9 um dos principais entroncamentos rodovi\u00e1rios do pa\u00eds, com forte economia, com\u00e9rcio pujante e uma gest\u00e3o que cumpre rigorosamente seus compromissos\u201d, afirmou. O gestor tamb\u00e9m ressaltou a credibilidade da administra\u00e7\u00e3o municipal e a experi\u00eancia em projetos estruturantes, citando o sucesso da PPP da ilumina\u00e7\u00e3o p\u00fablica j\u00e1 em execu\u00e7\u00e3o.<\/p>\n<p>O secret\u00e1rio municipal de Planejamento, Carlos Brito, apresentou indicadores econ\u00f4micos e fiscais que refor\u00e7am a seguran\u00e7a do investimento. Segundo ele, Feira possui um Produto Interno Bruto (PIB) de R$ 21 bilh\u00f5es, com destaque para o com\u00e9rcio, respons\u00e1vel por cerca de 60% da economia local. \u201cSomos o maior com\u00e9rcio do interior do Nordeste e temos uma governan\u00e7a consolidada, com estabilidade administrativa e capacidade de honrar compromissos\u201d, pontuou.<\/p>\n<p>Brito tamb\u00e9m enfatizou a solidez fiscal do munic\u00edpio, com baixo n\u00edvel de endividamento e ampla margem dentro dos limites estabelecidos pelo Tesouro Nacional. De acordo com os dados apresentados, a rela\u00e7\u00e3o entre d\u00edvida e receita est\u00e1 bem abaixo do limite legal, e o comprometimento com o servi\u00e7o da d\u00edvida permanece em patamar considerado seguro. \u201cFeira de Santana apresenta um cen\u00e1rio fiscal equilibrado, com capacidade de investimento e crescimento sustent\u00e1vel no curto e longo prazo\u201d, explicou.<\/p>\n<p>J\u00e1 o secret\u00e1rio municipal de Sa\u00fade, Rodrigo Matos, destacou o impacto social do projeto e o planejamento t\u00e9cnico que embasou a proposta. Segundo ele, o hospital foi concebido a partir de dados epidemiol\u00f3gicos e das reais necessidades da rede p\u00fablica. \u201cN\u00e3o \u00e9 apenas a constru\u00e7\u00e3o de uma unidade, mas a qualifica\u00e7\u00e3o de toda a rede de sa\u00fade. O hospital ser\u00e1 um ponto estrat\u00e9gico dentro de um sistema integrado, atendendo uma macrorregi\u00e3o com mais de 2 milh\u00f5es de habitantes\u201d, afirmou.<\/p>\n<p>Ele tamb\u00e9m ressaltou que o modelo de PPP busca n\u00e3o apenas recursos financeiros, mas tamb\u00e9m a expertise da iniciativa privada. \u201cA proposta \u00e9 unir a capacidade do poder p\u00fablico de formular pol\u00edticas com a efici\u00eancia operacional do setor privado, garantindo melhor entrega de servi\u00e7os \u00e0 popula\u00e7\u00e3o\u201d, disse.<\/p>\n<p>O projeto prev\u00ea a constru\u00e7\u00e3o de uma unidade de alta complexidade, com 110 leitos de interna\u00e7\u00e3o, 10 leitos de UTI, centro cir\u00fargico e estrutura moderna de diagn\u00f3stico por imagem. A iniciativa deve ampliar a oferta de servi\u00e7os, especialmente em \u00e1reas com alta demanda, como cirurgias gerais e ortop\u00e9dicas, al\u00e9m de suprir a necessidade de leitos cl\u00ednicos e de terapia intensiva.<\/p>\n<p>Outro ponto destacado foi o processo de constru\u00e7\u00e3o do projeto, que incluiu etapas de consulta e audi\u00eancia p\u00fablica, garantindo transpar\u00eancia e participa\u00e7\u00e3o social. \u201cTodo o planejamento foi feito com responsabilidade, ouvindo a sociedade e respeitando o uso dos recursos p\u00fablicos\u201d, completou Rodrigo Matos.<\/p>\n<p>Com edital j\u00e1 publicado, o leil\u00e3o da PPP est\u00e1 previsto para ocorrer em maio, tamb\u00e9m na B3. A expectativa \u00e9 atrair grandes grupos nacionais especializados em sa\u00fade e infraestrutura hospitalar.<\/p>\n<p>Al\u00e9m de fortalecer a rede p\u00fablica de sa\u00fade e reduzir a press\u00e3o sobre unidades estaduais, o Hospital Municipal deve gerar impacto positivo na economia local, com cria\u00e7\u00e3o de empregos e fortalecimento de Feira de Santana como polo regional de sa\u00fade no interior da Bahia.<\/p>\n<p><em>As informa\u00e7\u00f5es s\u00e3o da Secretaria Municipal de Comunica\u00e7\u00e3o Social de Feira de Santana<\/em><\/p>\n<p><strong>Leia tamb\u00e9m: <\/strong><\/p>\n<p><a href=\"https:\/\/www.acordacidade.com.br\/feira-de-santana\/projeto-do-hospital-municipal-sera-apresentado-a-investidores-em-sao-paulo\/\">Projeto do Hospital Municipal ser\u00e1 apresentado a investidores em S\u00e3o Paulo<\/a><\/p>\n<p><em>Siga o Acorda Cidade no\u00a0<\/em><a href=\"https:\/\/news.google.com\/search?q=acorda%20cidade&amp;hl=pt-BR&amp;gl=BR&amp;ceid=BR%3Apt-419\"><strong><em>Google Not\u00edcias<\/em><\/strong><\/a><em>\u00a0e receba os principais destaques do dia. Participe tamb\u00e9m dos nossos canais no\u00a0<\/em><a href=\"https:\/\/www.whatsapp.com\/channel\/0029Va6Rb4v3WHTNnsh8WI3N\"><strong><em>WhatsApp<\/em><\/strong><\/a><em>\u00a0e\u00a0<\/em><a href=\"https:\/\/www.youtube.com\/@acordacidadenoticias\/videos\"><strong>YouTube<\/strong><\/a><em>\u00a0e grupo de\u00a0<\/em><a href=\"https:\/\/t.me\/+sSz0khrgARA0ZmRh\"><strong><em>Telegram<\/em><\/strong><\/a><em>.<\/em><\/p>\n<\/div>\n","protected":false},"excerpt":{"rendered":"<div>\n<div>\n<figure><img decoding=\"async\" src=\"https:\/\/uploads.acordacidade.com.br\/2026\/04\/Prefeitura-de-Feira-de-Santana-apresenta-projeto-de-PPP-para-Hospital-Municipal-a-investidores-na-B3-Foto-Dus-Hamanaka.jpg\" alt=\"Prefeitura de Feira de Santana apresenta projeto de PPP para Hospital Municipal a investidores na B3\"><figcaption>Foto: Dus Hamanaka<\/figcaption><\/figure>\n<\/div>\n<p>Durante a apresenta\u00e7\u00e3o, o prefeito Jos\u00e9 Ronaldo destacou o car\u00e1ter estrat\u00e9gico do munic\u00edpio e a import\u00e2ncia do projeto para a popula\u00e7\u00e3o.<\/p><\/div>\n","protected":false},"author":1,"featured_media":128801,"comment_status":"closed","ping_status":"closed","sticky":false,"template":"","format":"gallery","meta":{"footnotes":""},"categories":[8,9,6,57,56,10],"tags":[],"class_list":["post-128800","post","type-post","status-publish","format-gallery","has-post-thumbnail","hentry","category-bahia","category-brasil","category-feira-de-santana","category-mundo","category-policia","category-politica","post_format-post-format-gallery"],"featured_image_urls":{"full":["https:\/\/noticiasbahia360.com.br\/wp-content\/uploads\/2026\/04\/Prefeitura-de-Feira-de-Santana-apresenta-projeto-de-PPP-para-Hospital-Municipal-a-investidores-na-B3-Foto-Dus-Hamanaka.jpg",1200,800,false],"thumbnail":["https:\/\/noticiasbahia360.com.br\/wp-content\/uploads\/2026\/04\/Prefeitura-de-Feira-de-Santana-apresenta-projeto-de-PPP-para-Hospital-Municipal-a-investidores-na-B3-Foto-Dus-Hamanaka-150x150.jpg",150,150,true],"medium":["https:\/\/noticiasbahia360.com.br\/wp-content\/uploads\/2026\/04\/Prefeitura-de-Feira-de-Santana-apresenta-projeto-de-PPP-para-Hospital-Municipal-a-investidores-na-B3-Foto-Dus-Hamanaka-300x200.jpg",300,200,true],"medium_large":["https:\/\/noticiasbahia360.com.br\/wp-content\/uploads\/2026\/04\/Prefeitura-de-Feira-de-Santana-apresenta-projeto-de-PPP-para-Hospital-Municipal-a-investidores-na-B3-Foto-Dus-Hamanaka-768x512.jpg",640,427,true],"large":["https:\/\/noticiasbahia360.com.br\/wp-content\/uploads\/2026\/04\/Prefeitura-de-Feira-de-Santana-apresenta-projeto-de-PPP-para-Hospital-Municipal-a-investidores-na-B3-Foto-Dus-Hamanaka-1024x683.jpg",640,427,true],"1536x1536":["https:\/\/noticiasbahia360.com.br\/wp-content\/uploads\/2026\/04\/Prefeitura-de-Feira-de-Santana-apresenta-projeto-de-PPP-para-Hospital-Municipal-a-investidores-na-B3-Foto-Dus-Hamanaka.jpg",1200,800,false],"2048x2048":["https:\/\/noticiasbahia360.com.br\/wp-content\/uploads\/2026\/04\/Prefeitura-de-Feira-de-Santana-apresenta-projeto-de-PPP-para-Hospital-Municipal-a-investidores-na-B3-Foto-Dus-Hamanaka.jpg",1200,800,false],"chromenews-featured":["https:\/\/noticiasbahia360.com.br\/wp-content\/uploads\/2026\/04\/Prefeitura-de-Feira-de-Santana-apresenta-projeto-de-PPP-para-Hospital-Municipal-a-investidores-na-B3-Foto-Dus-Hamanaka-1024x683.jpg",1024,683,true],"chromenews-large":["https:\/\/noticiasbahia360.com.br\/wp-content\/uploads\/2026\/04\/Prefeitura-de-Feira-de-Santana-apresenta-projeto-de-PPP-para-Hospital-Municipal-a-investidores-na-B3-Foto-Dus-Hamanaka-825x575.jpg",825,575,true],"chromenews-medium":["https:\/\/noticiasbahia360.com.br\/wp-content\/uploads\/2026\/04\/Prefeitura-de-Feira-de-Santana-apresenta-projeto-de-PPP-para-Hospital-Municipal-a-investidores-na-B3-Foto-Dus-Hamanaka-590x410.jpg",590,410,true]},"author_info":{"display_name":"noticiasbahia360.com.br","author_link":"https:\/\/noticiasbahia360.com.br\/?author=1"},"category_info":"<a href=\"https:\/\/noticiasbahia360.com.br\/?cat=8\" rel=\"category\">Bahia<\/a> <a href=\"https:\/\/noticiasbahia360.com.br\/?cat=9\" rel=\"category\">Brasil<\/a> <a href=\"https:\/\/noticiasbahia360.com.br\/?cat=6\" rel=\"category\">Feira de Santana<\/a> <a href=\"https:\/\/noticiasbahia360.com.br\/?cat=57\" rel=\"category\">Mundo<\/a> <a href=\"https:\/\/noticiasbahia360.com.br\/?cat=56\" rel=\"category\">Pol\u00edcia<\/a> <a href=\"https:\/\/noticiasbahia360.com.br\/?cat=10\" rel=\"category\">Pol\u00edtica<\/a>","tag_info":"Pol\u00edtica","comment_count":"0","_links":{"self":[{"href":"https:\/\/noticiasbahia360.com.br\/index.php?rest_route=\/wp\/v2\/posts\/128800","targetHints":{"allow":["GET"]}}],"collection":[{"href":"https:\/\/noticiasbahia360.com.br\/index.php?rest_route=\/wp\/v2\/posts"}],"about":[{"href":"https:\/\/noticiasbahia360.com.br\/index.php?rest_route=\/wp\/v2\/types\/post"}],"author":[{"embeddable":true,"href":"https:\/\/noticiasbahia360.com.br\/index.php?rest_route=\/wp\/v2\/users\/1"}],"replies":[{"embeddable":true,"href":"https:\/\/noticiasbahia360.com.br\/index.php?rest_route=%2Fwp%2Fv2%2Fcomments&post=128800"}],"version-history":[{"count":0,"href":"https:\/\/noticiasbahia360.com.br\/index.php?rest_route=\/wp\/v2\/posts\/128800\/revisions"}],"wp:featuredmedia":[{"embeddable":true,"href":"https:\/\/noticiasbahia360.com.br\/index.php?rest_route=\/wp\/v2\/media\/128801"}],"wp:attachment":[{"href":"https:\/\/noticiasbahia360.com.br\/index.php?rest_route=%2Fwp%2Fv2%2Fmedia&parent=128800"}],"wp:term":[{"taxonomy":"category","embeddable":true,"href":"https:\/\/noticiasbahia360.com.br\/index.php?rest_route=%2Fwp%2Fv2%2Fcategories&post=128800"},{"taxonomy":"post_tag","embeddable":true,"href":"https:\/\/noticiasbahia360.com.br\/index.php?rest_route=%2Fwp%2Fv2%2Ftags&post=128800"}],"curies":[{"name":"wp","href":"https:\/\/api.w.org\/{rel}","templated":true}]}} 