{"id":128802,"date":"2026-04-28T21:31:05","date_gmt":"2026-04-29T00:31:05","guid":{"rendered":"https:\/\/noticiasbahia360.com.br\/?p=128802"},"modified":"2026-04-28T21:31:05","modified_gmt":"2026-04-29T00:31:05","slug":"turista-de-minas-gerais-morre-apos-se-afogar-em-praia-de-arraial-dajuda","status":"publish","type":"post","link":"https:\/\/noticiasbahia360.com.br\/?p=128802","title":{"rendered":"Turista de Minas Gerais morre ap\u00f3s se afogar em praia de Arraial d\u2019Ajuda"},"content":{"rendered":"<div>\n<div>\n<figure><img decoding=\"async\" src=\"http:\/\/noticiasbahia360.com.br\/wp-content\/uploads\/2026\/04\/Turista-de-Minas-Gerais-morre-apos-se-afogar-em-praia-de-Arraial-dAjuda-Foto-Reproducao-Radar-News.jpg\" alt=\"Turista de Minas Gerais morre ap\u00f3s se afogar em praia de Arraial d'Ajuda\"><figcaption>Foto: Reprodu\u00e7\u00e3o\/ Radar News<\/figcaption><\/figure>\n<\/div>\n<p>Um homem de 31, natural de Uberl\u00e2ndia (Minas Gerais), morreu ap\u00f3s se afogar na Praia da Pitinga, em Arraial d\u2019Ajuda, na tarde de segunda-feira (27). O turista, identificado como Dennison Gimenes de Freitas Nascimento, estava de passeio pelo litoral sul de <a href=\"https:\/\/www.acordacidade.com.br\/?s=Porto+Seguro\">Porto Seguro<\/a> com a esposa, que est\u00e1 gr\u00e1vida. <\/p>\n<p>Segundo informa\u00e7\u00f5es do Radar News, parceiro do Acorda Cidade, Dennison estava tomando banho no ponto onde o Rio Pitinga des\u00e1gua no mar, quando foi surpreendido pela correnteza. <\/p>\n<p>No momento do caso, o refluxo da mar\u00e9 aumentou a velocidade da \u00e1gua em dire\u00e7\u00e3o ao oceano e arrastou o turista para o mar. Banhistas que estavam na \u00e1rea conseguiram alcan\u00e7ar o homem e traz\u00ea-lo para a areia, onde recebeu ajuda de populares at\u00e9 a chegada de socorro m\u00e9dico. <\/p>\n<p>Dennison foi levado para a Unidade de Pronto Atendimento (UPA), mas o \u00f3bito foi confirmado pouco depois do turista dar entrada na unidade de sa\u00fade. O corpo de Dennison foi encaminhado para Instituto M\u00e9dico Legal (IML). <\/p>\n<p><em>Siga o Acorda Cidade no\u00a0<\/em><a href=\"https:\/\/news.google.com\/search?q=acorda%20cidade&amp;hl=pt-BR&amp;gl=BR&amp;ceid=BR%3Apt-419\"><strong><em>Google Not\u00edcias<\/em><\/strong><\/a><em>\u00a0e receba os principais destaques do dia. Participe tamb\u00e9m dos nossos canais no\u00a0<\/em><a href=\"https:\/\/www.whatsapp.com\/channel\/0029Va6Rb4v3WHTNnsh8WI3N\"><strong><em>WhatsApp<\/em><\/strong><\/a><em>\u00a0e\u00a0<\/em><a href=\"https:\/\/www.youtube.com\/@acordacidadenoticias\/videos\"><strong>YouTube<\/strong><\/a><em>\u00a0e grupo de\u00a0<\/em><a href=\"https:\/\/t.me\/+sSz0khrgARA0ZmRh\"><strong><em>Telegram<\/em><\/strong><\/a><em>.<\/em><\/p>\n<\/div>\n","protected":false},"excerpt":{"rendered":"<div>\n<div>\n<figure><img decoding=\"async\" src=\"https:\/\/uploads.acordacidade.com.br\/2026\/04\/Turista-de-Minas-Gerais-morre-apos-se-afogar-em-praia-de-Arraial-dAjuda-Foto-Reproducao-Radar-News.jpg\" alt=\"Turista de Minas Gerais morre ap\u00f3s se afogar em praia de Arraial d'Ajuda\"><figcaption>Foto: Reprodu\u00e7\u00e3o\/ Radar News<\/figcaption><\/figure>\n<\/div>\n<p>Dennison Nascimento estava tomando banho no ponto onde o Rio Pitinga des\u00e1gua no mar, quando foi surpreendido pela correnteza.<\/p><\/div>\n","protected":false},"author":1,"featured_media":128803,"comment_status":"closed","ping_status":"closed","sticky":false,"template":"","format":"gallery","meta":{"footnotes":""},"categories":[8,9,6,57,56,10],"tags":[],"class_list":["post-128802","post","type-post","status-publish","format-gallery","has-post-thumbnail","hentry","category-bahia","category-brasil","category-feira-de-santana","category-mundo","category-policia","category-politica","post_format-post-format-gallery"],"featured_image_urls":{"full":["https:\/\/noticiasbahia360.com.br\/wp-content\/uploads\/2026\/04\/Turista-de-Minas-Gerais-morre-apos-se-afogar-em-praia-de-Arraial-dAjuda-Foto-Reproducao-Radar-News.jpg",1200,899,false],"thumbnail":["https:\/\/noticiasbahia360.com.br\/wp-content\/uploads\/2026\/04\/Turista-de-Minas-Gerais-morre-apos-se-afogar-em-praia-de-Arraial-dAjuda-Foto-Reproducao-Radar-News-150x150.jpg",150,150,true],"medium":["https:\/\/noticiasbahia360.com.br\/wp-content\/uploads\/2026\/04\/Turista-de-Minas-Gerais-morre-apos-se-afogar-em-praia-de-Arraial-dAjuda-Foto-Reproducao-Radar-News-300x225.jpg",300,225,true],"medium_large":["https:\/\/noticiasbahia360.com.br\/wp-content\/uploads\/2026\/04\/Turista-de-Minas-Gerais-morre-apos-se-afogar-em-praia-de-Arraial-dAjuda-Foto-Reproducao-Radar-News-768x575.jpg",640,479,true],"large":["https:\/\/noticiasbahia360.com.br\/wp-content\/uploads\/2026\/04\/Turista-de-Minas-Gerais-morre-apos-se-afogar-em-praia-de-Arraial-dAjuda-Foto-Reproducao-Radar-News-1024x767.jpg",640,479,true],"1536x1536":["https:\/\/noticiasbahia360.com.br\/wp-content\/uploads\/2026\/04\/Turista-de-Minas-Gerais-morre-apos-se-afogar-em-praia-de-Arraial-dAjuda-Foto-Reproducao-Radar-News.jpg",1200,899,false],"2048x2048":["https:\/\/noticiasbahia360.com.br\/wp-content\/uploads\/2026\/04\/Turista-de-Minas-Gerais-morre-apos-se-afogar-em-praia-de-Arraial-dAjuda-Foto-Reproducao-Radar-News.jpg",1200,899,false],"chromenews-featured":["https:\/\/noticiasbahia360.com.br\/wp-content\/uploads\/2026\/04\/Turista-de-Minas-Gerais-morre-apos-se-afogar-em-praia-de-Arraial-dAjuda-Foto-Reproducao-Radar-News-1024x767.jpg",1024,767,true],"chromenews-large":["https:\/\/noticiasbahia360.com.br\/wp-content\/uploads\/2026\/04\/Turista-de-Minas-Gerais-morre-apos-se-afogar-em-praia-de-Arraial-dAjuda-Foto-Reproducao-Radar-News-825x575.jpg",825,575,true],"chromenews-medium":["https:\/\/noticiasbahia360.com.br\/wp-content\/uploads\/2026\/04\/Turista-de-Minas-Gerais-morre-apos-se-afogar-em-praia-de-Arraial-dAjuda-Foto-Reproducao-Radar-News-590x410.jpg",590,410,true]},"author_info":{"display_name":"noticiasbahia360.com.br","author_link":"https:\/\/noticiasbahia360.com.br\/?author=1"},"category_info":"<a href=\"https:\/\/noticiasbahia360.com.br\/?cat=8\" rel=\"category\">Bahia<\/a> <a href=\"https:\/\/noticiasbahia360.com.br\/?cat=9\" rel=\"category\">Brasil<\/a> <a href=\"https:\/\/noticiasbahia360.com.br\/?cat=6\" rel=\"category\">Feira de Santana<\/a> <a href=\"https:\/\/noticiasbahia360.com.br\/?cat=57\" rel=\"category\">Mundo<\/a> <a href=\"https:\/\/noticiasbahia360.com.br\/?cat=56\" rel=\"category\">Pol\u00edcia<\/a> <a href=\"https:\/\/noticiasbahia360.com.br\/?cat=10\" rel=\"category\">Pol\u00edtica<\/a>","tag_info":"Pol\u00edtica","comment_count":"0","_links":{"self":[{"href":"https:\/\/noticiasbahia360.com.br\/index.php?rest_route=\/wp\/v2\/posts\/128802","targetHints":{"allow":["GET"]}}],"collection":[{"href":"https:\/\/noticiasbahia360.com.br\/index.php?rest_route=\/wp\/v2\/posts"}],"about":[{"href":"https:\/\/noticiasbahia360.com.br\/index.php?rest_route=\/wp\/v2\/types\/post"}],"author":[{"embeddable":true,"href":"https:\/\/noticiasbahia360.com.br\/index.php?rest_route=\/wp\/v2\/users\/1"}],"replies":[{"embeddable":true,"href":"https:\/\/noticiasbahia360.com.br\/index.php?rest_route=%2Fwp%2Fv2%2Fcomments&post=128802"}],"version-history":[{"count":0,"href":"https:\/\/noticiasbahia360.com.br\/index.php?rest_route=\/wp\/v2\/posts\/128802\/revisions"}],"wp:featuredmedia":[{"embeddable":true,"href":"https:\/\/noticiasbahia360.com.br\/index.php?rest_route=\/wp\/v2\/media\/128803"}],"wp:attachment":[{"href":"https:\/\/noticiasbahia360.com.br\/index.php?rest_route=%2Fwp%2Fv2%2Fmedia&parent=128802"}],"wp:term":[{"taxonomy":"category","embeddable":true,"href":"https:\/\/noticiasbahia360.com.br\/index.php?rest_route=%2Fwp%2Fv2%2Fcategories&post=128802"},{"taxonomy":"post_tag","embeddable":true,"href":"https:\/\/noticiasbahia360.com.br\/index.php?rest_route=%2Fwp%2Fv2%2Ftags&post=128802"}],"curies":[{"name":"wp","href":"https:\/\/api.w.org\/{rel}","templated":true}]}}