{"id":128804,"date":"2026-04-28T22:01:50","date_gmt":"2026-04-29T01:01:50","guid":{"rendered":"https:\/\/noticiasbahia360.com.br\/?p=128804"},"modified":"2026-04-28T22:01:50","modified_gmt":"2026-04-29T01:01:50","slug":"pm-apreende-30-kg-de-maconha-em-coracao-de-maria-suspeito-foi-conduzido-a-delegacia","status":"publish","type":"post","link":"https:\/\/noticiasbahia360.com.br\/?p=128804","title":{"rendered":"PM apreende 30 kg de maconha em Cora\u00e7\u00e3o de Maria; suspeito foi conduzido a delegacia"},"content":{"rendered":"<div>\n<div>\n<figure><img decoding=\"async\" src=\"http:\/\/noticiasbahia360.com.br\/wp-content\/uploads\/2026\/04\/PM-apreende-30-kg-de-maconha-em-Coracao-de-Maria-suspeito-foi-conduzido-a-delegacia-Foto-Reproducao-PMBA.jpg\" alt=\"PM apreende 30 kg de maconha em Cora\u00e7\u00e3o de Maria; suspeito foi conduzido a delegacia\"><figcaption>Foto: Reprodu\u00e7\u00e3o\/ PMBA<\/figcaption><\/figure>\n<\/div>\n<p>A Pol\u00edcia Militar da Bahia informa que, na tarde desta ter\u00e7a-feira (28), guarni\u00e7\u00f5es da Cipe\/Leste realizaram a apreens\u00e3o de 30 kg de maconha e condu\u00e7\u00e3o de um suspeito na localidade S\u00e3o Sim\u00e3o, zona rural do munic\u00edpio de Cora\u00e7\u00e3o de Maria.<\/p>\n<p>Durante patrulhamento na regi\u00e3o, os policiais militares observaram que um homem manuseava material entorpecente em local pr\u00f3ximo. Percebendo a presen\u00e7a policial, o homem evadiu, mas foi alcan\u00e7ado em um matagal.<\/p>\n<p>Ap\u00f3s realizada a abordagem e em continuidade \u00e0 a\u00e7\u00e3o, durante varredura nas imedia\u00e7\u00f5es, o efetivo localizou cerca 30 kg de subst\u00e2ncia an\u00e1loga a maconha, al\u00e9m de balan\u00e7a de precis\u00e3o e muni\u00e7\u00f5es.<\/p>\n<p>Diante dos fatos, o suspeito e todo o material apreendido foram apresentados na Delegacia de Pol\u00edcia Civil de Santo Amaro para medidas cab\u00edveis.<\/p>\n<p><strong>Leia tamb\u00e9m: <\/strong><\/p>\n<p><a href=\"https:\/\/www.acordacidade.com.br\/policia\/53-buchas-de-maconha-e-31-papelotes-de-cocaina-sao-apreendidos-no-bairro-queimadinha\/\">53 buchas de maconha e 31 papelotes de coca\u00edna s\u00e3o apreendidos no bairro Queimadinha<\/a><\/p>\n<p><em>Siga o Acorda Cidade no <\/em><a href=\"https:\/\/news.google.com\/search?q=acorda%20cidade&amp;hl=pt-BR&amp;gl=BR&amp;ceid=BR%3Apt-419\"><strong><em>Google Not\u00edcias<\/em><\/strong><\/a><em>\u00a0e receba os principais destaques do dia. Participe tamb\u00e9m dos nossos canais no\u00a0<\/em><a href=\"https:\/\/www.whatsapp.com\/channel\/0029Va6Rb4v3WHTNnsh8WI3N\"><strong><em>WhatsApp<\/em><\/strong><\/a><em>\u00a0e\u00a0<\/em><a href=\"https:\/\/www.youtube.com\/@acordacidadenoticias\/videos\"><strong>YouTube<\/strong><\/a><em>\u00a0e no grupo de\u00a0<\/em><a href=\"https:\/\/t.me\/+sSz0khrgARA0ZmRh\"><strong><em>Telegram<\/em><\/strong><\/a><em>.<\/em><\/p>\n<\/div>\n","protected":false},"excerpt":{"rendered":"<div>\n<div>\n<figure><img decoding=\"async\" src=\"https:\/\/uploads.acordacidade.com.br\/2026\/04\/PM-apreende-30-kg-de-maconha-em-Coracao-de-Maria-suspeito-foi-conduzido-a-delegacia-Foto-Reproducao-PMBA.jpg\" alt=\"PM apreende 30 kg de maconha em Cora\u00e7\u00e3o de Maria; suspeito foi conduzido a delegacia\"><figcaption>Foto: Reprodu\u00e7\u00e3o\/ PMBA<\/figcaption><\/figure>\n<\/div>\n<p>Durante patrulhamento na regi\u00e3o, os policiais militares observaram que um homem manuseava material entorpecente em local pr\u00f3ximo.<\/p><\/div>\n","protected":false},"author":1,"featured_media":128805,"comment_status":"closed","ping_status":"closed","sticky":false,"template":"","format":"gallery","meta":{"footnotes":""},"categories":[8,9,6,57,56,10],"tags":[],"class_list":["post-128804","post","type-post","status-publish","format-gallery","has-post-thumbnail","hentry","category-bahia","category-brasil","category-feira-de-santana","category-mundo","category-policia","category-politica","post_format-post-format-gallery"],"featured_image_urls":{"full":["https:\/\/noticiasbahia360.com.br\/wp-content\/uploads\/2026\/04\/PM-apreende-30-kg-de-maconha-em-Coracao-de-Maria-suspeito-foi-conduzido-a-delegacia-Foto-Reproducao-PMBA.jpg",1200,639,false],"thumbnail":["https:\/\/noticiasbahia360.com.br\/wp-content\/uploads\/2026\/04\/PM-apreende-30-kg-de-maconha-em-Coracao-de-Maria-suspeito-foi-conduzido-a-delegacia-Foto-Reproducao-PMBA-150x150.jpg",150,150,true],"medium":["https:\/\/noticiasbahia360.com.br\/wp-content\/uploads\/2026\/04\/PM-apreende-30-kg-de-maconha-em-Coracao-de-Maria-suspeito-foi-conduzido-a-delegacia-Foto-Reproducao-PMBA-300x160.jpg",300,160,true],"medium_large":["https:\/\/noticiasbahia360.com.br\/wp-content\/uploads\/2026\/04\/PM-apreende-30-kg-de-maconha-em-Coracao-de-Maria-suspeito-foi-conduzido-a-delegacia-Foto-Reproducao-PMBA-768x409.jpg",640,341,true],"large":["https:\/\/noticiasbahia360.com.br\/wp-content\/uploads\/2026\/04\/PM-apreende-30-kg-de-maconha-em-Coracao-de-Maria-suspeito-foi-conduzido-a-delegacia-Foto-Reproducao-PMBA-1024x545.jpg",640,341,true],"1536x1536":["https:\/\/noticiasbahia360.com.br\/wp-content\/uploads\/2026\/04\/PM-apreende-30-kg-de-maconha-em-Coracao-de-Maria-suspeito-foi-conduzido-a-delegacia-Foto-Reproducao-PMBA.jpg",1200,639,false],"2048x2048":["https:\/\/noticiasbahia360.com.br\/wp-content\/uploads\/2026\/04\/PM-apreende-30-kg-de-maconha-em-Coracao-de-Maria-suspeito-foi-conduzido-a-delegacia-Foto-Reproducao-PMBA.jpg",1200,639,false],"chromenews-featured":["https:\/\/noticiasbahia360.com.br\/wp-content\/uploads\/2026\/04\/PM-apreende-30-kg-de-maconha-em-Coracao-de-Maria-suspeito-foi-conduzido-a-delegacia-Foto-Reproducao-PMBA-1024x545.jpg",1024,545,true],"chromenews-large":["https:\/\/noticiasbahia360.com.br\/wp-content\/uploads\/2026\/04\/PM-apreende-30-kg-de-maconha-em-Coracao-de-Maria-suspeito-foi-conduzido-a-delegacia-Foto-Reproducao-PMBA-825x575.jpg",825,575,true],"chromenews-medium":["https:\/\/noticiasbahia360.com.br\/wp-content\/uploads\/2026\/04\/PM-apreende-30-kg-de-maconha-em-Coracao-de-Maria-suspeito-foi-conduzido-a-delegacia-Foto-Reproducao-PMBA-590x410.jpg",590,410,true]},"author_info":{"display_name":"noticiasbahia360.com.br","author_link":"https:\/\/noticiasbahia360.com.br\/?author=1"},"category_info":"<a href=\"https:\/\/noticiasbahia360.com.br\/?cat=8\" rel=\"category\">Bahia<\/a> <a href=\"https:\/\/noticiasbahia360.com.br\/?cat=9\" rel=\"category\">Brasil<\/a> <a href=\"https:\/\/noticiasbahia360.com.br\/?cat=6\" rel=\"category\">Feira de Santana<\/a> <a href=\"https:\/\/noticiasbahia360.com.br\/?cat=57\" rel=\"category\">Mundo<\/a> <a href=\"https:\/\/noticiasbahia360.com.br\/?cat=56\" rel=\"category\">Pol\u00edcia<\/a> <a href=\"https:\/\/noticiasbahia360.com.br\/?cat=10\" rel=\"category\">Pol\u00edtica<\/a>","tag_info":"Pol\u00edtica","comment_count":"0","_links":{"self":[{"href":"https:\/\/noticiasbahia360.com.br\/index.php?rest_route=\/wp\/v2\/posts\/128804","targetHints":{"allow":["GET"]}}],"collection":[{"href":"https:\/\/noticiasbahia360.com.br\/index.php?rest_route=\/wp\/v2\/posts"}],"about":[{"href":"https:\/\/noticiasbahia360.com.br\/index.php?rest_route=\/wp\/v2\/types\/post"}],"author":[{"embeddable":true,"href":"https:\/\/noticiasbahia360.com.br\/index.php?rest_route=\/wp\/v2\/users\/1"}],"replies":[{"embeddable":true,"href":"https:\/\/noticiasbahia360.com.br\/index.php?rest_route=%2Fwp%2Fv2%2Fcomments&post=128804"}],"version-history":[{"count":0,"href":"https:\/\/noticiasbahia360.com.br\/index.php?rest_route=\/wp\/v2\/posts\/128804\/revisions"}],"wp:featuredmedia":[{"embeddable":true,"href":"https:\/\/noticiasbahia360.com.br\/index.php?rest_route=\/wp\/v2\/media\/128805"}],"wp:attachment":[{"href":"https:\/\/noticiasbahia360.com.br\/index.php?rest_route=%2Fwp%2Fv2%2Fmedia&parent=128804"}],"wp:term":[{"taxonomy":"category","embeddable":true,"href":"https:\/\/noticiasbahia360.com.br\/index.php?rest_route=%2Fwp%2Fv2%2Fcategories&post=128804"},{"taxonomy":"post_tag","embeddable":true,"href":"https:\/\/noticiasbahia360.com.br\/index.php?rest_route=%2Fwp%2Fv2%2Ftags&post=128804"}],"curies":[{"name":"wp","href":"https:\/\/api.w.org\/{rel}","templated":true}]}} 