{"id":128806,"date":"2026-04-28T22:16:49","date_gmt":"2026-04-29T01:16:49","guid":{"rendered":"https:\/\/noticiasbahia360.com.br\/?p=128806"},"modified":"2026-04-28T22:16:49","modified_gmt":"2026-04-29T01:16:49","slug":"assembleia-legislativa-aprova-projeto-que-da-nome-de-carlos-pitta-para-teatro-de-feira-de-santana","status":"publish","type":"post","link":"https:\/\/noticiasbahia360.com.br\/?p=128806","title":{"rendered":"Assembleia Legislativa aprova projeto que d\u00e1 nome de Carlos Pitta para teatro de Feira de Santana"},"content":{"rendered":"<div>\n<div>\n<figure><img decoding=\"async\" src=\"http:\/\/noticiasbahia360.com.br\/wp-content\/uploads\/2026\/04\/Deputado-estadual-Robinson-Almeida-e-Carlos-Pitta-Foto-Divulgacao.jpg\" alt=\"Deputado estadual Robinson Almeida e Carlos Pitta\"><figcaption>Deputado estadual Robinson Almeida e Carlos Pitta | Foto: Divulga\u00e7\u00e3o<\/figcaption><\/figure>\n<\/div>\n<p>A Assembleia Legislativa da Bahia (Alba) aprovou por unanimidade, nesta ter\u00e7a-feira (28), durante a 26\u00aa Sess\u00e3o Ordin\u00e1ria, o projeto de lei que denomina de Carlos Pitta o teatro do Centro de Conven\u00e7\u00f5es de Feira de Santana. A proposta \u00e9 de autoria do deputado estadual Robinson Almeida (PT) e recebeu parecer favor\u00e1vel das comiss\u00f5es da Casa antes de ser aprovado no plen\u00e1rio.<\/p>\n<p>Robinson comemorou a aprova\u00e7\u00e3o da homenagem e destacou a import\u00e2ncia de preservar o legado de um dos maiores nomes da m\u00fasica popular baiana nascido em Feira de Santana.<\/p>\n<p>\u201cCarlos Pitta merece ser eternizado. Foi um artista que levou o nome de Feira de Santana, da Bahia e do Nordeste para o Brasil e para o mundo com sua m\u00fasica, seu talento e sua sensibilidade\u201d, afirmou o parlamentar.<\/p>\n<p>Cantor, compositor, instrumentista e pesquisador musical, Carlos Pitta nasceu em Feira de Santana em 3 de mar\u00e7o de 1955 e construiu uma trajet\u00f3ria de mais de quatro d\u00e9cadas dedicadas \u00e0 cultura brasileira. Ao longo da carreira, lan\u00e7ou mais de 16 \u00e1lbuns, transitando entre o forr\u00f3, o samba e a m\u00fasica regional nordestina. Entre seus maiores sucessos est\u00e1 a can\u00e7\u00e3o Cometa Mambembe, que marcou gera\u00e7\u00f5es.<\/p>\n<p>Suas composi\u00e7\u00f5es foram gravadas por artistas de proje\u00e7\u00e3o nacional, como Elba Ramalho, Daniela Mercury, Alcione e Margareth Menezes. Pitta tamb\u00e9m participou de festivais internacionais, levando a m\u00fasica baiana a palcos na Su\u00ed\u00e7a e na Alemanha.<\/p>\n<p>O artista faleceu em 7 de janeiro de 2025, em Salvador, aos 69 anos, em decorr\u00eancia de complica\u00e7\u00f5es causadas pela diabetes, gerando ampla como\u00e7\u00e3o no meio cultural baiano.<\/p>\n<p>Para Robinson Almeida, a homenagem consolida o reconhecimento institucional a um feirense que ajudou a fortalecer a identidade cultural da Bahia.<\/p>\n<p>\u201cDar o nome de Carlos Pitta ao teatro \u00e9 uma forma de manter viva sua mem\u00f3ria e inspirar novas gera\u00e7\u00f5es de artistas. \u00c9 uma justa homenagem a quem tanto contribuiu para nossa cultura\u201d, declarou.<\/p>\n<p>O teatro integra o moderno Centro de Conven\u00e7\u00f5es de Feira de Santana, equipamento entregue pelo governador Jer\u00f4nimo Rodrigues (PT) e considerado estrat\u00e9gico para impulsionar a economia criativa, o turismo de neg\u00f3cios e a agenda cultural do interior baiano.<\/p>\n<p><em>Siga o Acorda Cidade no <\/em><a href=\"https:\/\/news.google.com\/search?q=acorda%20cidade&amp;hl=pt-BR&amp;gl=BR&amp;ceid=BR%3Apt-419\"><strong><em>Google Not\u00edcias<\/em><\/strong><\/a><em>\u00a0e receba os principais destaques do dia. Participe tamb\u00e9m dos nossos canais no\u00a0<\/em><a href=\"https:\/\/www.whatsapp.com\/channel\/0029Va6Rb4v3WHTNnsh8WI3N\"><strong><em>WhatsApp<\/em><\/strong><\/a><em>\u00a0e\u00a0<\/em><a href=\"https:\/\/www.youtube.com\/@acordacidadenoticias\/videos\"><strong>YouTube<\/strong><\/a><em>\u00a0e no grupo de\u00a0<\/em><a href=\"https:\/\/t.me\/+sSz0khrgARA0ZmRh\"><strong><em>Telegram<\/em><\/strong><\/a><em>.<\/em><\/p>\n<\/div>\n","protected":false},"excerpt":{"rendered":"<div>\n<div>\n<figure><img decoding=\"async\" src=\"https:\/\/uploads.acordacidade.com.br\/2026\/04\/Deputado-estadual-Robinson-Almeida-e-Carlos-Pitta-Foto-Divulgacao.jpg\" alt=\"Deputado estadual Robinson Almeida e Carlos Pitta\"><figcaption>Deputado estadual Robinson Almeida e Carlos Pitta | Foto: Divulga\u00e7\u00e3o<\/figcaption><\/figure>\n<\/div>\n<p>A proposta \u00e9 de autoria do deputado estadual Robinson Almeida (PT), que comemorou a aprova\u00e7\u00e3o da homenagem ao cantor feirense.<\/p><\/div>\n","protected":false},"author":1,"featured_media":128807,"comment_status":"closed","ping_status":"closed","sticky":false,"template":"","format":"gallery","meta":{"footnotes":""},"categories":[8,9,6,57,56,10],"tags":[],"class_list":["post-128806","post","type-post","status-publish","format-gallery","has-post-thumbnail","hentry","category-bahia","category-brasil","category-feira-de-santana","category-mundo","category-policia","category-politica","post_format-post-format-gallery"],"featured_image_urls":{"full":["https:\/\/noticiasbahia360.com.br\/wp-content\/uploads\/2026\/04\/Deputado-estadual-Robinson-Almeida-e-Carlos-Pitta-Foto-Divulgacao.jpg",1200,665,false],"thumbnail":["https:\/\/noticiasbahia360.com.br\/wp-content\/uploads\/2026\/04\/Deputado-estadual-Robinson-Almeida-e-Carlos-Pitta-Foto-Divulgacao-150x150.jpg",150,150,true],"medium":["https:\/\/noticiasbahia360.com.br\/wp-content\/uploads\/2026\/04\/Deputado-estadual-Robinson-Almeida-e-Carlos-Pitta-Foto-Divulgacao-300x166.jpg",300,166,true],"medium_large":["https:\/\/noticiasbahia360.com.br\/wp-content\/uploads\/2026\/04\/Deputado-estadual-Robinson-Almeida-e-Carlos-Pitta-Foto-Divulgacao-768x426.jpg",640,355,true],"large":["https:\/\/noticiasbahia360.com.br\/wp-content\/uploads\/2026\/04\/Deputado-estadual-Robinson-Almeida-e-Carlos-Pitta-Foto-Divulgacao-1024x567.jpg",640,354,true],"1536x1536":["https:\/\/noticiasbahia360.com.br\/wp-content\/uploads\/2026\/04\/Deputado-estadual-Robinson-Almeida-e-Carlos-Pitta-Foto-Divulgacao.jpg",1200,665,false],"2048x2048":["https:\/\/noticiasbahia360.com.br\/wp-content\/uploads\/2026\/04\/Deputado-estadual-Robinson-Almeida-e-Carlos-Pitta-Foto-Divulgacao.jpg",1200,665,false],"chromenews-featured":["https:\/\/noticiasbahia360.com.br\/wp-content\/uploads\/2026\/04\/Deputado-estadual-Robinson-Almeida-e-Carlos-Pitta-Foto-Divulgacao-1024x567.jpg",1024,567,true],"chromenews-large":["https:\/\/noticiasbahia360.com.br\/wp-content\/uploads\/2026\/04\/Deputado-estadual-Robinson-Almeida-e-Carlos-Pitta-Foto-Divulgacao-825x575.jpg",825,575,true],"chromenews-medium":["https:\/\/noticiasbahia360.com.br\/wp-content\/uploads\/2026\/04\/Deputado-estadual-Robinson-Almeida-e-Carlos-Pitta-Foto-Divulgacao-590x410.jpg",590,410,true]},"author_info":{"display_name":"noticiasbahia360.com.br","author_link":"https:\/\/noticiasbahia360.com.br\/?author=1"},"category_info":"<a href=\"https:\/\/noticiasbahia360.com.br\/?cat=8\" rel=\"category\">Bahia<\/a> <a href=\"https:\/\/noticiasbahia360.com.br\/?cat=9\" rel=\"category\">Brasil<\/a> <a href=\"https:\/\/noticiasbahia360.com.br\/?cat=6\" rel=\"category\">Feira de Santana<\/a> <a href=\"https:\/\/noticiasbahia360.com.br\/?cat=57\" rel=\"category\">Mundo<\/a> <a href=\"https:\/\/noticiasbahia360.com.br\/?cat=56\" rel=\"category\">Pol\u00edcia<\/a> <a href=\"https:\/\/noticiasbahia360.com.br\/?cat=10\" rel=\"category\">Pol\u00edtica<\/a>","tag_info":"Pol\u00edtica","comment_count":"0","_links":{"self":[{"href":"https:\/\/noticiasbahia360.com.br\/index.php?rest_route=\/wp\/v2\/posts\/128806","targetHints":{"allow":["GET"]}}],"collection":[{"href":"https:\/\/noticiasbahia360.com.br\/index.php?rest_route=\/wp\/v2\/posts"}],"about":[{"href":"https:\/\/noticiasbahia360.com.br\/index.php?rest_route=\/wp\/v2\/types\/post"}],"author":[{"embeddable":true,"href":"https:\/\/noticiasbahia360.com.br\/index.php?rest_route=\/wp\/v2\/users\/1"}],"replies":[{"embeddable":true,"href":"https:\/\/noticiasbahia360.com.br\/index.php?rest_route=%2Fwp%2Fv2%2Fcomments&post=128806"}],"version-history":[{"count":0,"href":"https:\/\/noticiasbahia360.com.br\/index.php?rest_route=\/wp\/v2\/posts\/128806\/revisions"}],"wp:featuredmedia":[{"embeddable":true,"href":"https:\/\/noticiasbahia360.com.br\/index.php?rest_route=\/wp\/v2\/media\/128807"}],"wp:attachment":[{"href":"https:\/\/noticiasbahia360.com.br\/index.php?rest_route=%2Fwp%2Fv2%2Fmedia&parent=128806"}],"wp:term":[{"taxonomy":"category","embeddable":true,"href":"https:\/\/noticiasbahia360.com.br\/index.php?rest_route=%2Fwp%2Fv2%2Fcategories&post=128806"},{"taxonomy":"post_tag","embeddable":true,"href":"https:\/\/noticiasbahia360.com.br\/index.php?rest_route=%2Fwp%2Fv2%2Ftags&post=128806"}],"curies":[{"name":"wp","href":"https:\/\/api.w.org\/{rel}","templated":true}]}} 