{"id":128808,"date":"2026-04-28T22:16:50","date_gmt":"2026-04-29T01:16:50","guid":{"rendered":"https:\/\/noticiasbahia360.com.br\/?p=128808"},"modified":"2026-04-28T22:16:50","modified_gmt":"2026-04-29T01:16:50","slug":"lula-assina-decreto-que-oficializa-acordo-entre-mercosul-e-uniao-europeia","status":"publish","type":"post","link":"https:\/\/noticiasbahia360.com.br\/?p=128808","title":{"rendered":"Lula assina decreto que oficializa acordo entre Mercosul e Uni\u00e3o Europeia"},"content":{"rendered":"<div>\n<div>\n<figure><img decoding=\"async\" src=\"http:\/\/noticiasbahia360.com.br\/wp-content\/uploads\/2026\/04\/Lula-e-Alckimin-apos-assinatura-acordo-entre-Mercosul-e-Uniao-Europeia-Foto-Valter-Campanato-Agencia-Brasil.jpg\" alt=\"Lula e Alckimin ap\u00f3s assinatura acordo entre Mercosul e Uni\u00e3o Europeia\"><figcaption>Foto: Valter Campanato\/ Ag\u00eancia Brasil<\/figcaption><\/figure>\n<\/div>\n<p>Ag\u00eancia Brasil \u2014\u00a0O presidente Luiz In\u00e1cio Lula da Silva assinou nesta ter\u00e7a-feira (28), em cerim\u00f4nia no Pal\u00e1cio do Planalto, o decreto que oficializa a validade do acordo comercial entre Mercosul e Uni\u00e3o Europeia (UE), que entra em vigor a partir do dia 1\u00ba de maio.\u00a0<img decoding=\"async\" src=\"https:\/\/agenciabrasil.ebc.com.br\/ebc.png?id=1687549&amp;o=node\"><img decoding=\"async\" src=\"https:\/\/agenciabrasil.ebc.com.br\/ebc.gif?id=1687549&amp;o=node\"><\/p>\n<p><strong>Com o tratado, o bloco sul-americano, composto por Argentina, Brasil, Paraguai e Uruguai, vai zerar tarifas sobre 91% dos bens europeus em at\u00e9 15 anos. J\u00e1 a UE eliminar\u00e1 tarifas sobre 95% dos bens vendidos pelo Mercosul em at\u00e9 12 anos.<\/strong><\/p>\n<p>Os\u00a0termos do acordo foram assinados no fim de janeiro, em Assun\u00e7\u00e3o, no Paraguai, entre representantes dos dois blocos, ap\u00f3s 26 anos de negocia\u00e7\u00f5es.\u00a0<\/p>\n<p><strong>O pacto cria uma zona de livre com\u00e9rcio envolvendo 31 pa\u00edses<\/strong>, sendo 27 da UE e quatro do Mercosul, com uma popula\u00e7\u00e3o conjunta de 720 milh\u00f5es de habitantes e cerca de US$ 22 trilh\u00f5es em Produto Interno Bruto (PIB, soma de bens e servi\u00e7os produzidos).<\/p>\n<blockquote class=\"wp-block-quote is-layout-flow wp-block-quote-is-layout-flow\">\n<p>\u201cA resposta que a Uni\u00e3o Europeia e o Brasil deram ao mundo \u00e9 que n\u00e3o existe nada melhor do que a gente acreditar no exerc\u00edcio da democracia, no multilateralismo e na rela\u00e7\u00e3o cordial entre as na\u00e7\u00f5es. \u00c9 este exemplo que n\u00f3s damos com esse acordo aqui\u201d, afirmou Lula ao assinar o decreto.\u00a0<\/p>\n<\/blockquote>\n<p>Na mesma linha, o ministro das Rela\u00e7\u00f5es Exteriores, Mauro Vieira, destacou o significado pol\u00edtico do acordo.<\/p>\n<p>\u201cEm um mundo conturbado, com forte instabilidade geopol\u00edtica e prolifera\u00e7\u00e3o de medidas unilaterais, inclusive na \u00e1rea comercial, o acordo emite claro sinal de que os dois blocos acreditam na integra\u00e7\u00e3o econ\u00f4mica, no com\u00e9rcio como promotor do desenvolvimento e na plena compatibilidade da integra\u00e7\u00e3o comercial com regimes multilaterais nas \u00e1reas ambiental, trabalhista e social\u201d, afirmou.<\/p>\n<p>Ap\u00f3s as longas negocia\u00e7\u00f5es entre representantes diplom\u00e1ticos, a ratifica\u00e7\u00e3o do\u00a0acordo foi conclu\u00edda pelo Congresso Nacional\u00a0no in\u00edcio de mar\u00e7o, sendo\u00a0promulgada dias depois.\u00a0<\/p>\n<p><strong>Foi a \u00faltima etapa para que o acordo, pelo lado brasileiro, entrasse em vigor por meio do decreto presidencial agora assinado por Lula.<\/strong>\u00a0<\/p>\n<p>Os parlamentos de Argentina, Uruguai e Paraguai, demais s\u00f3cios do Mercosul, tamb\u00e9m j\u00e1 ratificaram o acordo.<\/p>\n<p>Do lado da Uni\u00e3o Europeia, o Parlamento Europeu pediu, em janeiro, que o Tribunal de Justi\u00e7a do bloco fa\u00e7a uma avalia\u00e7\u00e3o jur\u00eddica sobre o acordo, mas a presidente da Comiss\u00e3o Europeia,\u00a0Usrula von der Leyen, garantiu que o bloco aplicar\u00e1 o tratado\u00a0de forma provis\u00f3ria a partir de maio, mesmo com a pend\u00eancia de an\u00e1lise judicial.<\/p>\n<h2 class=\"wp-block-heading\" id=\"h-outros-acordos\">Outros acordos<\/h2>\n<p><strong>Na mesma cerim\u00f4nia em que validou o acordo Mercosul-UE, o presidente Lula tamb\u00e9m enviou outros dois acordos comerciais para serem analisados pelo Congresso Nacional.<\/strong>\u00a0Um deles \u00e9 o\u00a0acordo Mercosul-Singapura, anunciado em 2023. O pa\u00eds asi\u00e1tico \u00e9 um dos principais destinos das exporta\u00e7\u00f5es sul-americanas.<\/p>\n<p>O outro acordo envolve o Mercosul e a Associa\u00e7\u00e3o Europeia de Livre Com\u00e9rcio (EFTA), integrada por Su\u00ed\u00e7a, Noruega, Isl\u00e2ndia e Liechtenstein.\u00a0<\/p>\n<p><strong>A parceria multilateral vai criar um mercado de 290 milh\u00f5es de consumidores em economias que somam PIB de US$ 4,39 trilh\u00f5es, o equivalente a mais de R$ 23 trilh\u00f5es em 2024.<\/strong>\u00a0<\/p>\n<p>A negocia\u00e7\u00e3o teve in\u00edcio em 2017 e, depois de 14 rodadas, os termos finais foram acertados em junho de 2025.<\/p>\n<p>Nos dois casos, os legislativos dos pa\u00edses do Mercosul precisam aprovar os tratados, para que entrem formalmente em vigor.<\/p>\n<p><em>Siga o Acorda Cidade no <\/em><a href=\"https:\/\/news.google.com\/search?q=acorda%20cidade&amp;hl=pt-BR&amp;gl=BR&amp;ceid=BR%3Apt-419\"><strong><em>Google Not\u00edcias<\/em><\/strong><\/a><em>\u00a0e receba os principais destaques do dia. Participe tamb\u00e9m dos nossos canais no\u00a0<\/em><a href=\"https:\/\/www.whatsapp.com\/channel\/0029Va6Rb4v3WHTNnsh8WI3N\"><strong><em>WhatsApp<\/em><\/strong><\/a><em>\u00a0e\u00a0<\/em><a href=\"https:\/\/www.youtube.com\/@acordacidadenoticias\/videos\"><strong>YouTube<\/strong><\/a><em>\u00a0e no grupo de\u00a0<\/em><a href=\"https:\/\/t.me\/+sSz0khrgARA0ZmRh\"><strong><em>Telegram<\/em><\/strong><\/a><em>.<\/em><\/p>\n<\/div>\n","protected":false},"excerpt":{"rendered":"<div>\n<div>\n<figure><img decoding=\"async\" src=\"https:\/\/uploads.acordacidade.com.br\/2026\/04\/Lula-e-Alckimin-apos-assinatura-acordo-entre-Mercosul-e-Uniao-Europeia-Foto-Valter-Campanato-Agencia-Brasil.jpg\" alt=\"Lula e Alckimin ap\u00f3s assinatura acordo entre Mercosul e Uni\u00e3o Europeia\"><figcaption>Foto: Valter Campanato\/ Ag\u00eancia Brasil<\/figcaption><\/figure>\n<\/div>\n<p>Com o ac, o bloco composto por Argentina, Brasil, Paraguai e Uruguai vai zerar tarifas sobre 91% dos bens europeus em at\u00e9 15 anos.<\/p><\/div>\n","protected":false},"author":1,"featured_media":128809,"comment_status":"closed","ping_status":"closed","sticky":false,"template":"","format":"gallery","meta":{"footnotes":""},"categories":[8,9,6,57,56,10],"tags":[],"class_list":["post-128808","post","type-post","status-publish","format-gallery","has-post-thumbnail","hentry","category-bahia","category-brasil","category-feira-de-santana","category-mundo","category-policia","category-politica","post_format-post-format-gallery"],"featured_image_urls":{"full":["https:\/\/noticiasbahia360.com.br\/wp-content\/uploads\/2026\/04\/Lula-e-Alckimin-apos-assinatura-acordo-entre-Mercosul-e-Uniao-Europeia-Foto-Valter-Campanato-Agencia-Brasil.jpg",1200,718,false],"thumbnail":["https:\/\/noticiasbahia360.com.br\/wp-content\/uploads\/2026\/04\/Lula-e-Alckimin-apos-assinatura-acordo-entre-Mercosul-e-Uniao-Europeia-Foto-Valter-Campanato-Agencia-Brasil-150x150.jpg",150,150,true],"medium":["https:\/\/noticiasbahia360.com.br\/wp-content\/uploads\/2026\/04\/Lula-e-Alckimin-apos-assinatura-acordo-entre-Mercosul-e-Uniao-Europeia-Foto-Valter-Campanato-Agencia-Brasil-300x180.jpg",300,180,true],"medium_large":["https:\/\/noticiasbahia360.com.br\/wp-content\/uploads\/2026\/04\/Lula-e-Alckimin-apos-assinatura-acordo-entre-Mercosul-e-Uniao-Europeia-Foto-Valter-Campanato-Agencia-Brasil-768x460.jpg",640,383,true],"large":["https:\/\/noticiasbahia360.com.br\/wp-content\/uploads\/2026\/04\/Lula-e-Alckimin-apos-assinatura-acordo-entre-Mercosul-e-Uniao-Europeia-Foto-Valter-Campanato-Agencia-Brasil-1024x613.jpg",640,383,true],"1536x1536":["https:\/\/noticiasbahia360.com.br\/wp-content\/uploads\/2026\/04\/Lula-e-Alckimin-apos-assinatura-acordo-entre-Mercosul-e-Uniao-Europeia-Foto-Valter-Campanato-Agencia-Brasil.jpg",1200,718,false],"2048x2048":["https:\/\/noticiasbahia360.com.br\/wp-content\/uploads\/2026\/04\/Lula-e-Alckimin-apos-assinatura-acordo-entre-Mercosul-e-Uniao-Europeia-Foto-Valter-Campanato-Agencia-Brasil.jpg",1200,718,false],"chromenews-featured":["https:\/\/noticiasbahia360.com.br\/wp-content\/uploads\/2026\/04\/Lula-e-Alckimin-apos-assinatura-acordo-entre-Mercosul-e-Uniao-Europeia-Foto-Valter-Campanato-Agencia-Brasil-1024x613.jpg",1024,613,true],"chromenews-large":["https:\/\/noticiasbahia360.com.br\/wp-content\/uploads\/2026\/04\/Lula-e-Alckimin-apos-assinatura-acordo-entre-Mercosul-e-Uniao-Europeia-Foto-Valter-Campanato-Agencia-Brasil-825x575.jpg",825,575,true],"chromenews-medium":["https:\/\/noticiasbahia360.com.br\/wp-content\/uploads\/2026\/04\/Lula-e-Alckimin-apos-assinatura-acordo-entre-Mercosul-e-Uniao-Europeia-Foto-Valter-Campanato-Agencia-Brasil-590x410.jpg",590,410,true]},"author_info":{"display_name":"noticiasbahia360.com.br","author_link":"https:\/\/noticiasbahia360.com.br\/?author=1"},"category_info":"<a href=\"https:\/\/noticiasbahia360.com.br\/?cat=8\" rel=\"category\">Bahia<\/a> <a href=\"https:\/\/noticiasbahia360.com.br\/?cat=9\" rel=\"category\">Brasil<\/a> <a href=\"https:\/\/noticiasbahia360.com.br\/?cat=6\" rel=\"category\">Feira de Santana<\/a> <a href=\"https:\/\/noticiasbahia360.com.br\/?cat=57\" rel=\"category\">Mundo<\/a> <a href=\"https:\/\/noticiasbahia360.com.br\/?cat=56\" rel=\"category\">Pol\u00edcia<\/a> <a href=\"https:\/\/noticiasbahia360.com.br\/?cat=10\" rel=\"category\">Pol\u00edtica<\/a>","tag_info":"Pol\u00edtica","comment_count":"0","_links":{"self":[{"href":"https:\/\/noticiasbahia360.com.br\/index.php?rest_route=\/wp\/v2\/posts\/128808","targetHints":{"allow":["GET"]}}],"collection":[{"href":"https:\/\/noticiasbahia360.com.br\/index.php?rest_route=\/wp\/v2\/posts"}],"about":[{"href":"https:\/\/noticiasbahia360.com.br\/index.php?rest_route=\/wp\/v2\/types\/post"}],"author":[{"embeddable":true,"href":"https:\/\/noticiasbahia360.com.br\/index.php?rest_route=\/wp\/v2\/users\/1"}],"replies":[{"embeddable":true,"href":"https:\/\/noticiasbahia360.com.br\/index.php?rest_route=%2Fwp%2Fv2%2Fcomments&post=128808"}],"version-history":[{"count":0,"href":"https:\/\/noticiasbahia360.com.br\/index.php?rest_route=\/wp\/v2\/posts\/128808\/revisions"}],"wp:featuredmedia":[{"embeddable":true,"href":"https:\/\/noticiasbahia360.com.br\/index.php?rest_route=\/wp\/v2\/media\/128809"}],"wp:attachment":[{"href":"https:\/\/noticiasbahia360.com.br\/index.php?rest_route=%2Fwp%2Fv2%2Fmedia&parent=128808"}],"wp:term":[{"taxonomy":"category","embeddable":true,"href":"https:\/\/noticiasbahia360.com.br\/index.php?rest_route=%2Fwp%2Fv2%2Fcategories&post=128808"},{"taxonomy":"post_tag","embeddable":true,"href":"https:\/\/noticiasbahia360.com.br\/index.php?rest_route=%2Fwp%2Fv2%2Ftags&post=128808"}],"curies":[{"name":"wp","href":"https:\/\/api.w.org\/{rel}","templated":true}]}}