{"id":128810,"date":"2026-04-28T22:30:55","date_gmt":"2026-04-29T01:30:55","guid":{"rendered":"https:\/\/noticiasbahia360.com.br\/?p=128810"},"modified":"2026-04-28T22:30:55","modified_gmt":"2026-04-29T01:30:55","slug":"arrecadacao-federal-atinge-r-2292-bilhoes-em-marco-deste-ano","status":"publish","type":"post","link":"https:\/\/noticiasbahia360.com.br\/?p=128810","title":{"rendered":"Arrecada\u00e7\u00e3o federal atinge R$ 229,2 bilh\u00f5es em mar\u00e7o deste ano"},"content":{"rendered":"<div>\n<div>\n<figure><img decoding=\"async\" src=\"http:\/\/noticiasbahia360.com.br\/wp-content\/uploads\/2026\/04\/Receita-Federal-Foto-Marcelo-Camargo-Agencia-Brasil-300126.jpg\" alt=\"Receita Federal\"><figcaption>Receita Federal | Foto: Marcelo Camargo\/ Ag\u00eancia Brasil <\/figcaption><\/figure>\n<\/div>\n<p>Ag\u00eancia Brasil \u2014\u00a0A arrecada\u00e7\u00e3o de impostos e contribui\u00e7\u00f5es do governo federal atingiu R$ 229,2 bilh\u00f5es em mar\u00e7o de 2026, divulgou a Receita Federal nesta ter\u00e7a-feira (28).<\/p>\n<p><strong>Maior valor registrado para o m\u00eas desde o in\u00edcio da s\u00e9rie hist\u00f3rica, em 1995, o resultado representa crescimento real de 4,99% em rela\u00e7\u00e3o a mar\u00e7o do ano passado, j\u00e1 descontada a infla\u00e7\u00e3o.<\/strong><\/p>\n<p>No acumulado do primeiro trimestre, tamb\u00e9m houve recorde: o governo arrecadou R$ 777,12 bilh\u00f5es, com alta real de 4,6% na compara\u00e7\u00e3o com o mesmo per\u00edodo de 2025.<\/p>\n<h2 class=\"wp-block-heading\" id=\"h-principais-numeros\">Principais n\u00fameros<\/h2>\n<ul class=\"wp-block-list\">\n<li>R$ 229,2 bilh\u00f5es: arrecada\u00e7\u00e3o em mar\u00e7o (recorde para o m\u00eas);<\/li>\n<li>+4,99%: crescimento real frente a mar\u00e7o de 2025;<\/li>\n<li>R$ 777,12 bilh\u00f5es: arrecada\u00e7\u00e3o no 1\u00ba trimestre (recorde);<\/li>\n<li>+4,6%: alta real no trimestre;<\/li>\n<li>R$ 8,3 bilh\u00f5es: arrecada\u00e7\u00e3o com Imposto sobre Opera\u00e7\u00f5es Financeiras (IOF) em mar\u00e7o;<\/li>\n<li>+50,06%: crescimento real do IOF no m\u00eas;<\/li>\n<li>+44,45%: alta do IOF no acumulado do ano.<\/li>\n<\/ul>\n<h2 class=\"wp-block-heading\" id=\"h-o-que-explica-o-aumento\">O que explica o aumento<\/h2>\n<p>Segundo o Fisco, o crescimento da arrecada\u00e7\u00e3o foi impulsionado principalmente por:<\/p>\n<ul class=\"wp-block-list\">\n<li>Aumento da contribui\u00e7\u00e3o para a Previd\u00eancia Social \u00a0(ligada aos sal\u00e1rios);<\/li>\n<li>Desempenho do Programa de Integra\u00e7\u00e3o Social (PIS) e da Contribui\u00e7\u00e3o sobre Financiamento da Seguridade Social (Cofins), que incidem sobre consumo e servi\u00e7os;<\/li>\n<li>Alta na arrecada\u00e7\u00e3o do Imposto de Renda Retido na Fonte (IRRF) sobre rendimentos de capital;<\/li>\n<li>Forte crescimento do IOF.<\/li>\n<\/ul>\n<p>O avan\u00e7o do IOF, em especial, est\u00e1 ligado a mudan\u00e7as nas regras do imposto adotadas em 2025, que elevaram a tributa\u00e7\u00e3o sobre opera\u00e7\u00f5es de cr\u00e9dito e c\u00e2mbio.<\/p>\n<p>Al\u00e9m disso, o aumento do emprego formal e da massa salarial ajudou a elevar a base de arrecada\u00e7\u00e3o, j\u00e1 que mais trabalhadores passaram a contribuir.<\/p>\n<p>O resultado tamb\u00e9m reflete dois fatores principais:<\/p>\n<ul class=\"wp-block-list\">\n<li>Crescimento da atividade econ\u00f4mica, que aumenta consumo e renda;<\/li>\n<li>Mudan\u00e7as tribut\u00e1rias adotadas nos \u00faltimos anos.<\/li>\n<\/ul>\n<p>Entre essas medidas, est\u00e3o ajustes na tributa\u00e7\u00e3o de investimentos, reonera\u00e7\u00e3o de setores e aumento de impostos sobre opera\u00e7\u00f5es financeiras e importa\u00e7\u00f5es.<\/p>\n<h2 class=\"wp-block-heading\" id=\"h-relacao-com-as-contas-publicas\">Rela\u00e7\u00e3o com as contas p\u00fablicas<\/h2>\n<p>A arrecada\u00e7\u00e3o \u00e9 uma das principais fontes de receita do governo e tem papel central no cumprimento da meta fiscal. Para 2026, a meta oficial \u00e9 gerar um super\u00e1vit equivalente a 0,25% do Produto Interno Bruto (PIB).<\/p>\n<p>Na pr\u00e1tica, o aumento da arrecada\u00e7\u00e3o ajuda o governo a reduzir o d\u00e9ficit das contas p\u00fablicas, embora proje\u00e7\u00f5es ainda indiquem possibilidade de resultado negativo ao final do ano.<\/p>\n<h2 class=\"wp-block-heading\" id=\"h-tributacao-de-dividendos\">Tributa\u00e7\u00e3o de dividendos<\/h2>\n<p>Um dos fatores recentes que tamb\u00e9m come\u00e7am a contribuir para a arrecada\u00e7\u00e3o \u00e9 a taxa\u00e7\u00e3o de dividendos. Em mar\u00e7o, o governo arrecadou cerca de R$ 308 milh\u00f5es com esse tipo de tributa\u00e7\u00e3o.<\/p>\n<p>A medida passou a valer em 2026 e prev\u00ea a cobran\u00e7a de 10% de imposto sobre dividendos acima de R$ 50 mil recebidos por pessoas f\u00edsicas.<\/p>\n<p>A mudan\u00e7a foi adotada como forma de compensar a amplia\u00e7\u00e3o da faixa de isen\u00e7\u00e3o do Imposto de Renda para quem ganha at\u00e9 R$ 5 mil por m\u00eas.<\/p>\n<p>Embora ainda represente uma parcela pequena do total arrecadado, a expectativa \u00e9 que essa fonte de receita ganhe relev\u00e2ncia ao longo do tempo.<\/p>\n<h2 class=\"wp-block-heading\" id=\"h-tendencia\">Tend\u00eancia<\/h2>\n<p>Os dados mostram que 2026 come\u00e7ou com arrecada\u00e7\u00e3o em n\u00edveis historicamente elevados, repetindo o padr\u00e3o observado em 2025. O desempenho ao longo do ano depender\u00e1 da evolu\u00e7\u00e3o da economia, do mercado de trabalho e de novas medidas fiscais.<\/p>\n<p><em>Siga o Acorda Cidade no<\/em><a href=\"https:\/\/news.google.com\/search?q=acorda%20cidade&amp;hl=pt-BR&amp;gl=BR&amp;ceid=BR%3Apt-419\"><strong><em>\u00a0Google Not\u00edcias<\/em><\/strong><\/a><em>\u00a0e receba os principais destaques do dia. Participe tamb\u00e9m dos nossos canais no\u00a0<\/em><a href=\"https:\/\/www.whatsapp.com\/channel\/0029Va6Rb4v3WHTNnsh8WI3N\"><strong><em>WhatsApp<\/em><\/strong><\/a><em>\u00a0e\u00a0<\/em><a href=\"https:\/\/www.youtube.com\/@acordacidadenoticias\/videos\"><strong>YouTube<\/strong><\/a><em>\u00a0e no grupo de\u00a0<\/em><a href=\"https:\/\/t.me\/+sSz0khrgARA0ZmRh\"><strong><em>Telegram<\/em><\/strong><\/a><em>.<\/em><\/p>\n<\/div>\n","protected":false},"excerpt":{"rendered":"<div>\n<div>\n<figure><img decoding=\"async\" src=\"https:\/\/www.acordacidade.com.br\/wp-content\/uploads\/2026\/01\/Receita-Federal-Foto-Marcelo-Camargo-Agencia-Brasil-300126.jpg\" alt=\"Receita Federal\"><figcaption>Receita Federal | Foto: Marcelo Camargo\/ Ag\u00eancia Brasil <\/figcaption><\/figure>\n<\/div>\n<p>Resultado \u00e9 o maior desde in\u00edcio da s\u00e9rie em 1995, e representa crescimento real de 4,99% em rela\u00e7\u00e3o a mar\u00e7o do ano passado.<\/p><\/div>\n","protected":false},"author":1,"featured_media":128811,"comment_status":"closed","ping_status":"closed","sticky":false,"template":"","format":"gallery","meta":{"footnotes":""},"categories":[8,9,6,57,56,10],"tags":[],"class_list":["post-128810","post","type-post","status-publish","format-gallery","has-post-thumbnail","hentry","category-bahia","category-brasil","category-feira-de-santana","category-mundo","category-policia","category-politica","post_format-post-format-gallery"],"featured_image_urls":{"full":["https:\/\/noticiasbahia360.com.br\/wp-content\/uploads\/2026\/04\/Receita-Federal-Foto-Marcelo-Camargo-Agencia-Brasil-300126.jpg",1200,718,false],"thumbnail":["https:\/\/noticiasbahia360.com.br\/wp-content\/uploads\/2026\/04\/Receita-Federal-Foto-Marcelo-Camargo-Agencia-Brasil-300126-150x150.jpg",150,150,true],"medium":["https:\/\/noticiasbahia360.com.br\/wp-content\/uploads\/2026\/04\/Receita-Federal-Foto-Marcelo-Camargo-Agencia-Brasil-300126-300x180.jpg",300,180,true],"medium_large":["https:\/\/noticiasbahia360.com.br\/wp-content\/uploads\/2026\/04\/Receita-Federal-Foto-Marcelo-Camargo-Agencia-Brasil-300126-768x460.jpg",640,383,true],"large":["https:\/\/noticiasbahia360.com.br\/wp-content\/uploads\/2026\/04\/Receita-Federal-Foto-Marcelo-Camargo-Agencia-Brasil-300126-1024x613.jpg",640,383,true],"1536x1536":["https:\/\/noticiasbahia360.com.br\/wp-content\/uploads\/2026\/04\/Receita-Federal-Foto-Marcelo-Camargo-Agencia-Brasil-300126.jpg",1200,718,false],"2048x2048":["https:\/\/noticiasbahia360.com.br\/wp-content\/uploads\/2026\/04\/Receita-Federal-Foto-Marcelo-Camargo-Agencia-Brasil-300126.jpg",1200,718,false],"chromenews-featured":["https:\/\/noticiasbahia360.com.br\/wp-content\/uploads\/2026\/04\/Receita-Federal-Foto-Marcelo-Camargo-Agencia-Brasil-300126-1024x613.jpg",1024,613,true],"chromenews-large":["https:\/\/noticiasbahia360.com.br\/wp-content\/uploads\/2026\/04\/Receita-Federal-Foto-Marcelo-Camargo-Agencia-Brasil-300126-825x575.jpg",825,575,true],"chromenews-medium":["https:\/\/noticiasbahia360.com.br\/wp-content\/uploads\/2026\/04\/Receita-Federal-Foto-Marcelo-Camargo-Agencia-Brasil-300126-590x410.jpg",590,410,true]},"author_info":{"display_name":"noticiasbahia360.com.br","author_link":"https:\/\/noticiasbahia360.com.br\/?author=1"},"category_info":"<a href=\"https:\/\/noticiasbahia360.com.br\/?cat=8\" rel=\"category\">Bahia<\/a> <a href=\"https:\/\/noticiasbahia360.com.br\/?cat=9\" rel=\"category\">Brasil<\/a> <a href=\"https:\/\/noticiasbahia360.com.br\/?cat=6\" rel=\"category\">Feira de Santana<\/a> <a href=\"https:\/\/noticiasbahia360.com.br\/?cat=57\" rel=\"category\">Mundo<\/a> <a href=\"https:\/\/noticiasbahia360.com.br\/?cat=56\" rel=\"category\">Pol\u00edcia<\/a> <a href=\"https:\/\/noticiasbahia360.com.br\/?cat=10\" rel=\"category\">Pol\u00edtica<\/a>","tag_info":"Pol\u00edtica","comment_count":"0","_links":{"self":[{"href":"https:\/\/noticiasbahia360.com.br\/index.php?rest_route=\/wp\/v2\/posts\/128810","targetHints":{"allow":["GET"]}}],"collection":[{"href":"https:\/\/noticiasbahia360.com.br\/index.php?rest_route=\/wp\/v2\/posts"}],"about":[{"href":"https:\/\/noticiasbahia360.com.br\/index.php?rest_route=\/wp\/v2\/types\/post"}],"author":[{"embeddable":true,"href":"https:\/\/noticiasbahia360.com.br\/index.php?rest_route=\/wp\/v2\/users\/1"}],"replies":[{"embeddable":true,"href":"https:\/\/noticiasbahia360.com.br\/index.php?rest_route=%2Fwp%2Fv2%2Fcomments&post=128810"}],"version-history":[{"count":0,"href":"https:\/\/noticiasbahia360.com.br\/index.php?rest_route=\/wp\/v2\/posts\/128810\/revisions"}],"wp:featuredmedia":[{"embeddable":true,"href":"https:\/\/noticiasbahia360.com.br\/index.php?rest_route=\/wp\/v2\/media\/128811"}],"wp:attachment":[{"href":"https:\/\/noticiasbahia360.com.br\/index.php?rest_route=%2Fwp%2Fv2%2Fmedia&parent=128810"}],"wp:term":[{"taxonomy":"category","embeddable":true,"href":"https:\/\/noticiasbahia360.com.br\/index.php?rest_route=%2Fwp%2Fv2%2Fcategories&post=128810"},{"taxonomy":"post_tag","embeddable":true,"href":"https:\/\/noticiasbahia360.com.br\/index.php?rest_route=%2Fwp%2Fv2%2Ftags&post=128810"}],"curies":[{"name":"wp","href":"https:\/\/api.w.org\/{rel}","templated":true}]}}