{"id":128814,"date":"2026-04-28T22:46:09","date_gmt":"2026-04-29T01:46:09","guid":{"rendered":"https:\/\/noticiasbahia360.com.br\/?p=128814"},"modified":"2026-04-28T22:46:09","modified_gmt":"2026-04-29T01:46:09","slug":"ibge-confirma-primeiro-censo-da-populacao-em-situacao-de-rua-para-2028","status":"publish","type":"post","link":"https:\/\/noticiasbahia360.com.br\/?p=128814","title":{"rendered":"IBGE confirma primeiro censo da popula\u00e7\u00e3o em situa\u00e7\u00e3o de rua para 2028"},"content":{"rendered":"<div>\n<div>\n<figure><img decoding=\"async\" src=\"http:\/\/noticiasbahia360.com.br\/wp-content\/uploads\/2026\/04\/Populacao-em-situacao-de-rua-Foto-Antonio-Cruz-Agencia-Brasil.jpg\" alt=\"Popula\u00e7\u00e3o em situa\u00e7\u00e3o de rua\"><figcaption>Foto: Ant\u00f4nio Cruz\/ Ag\u00eancia Brasil<\/figcaption><\/figure>\n<\/div>\n<p>Ag\u00eancia Brasil \u2014\u00a0O Instituto Brasileiro de Geografia e Estat\u00edstica (IBGE) realizar\u00e1, entre 3 e 7 de julho de 2028,\u00a0o 1\u00ba Censo Nacional da Popula\u00e7\u00e3o em Situa\u00e7\u00e3o de Rua.\u00a0<strong>Os primeiros resultados da pesquisa devem ser divulgados em dezembro de 2028.<\/strong><img decoding=\"async\" src=\"https:\/\/agenciabrasil.ebc.com.br\/ebc.png?id=1687536&amp;o=node\"><img decoding=\"async\" src=\"https:\/\/agenciabrasil.ebc.com.br\/ebc.gif?id=1687536&amp;o=node\"><\/p>\n<p>A iniciativa in\u00e9dita no pa\u00eds foi anunciada pelo instituto nesta semana, com eventos de lan\u00e7amento em Bel\u00e9m, na segunda-feira (27), e no Rio de Janeiro, nesta ter\u00e7a-feira (28). Outra agenda\u00a0est\u00e1 marcada\u00a0para S\u00e3o Paulo, na pr\u00f3xima quinta-feira (30).\u00a0<\/p>\n<p>Presente no evento realizado nesta ter\u00e7a no Centro de Atendimento Integrado \u00e0s Pessoas em Situa\u00e7\u00e3o de Rua do Rio de Janeiro (Cipop-RUA\/RJ),\u00a0<strong>o presidente do IBGE, Marcio Pochmann, afirmou que a metodologia do instituto se tornar\u00e1 refer\u00eancia para outros pa\u00edses<\/strong>.<\/p>\n<p>Na avalia\u00e7\u00e3o de Pochmann, identificar o perfil e a origem desses brasileiros poder\u00e1 servir de base para uma transforma\u00e7\u00e3o das pol\u00edticas p\u00fablicas, \u201cpara que n\u00e3o precisemos mais fazer levantamento dessa popula\u00e7\u00e3o sem domic\u00edlio fixo\u201d, afirmou.<\/p>\n<p>O presidente do IBGE lembrou que a primeira experi\u00eancia de contagem de moradores em situa\u00e7\u00e3o de rua ocorreu na cidade de S\u00e3o Paulo, na virada da d\u00e9cada de 1980 para 1990.<\/p>\n<p>Em 1991, foram identificadas na capital paulista 3.393 pessoas em situa\u00e7\u00e3o de rua. O \u00faltimo levantamento,\u00a0em 2025, mostrou que esse n\u00famero aumentou para\u00a0101 mil pessoas.<\/p>\n<h2 class=\"wp-block-heading\" id=\"h-orcamento\">Or\u00e7amento<\/h2>\n<p>Para Pochmann, essa \u201cexplos\u00e3o\u201d de brasileiros sem domic\u00edlio \u201cn\u00e3o pode estar sob o esfor\u00e7o de prefeituras e de governos estaduais\u201d, mas precisa ser encarado nacionalmente, como prop\u00f4s o presidente Luiz In\u00e1cio Lula da Silva.<\/p>\n<p>\u201cPara isso, \u00e9 necess\u00e1rio or\u00e7amento p\u00fablico, definido em Bras\u00edlia\u00a0e votado por parlamentares. Tem que ter garantia or\u00e7ament\u00e1ria para poder realizar esse projeto\u201d, defendeu Pochmann.<\/p>\n<p>Segundo o presidente do IBGE, os recursos para o 1\u00ba Censo Nacional da Popula\u00e7\u00e3o em Situa\u00e7\u00e3o de Rua estar\u00e3o na proposta or\u00e7ament\u00e1ria que ser\u00e1 enviada pelo governo federal ao Congresso Nacional em agosto.<\/p>\n<p><strong>Marcio Pochmann acredita que o levantamento significar\u00e1 o pagamento de uma d\u00edvida do IBGE para com essas pessoas e colocar\u00e1 luz sobre esses brasileiros\u00a0at\u00e9 ent\u00e3o\u00a0invis\u00edveis.\u00a0<\/strong><\/p>\n<p>O IBGE ressaltou que o censo, desenvolvido em parceria com institui\u00e7\u00f5es e movimentos sociais, representa um marco na produ\u00e7\u00e3o de informa\u00e7\u00f5es oficiais, com metodologia pr\u00f3pria constru\u00edda em di\u00e1logo com a sociedade civil.<\/p>\n<h2 class=\"wp-block-heading\" id=\"h-discriminacao\">Discrimina\u00e7\u00e3o<\/h2>\n<p>O morador em situa\u00e7\u00e3o de rua Igor Santos participou do evento de lan\u00e7amento no Rio de Janeiro e\u00a0destacou que, muitas vezes, s\u00e3o as circunst\u00e2ncias da vida, e n\u00e3o a vontade pr\u00f3pria, que levam uma pessoa a viver nas ruas.\u00a0<\/p>\n<p>\u201cMuitas das vezes, somos discriminados, somos olhados com olhares de menosprezo. Ent\u00e3o, eu vim aqui para poder pedir ajuda\u201d.<\/p>\n<p>H\u00e1 quatro anos fora das ruas, o secret\u00e1rio-geral do Movimento Nacional da Popula\u00e7\u00e3o de Rua do Rio de Janeiro, Fl\u00e1vio Lino,\u00a0acredita que a realiza\u00e7\u00e3o da pesquisa\u00a0\u201cmexe\u00a0com a estrutura do pa\u00eds\u201d.<\/p>\n<p>Ele afirmou que pessoas com trajet\u00f3ria de rua ser\u00e3o contratadas para participar da realiza\u00e7\u00e3o do censo, e que as\u00a020 coordena\u00e7\u00f5es nacionais do movimento\u00a0v\u00e3o colaborar para que o levantamento\u00a0tenha um resultado correto.<\/p>\n<p><em>Siga o Acorda Cidade no<\/em><a href=\"https:\/\/news.google.com\/search?q=acorda%20cidade&amp;hl=pt-BR&amp;gl=BR&amp;ceid=BR%3Apt-419\"><strong><em>\u00a0Google Not\u00edcias<\/em><\/strong><\/a><em>\u00a0e receba os principais destaques do dia. Participe tamb\u00e9m dos nossos canais no\u00a0<\/em><a href=\"https:\/\/www.whatsapp.com\/channel\/0029Va6Rb4v3WHTNnsh8WI3N\"><strong><em>WhatsApp<\/em><\/strong><\/a><em>\u00a0e\u00a0<\/em><a href=\"https:\/\/www.youtube.com\/@acordacidadenoticias\/videos\"><strong>YouTube<\/strong><\/a><em>\u00a0e no grupo de\u00a0<\/em><a href=\"https:\/\/t.me\/+sSz0khrgARA0ZmRh\"><strong><em>Telegram<\/em><\/strong><\/a><em>.<\/em><\/p>\n<\/div>\n","protected":false},"excerpt":{"rendered":"<div>\n<div>\n<figure><img decoding=\"async\" src=\"https:\/\/uploads.acordacidade.com.br\/2026\/04\/Populacao-em-situacao-de-rua-Foto-Antonio-Cruz-Agencia-Brasil.jpg\" alt=\"Popula\u00e7\u00e3o em situa\u00e7\u00e3o de rua\"><figcaption>Foto: Ant\u00f4nio Cruz\/ Ag\u00eancia Brasil<\/figcaption><\/figure>\n<\/div>\n<p>Em 1991, haviam 3.393 pessoas em situa\u00e7\u00e3o de rua na capital paulista. O levantamento de 2025 mostrou que agora s\u00e3o\u00a0101 mil pessoas.<\/p><\/div>\n","protected":false},"author":1,"featured_media":128815,"comment_status":"closed","ping_status":"closed","sticky":false,"template":"","format":"gallery","meta":{"footnotes":""},"categories":[8,9,6,57,56,10],"tags":[],"class_list":["post-128814","post","type-post","status-publish","format-gallery","has-post-thumbnail","hentry","category-bahia","category-brasil","category-feira-de-santana","category-mundo","category-policia","category-politica","post_format-post-format-gallery"],"featured_image_urls":{"full":["https:\/\/noticiasbahia360.com.br\/wp-content\/uploads\/2026\/04\/Populacao-em-situacao-de-rua-Foto-Antonio-Cruz-Agencia-Brasil.jpg",1200,718,false],"thumbnail":["https:\/\/noticiasbahia360.com.br\/wp-content\/uploads\/2026\/04\/Populacao-em-situacao-de-rua-Foto-Antonio-Cruz-Agencia-Brasil-150x150.jpg",150,150,true],"medium":["https:\/\/noticiasbahia360.com.br\/wp-content\/uploads\/2026\/04\/Populacao-em-situacao-de-rua-Foto-Antonio-Cruz-Agencia-Brasil-300x180.jpg",300,180,true],"medium_large":["https:\/\/noticiasbahia360.com.br\/wp-content\/uploads\/2026\/04\/Populacao-em-situacao-de-rua-Foto-Antonio-Cruz-Agencia-Brasil-768x460.jpg",640,383,true],"large":["https:\/\/noticiasbahia360.com.br\/wp-content\/uploads\/2026\/04\/Populacao-em-situacao-de-rua-Foto-Antonio-Cruz-Agencia-Brasil-1024x613.jpg",640,383,true],"1536x1536":["https:\/\/noticiasbahia360.com.br\/wp-content\/uploads\/2026\/04\/Populacao-em-situacao-de-rua-Foto-Antonio-Cruz-Agencia-Brasil.jpg",1200,718,false],"2048x2048":["https:\/\/noticiasbahia360.com.br\/wp-content\/uploads\/2026\/04\/Populacao-em-situacao-de-rua-Foto-Antonio-Cruz-Agencia-Brasil.jpg",1200,718,false],"chromenews-featured":["https:\/\/noticiasbahia360.com.br\/wp-content\/uploads\/2026\/04\/Populacao-em-situacao-de-rua-Foto-Antonio-Cruz-Agencia-Brasil-1024x613.jpg",1024,613,true],"chromenews-large":["https:\/\/noticiasbahia360.com.br\/wp-content\/uploads\/2026\/04\/Populacao-em-situacao-de-rua-Foto-Antonio-Cruz-Agencia-Brasil-825x575.jpg",825,575,true],"chromenews-medium":["https:\/\/noticiasbahia360.com.br\/wp-content\/uploads\/2026\/04\/Populacao-em-situacao-de-rua-Foto-Antonio-Cruz-Agencia-Brasil-590x410.jpg",590,410,true]},"author_info":{"display_name":"noticiasbahia360.com.br","author_link":"https:\/\/noticiasbahia360.com.br\/?author=1"},"category_info":"<a href=\"https:\/\/noticiasbahia360.com.br\/?cat=8\" rel=\"category\">Bahia<\/a> <a href=\"https:\/\/noticiasbahia360.com.br\/?cat=9\" rel=\"category\">Brasil<\/a> <a href=\"https:\/\/noticiasbahia360.com.br\/?cat=6\" rel=\"category\">Feira de Santana<\/a> <a href=\"https:\/\/noticiasbahia360.com.br\/?cat=57\" rel=\"category\">Mundo<\/a> <a href=\"https:\/\/noticiasbahia360.com.br\/?cat=56\" rel=\"category\">Pol\u00edcia<\/a> <a href=\"https:\/\/noticiasbahia360.com.br\/?cat=10\" rel=\"category\">Pol\u00edtica<\/a>","tag_info":"Pol\u00edtica","comment_count":"0","_links":{"self":[{"href":"https:\/\/noticiasbahia360.com.br\/index.php?rest_route=\/wp\/v2\/posts\/128814","targetHints":{"allow":["GET"]}}],"collection":[{"href":"https:\/\/noticiasbahia360.com.br\/index.php?rest_route=\/wp\/v2\/posts"}],"about":[{"href":"https:\/\/noticiasbahia360.com.br\/index.php?rest_route=\/wp\/v2\/types\/post"}],"author":[{"embeddable":true,"href":"https:\/\/noticiasbahia360.com.br\/index.php?rest_route=\/wp\/v2\/users\/1"}],"replies":[{"embeddable":true,"href":"https:\/\/noticiasbahia360.com.br\/index.php?rest_route=%2Fwp%2Fv2%2Fcomments&post=128814"}],"version-history":[{"count":0,"href":"https:\/\/noticiasbahia360.com.br\/index.php?rest_route=\/wp\/v2\/posts\/128814\/revisions"}],"wp:featuredmedia":[{"embeddable":true,"href":"https:\/\/noticiasbahia360.com.br\/index.php?rest_route=\/wp\/v2\/media\/128815"}],"wp:attachment":[{"href":"https:\/\/noticiasbahia360.com.br\/index.php?rest_route=%2Fwp%2Fv2%2Fmedia&parent=128814"}],"wp:term":[{"taxonomy":"category","embeddable":true,"href":"https:\/\/noticiasbahia360.com.br\/index.php?rest_route=%2Fwp%2Fv2%2Fcategories&post=128814"},{"taxonomy":"post_tag","embeddable":true,"href":"https:\/\/noticiasbahia360.com.br\/index.php?rest_route=%2Fwp%2Fv2%2Ftags&post=128814"}],"curies":[{"name":"wp","href":"https:\/\/api.w.org\/{rel}","templated":true}]}}