{"id":128816,"date":"2026-04-28T22:56:12","date_gmt":"2026-04-29T01:56:12","guid":{"rendered":"https:\/\/noticiasbahia360.com.br\/?p=128816"},"modified":"2026-04-28T22:56:12","modified_gmt":"2026-04-29T01:56:12","slug":"operacao-prende-no-distrito-federal-suspeito-de-ser-um-dos-principais-lideres-criminosos-de-guanambi","status":"publish","type":"post","link":"https:\/\/noticiasbahia360.com.br\/?p=128816","title":{"rendered":"Opera\u00e7\u00e3o prende no Distrito Federal suspeito de ser um dos principais l\u00edderes criminosos de Guanambi"},"content":{"rendered":"<div>\n<div>\n<figure><img decoding=\"async\" src=\"http:\/\/noticiasbahia360.com.br\/wp-content\/uploads\/2026\/04\/Policia-Civil-Foto-ilustrativa-Divulgacao-Ascom-PCBA.jpg\" alt=\"Pol\u00edcia Civil\"><figcaption>Foto: Ilustrativa\/ Divulga\u00e7\u00e3o\/ Ascom-PCBA<\/figcaption><\/figure>\n<\/div>\n<p>A Pol\u00edcia Civil da Bahia deflagrou, nesta ter\u00e7a-feira (28), a Opera\u00e7\u00e3o \u201c\u00c9gide\u201d, com o objetivo de cumprir seis mandados de pris\u00e3o contra um homem, de 40 anos, investigado por homic\u00eddio qualificado. A a\u00e7\u00e3o ocorreu na \u00e1rea rural do Parano\u00e1, no Distrito Federal.<\/p>\n<p>O investigado \u00e9 apontado como um dos l\u00edderes de organiza\u00e7\u00e3o criminosa atuante em Guanambi e regi\u00e3o, vinculada ao tr\u00e1fico de drogas e respons\u00e1vel por diversos crimes violentos. Todos os mandados est\u00e3o relacionados \u00e0 pr\u00e1tica de homic\u00eddio qualificado, evidenciando a gravidade das condutas e a atua\u00e7\u00e3o reiterada do suspeito.<\/p>\n<p>A a\u00e7\u00e3o foi realizada por equipes da 22\u00aa Coordenadoria Regional de Pol\u00edcia do Interior (Coorpin\/Guanambi) e do Grupo de Apoio T\u00e9cnico e T\u00e1tico \u00e0 Investiga\u00e7\u00e3o (Gatti\/Semi\u00e1rido), em atua\u00e7\u00e3o integrada com a Pol\u00edcia Civil do Distrito Federal (PCDF).<\/p>\n<p>A opera\u00e7\u00e3o tamb\u00e9m contou com o apoio da Coordena\u00e7\u00e3o de Repress\u00e3o aos Crimes Patrimoniais \/ Divis\u00e3o de Repress\u00e3o a Roubos e Furtos de Ve\u00edculos (Corpatri\/DRFV) e da Divis\u00e3o de An\u00e1lise Log\u00edstica e Operacional (Debate\/Dalop), ambas do Distrito Federal.<\/p>\n<p>O investigado foi conduzido \u00e0 unidade policial competente no Distrito Federal, onde foram adotadas as medidas legais cab\u00edveis, permanecendo \u00e0 disposi\u00e7\u00e3o do Poder Judici\u00e1rio.<\/p>\n<p>\u201cA Opera\u00e7\u00e3o \u00c9gide refor\u00e7a o compromisso das for\u00e7as de seguran\u00e7a p\u00fablica no combate \u00e0 criminalidade violenta e organizada, demonstrando a efici\u00eancia da atua\u00e7\u00e3o conjunta entre as institui\u00e7\u00f5es policiais no enfrentamento ao crime, sem limita\u00e7\u00f5es territoriais\u201d, ressaltou o coordenador da 22\u00aa Coorpin de Guanambi, delegado Zanderlan Fernandes.<\/p>\n<p><em>Siga o Acorda Cidade no\u00a0<\/em><a href=\"https:\/\/news.google.com\/search?q=acorda%20cidade&amp;hl=pt-BR&amp;gl=BR&amp;ceid=BR%3Apt-419\"><strong><em>Google Not\u00edcias<\/em><\/strong><\/a><em>\u00a0e receba os principais destaques do dia. Participe tamb\u00e9m dos nossos canais no\u00a0<\/em><a href=\"https:\/\/www.whatsapp.com\/channel\/0029Va6Rb4v3WHTNnsh8WI3N\"><strong><em>WhatsApp<\/em><\/strong><\/a><em>\u00a0e\u00a0<\/em><a href=\"https:\/\/www.youtube.com\/@acordacidadenoticias\/videos\"><strong>YouTube<\/strong><\/a><em>\u00a0e grupo de\u00a0<\/em><a href=\"https:\/\/t.me\/+sSz0khrgARA0ZmRh\"><strong><em>Telegram<\/em><\/strong><\/a><em>.<\/em><\/p>\n<\/div>\n","protected":false},"excerpt":{"rendered":"<div>\n<div>\n<figure><img decoding=\"async\" src=\"https:\/\/uploads.acordacidade.com.br\/2026\/04\/Policia-Civil-Foto-ilustrativa-Divulgacao-Ascom-PCBA.jpg\" alt=\"Pol\u00edcia Civil\"><figcaption>Foto: Ilustrativa\/ Divulga\u00e7\u00e3o\/ Ascom-PCBA<\/figcaption><\/figure>\n<\/div>\n<p>A Opera\u00e7\u00e3o \u201c\u00c9gide\u201d cumpriu seis mandados de pris\u00e3o relacionados a homic\u00eddios qualificados cometidos por um \u00fanico suspeito.<\/p><\/div>\n","protected":false},"author":1,"featured_media":128817,"comment_status":"closed","ping_status":"closed","sticky":false,"template":"","format":"gallery","meta":{"footnotes":""},"categories":[8,9,6,57,56,10],"tags":[],"class_list":["post-128816","post","type-post","status-publish","format-gallery","has-post-thumbnail","hentry","category-bahia","category-brasil","category-feira-de-santana","category-mundo","category-policia","category-politica","post_format-post-format-gallery"],"featured_image_urls":{"full":["https:\/\/noticiasbahia360.com.br\/wp-content\/uploads\/2026\/04\/Policia-Civil-Foto-ilustrativa-Divulgacao-Ascom-PCBA.jpg",1200,800,false],"thumbnail":["https:\/\/noticiasbahia360.com.br\/wp-content\/uploads\/2026\/04\/Policia-Civil-Foto-ilustrativa-Divulgacao-Ascom-PCBA-150x150.jpg",150,150,true],"medium":["https:\/\/noticiasbahia360.com.br\/wp-content\/uploads\/2026\/04\/Policia-Civil-Foto-ilustrativa-Divulgacao-Ascom-PCBA-300x200.jpg",300,200,true],"medium_large":["https:\/\/noticiasbahia360.com.br\/wp-content\/uploads\/2026\/04\/Policia-Civil-Foto-ilustrativa-Divulgacao-Ascom-PCBA-768x512.jpg",640,427,true],"large":["https:\/\/noticiasbahia360.com.br\/wp-content\/uploads\/2026\/04\/Policia-Civil-Foto-ilustrativa-Divulgacao-Ascom-PCBA-1024x683.jpg",640,427,true],"1536x1536":["https:\/\/noticiasbahia360.com.br\/wp-content\/uploads\/2026\/04\/Policia-Civil-Foto-ilustrativa-Divulgacao-Ascom-PCBA.jpg",1200,800,false],"2048x2048":["https:\/\/noticiasbahia360.com.br\/wp-content\/uploads\/2026\/04\/Policia-Civil-Foto-ilustrativa-Divulgacao-Ascom-PCBA.jpg",1200,800,false],"chromenews-featured":["https:\/\/noticiasbahia360.com.br\/wp-content\/uploads\/2026\/04\/Policia-Civil-Foto-ilustrativa-Divulgacao-Ascom-PCBA-1024x683.jpg",1024,683,true],"chromenews-large":["https:\/\/noticiasbahia360.com.br\/wp-content\/uploads\/2026\/04\/Policia-Civil-Foto-ilustrativa-Divulgacao-Ascom-PCBA-825x575.jpg",825,575,true],"chromenews-medium":["https:\/\/noticiasbahia360.com.br\/wp-content\/uploads\/2026\/04\/Policia-Civil-Foto-ilustrativa-Divulgacao-Ascom-PCBA-590x410.jpg",590,410,true]},"author_info":{"display_name":"noticiasbahia360.com.br","author_link":"https:\/\/noticiasbahia360.com.br\/?author=1"},"category_info":"<a href=\"https:\/\/noticiasbahia360.com.br\/?cat=8\" rel=\"category\">Bahia<\/a> <a href=\"https:\/\/noticiasbahia360.com.br\/?cat=9\" rel=\"category\">Brasil<\/a> <a href=\"https:\/\/noticiasbahia360.com.br\/?cat=6\" rel=\"category\">Feira de Santana<\/a> <a href=\"https:\/\/noticiasbahia360.com.br\/?cat=57\" rel=\"category\">Mundo<\/a> <a href=\"https:\/\/noticiasbahia360.com.br\/?cat=56\" rel=\"category\">Pol\u00edcia<\/a> <a href=\"https:\/\/noticiasbahia360.com.br\/?cat=10\" rel=\"category\">Pol\u00edtica<\/a>","tag_info":"Pol\u00edtica","comment_count":"0","_links":{"self":[{"href":"https:\/\/noticiasbahia360.com.br\/index.php?rest_route=\/wp\/v2\/posts\/128816","targetHints":{"allow":["GET"]}}],"collection":[{"href":"https:\/\/noticiasbahia360.com.br\/index.php?rest_route=\/wp\/v2\/posts"}],"about":[{"href":"https:\/\/noticiasbahia360.com.br\/index.php?rest_route=\/wp\/v2\/types\/post"}],"author":[{"embeddable":true,"href":"https:\/\/noticiasbahia360.com.br\/index.php?rest_route=\/wp\/v2\/users\/1"}],"replies":[{"embeddable":true,"href":"https:\/\/noticiasbahia360.com.br\/index.php?rest_route=%2Fwp%2Fv2%2Fcomments&post=128816"}],"version-history":[{"count":0,"href":"https:\/\/noticiasbahia360.com.br\/index.php?rest_route=\/wp\/v2\/posts\/128816\/revisions"}],"wp:featuredmedia":[{"embeddable":true,"href":"https:\/\/noticiasbahia360.com.br\/index.php?rest_route=\/wp\/v2\/media\/128817"}],"wp:attachment":[{"href":"https:\/\/noticiasbahia360.com.br\/index.php?rest_route=%2Fwp%2Fv2%2Fmedia&parent=128816"}],"wp:term":[{"taxonomy":"category","embeddable":true,"href":"https:\/\/noticiasbahia360.com.br\/index.php?rest_route=%2Fwp%2Fv2%2Fcategories&post=128816"},{"taxonomy":"post_tag","embeddable":true,"href":"https:\/\/noticiasbahia360.com.br\/index.php?rest_route=%2Fwp%2Fv2%2Ftags&post=128816"}],"curies":[{"name":"wp","href":"https:\/\/api.w.org\/{rel}","templated":true}]}}