{"id":128818,"date":"2026-04-28T23:01:03","date_gmt":"2026-04-29T02:01:03","guid":{"rendered":"https:\/\/noticiasbahia360.com.br\/?p=128818"},"modified":"2026-04-28T23:01:03","modified_gmt":"2026-04-29T02:01:03","slug":"adolescentes-sao-apreendidos-por-suspeita-de-envolvimento-em-atos-infracionais-analogos-ao-abuso-sexual-infantil","status":"publish","type":"post","link":"https:\/\/noticiasbahia360.com.br\/?p=128818","title":{"rendered":"Adolescentes s\u00e3o apreendidos por suspeita de envolvimento em atos infracionais an\u00e1logos ao abuso sexual infantil"},"content":{"rendered":"<div>\n<div>\n<figure><img decoding=\"async\" src=\"http:\/\/noticiasbahia360.com.br\/wp-content\/uploads\/2026\/04\/Policia-Civil-Foto-ilustrativa-Divulgacao-Ascom-PCBA-2.jpg\" alt=\"Pol\u00edcia Civil\"><figcaption>Foto: Ilustrativa\/ Divulga\u00e7\u00e3o\/ Ascom-PCBA<\/figcaption><\/figure>\n<\/div>\n<p>Dois adolescentes foram apreendidos pela Pol\u00edcia Civil da Bahia, nesta ter\u00e7a-feira (28), por envolvimento em atos infracionais an\u00e1logos ao abuso sexual infantil, em Salvador. A a\u00e7\u00e3o fez parte da Opera\u00e7\u00e3o Nacional Prote\u00e7\u00e3o Integral IV, coordenada pela Pol\u00edcia Federal, e foi realizada por equipes da Delegacia para o Adolescente Infrator (DAI).<\/p>\n<p>Durante o cumprimento das ordens judiciais, na resid\u00eancia de um dos investigados, foram apreendidos diversos aparelhos eletr\u00f4nicos, al\u00e9m de arquivos relacionados a abuso sexual infantil e materiais contendo v\u00edtimas em situa\u00e7\u00e3o de automutila\u00e7\u00e3o. Em ato cont\u00ednuo, tamb\u00e9m foram identificados perfis digitais utilizados pelos adolescentes para a pr\u00e1tica dos delitos.<\/p>\n<p>Ap\u00f3s o cumprimento das ordens judiciais, foram adotadas as provid\u00eancias legais, incluindo a comunica\u00e7\u00e3o \u00e0 2\u00aa Vara da Inf\u00e2ncia e Juventude da Comarca de Salvador e o encaminhamento dos adolescentes ao Pronto Atendimento (PA), onde passaram pelos procedimentos legais cab\u00edveis.<\/p>\n<p>A opera\u00e7\u00e3o integra um conjunto de a\u00e7\u00f5es que t\u00eam como finalidade combater crimes de abuso sexual infantil no ambiente f\u00edsico e digital, al\u00e9m de identificar e responsabilizar autores, resgatar v\u00edtimas e conscientizar a sociedade acerca da gravidade dessas pr\u00e1ticas criminosas.<\/p>\n<p><em>Siga o Acorda Cidade no\u00a0<\/em><a href=\"https:\/\/news.google.com\/search?q=acorda%20cidade&amp;hl=pt-BR&amp;gl=BR&amp;ceid=BR%3Apt-419\"><strong><em>Google Not\u00edcias<\/em><\/strong><\/a><em>\u00a0e receba os principais destaques do dia. Participe tamb\u00e9m dos nossos canais no\u00a0<\/em><a href=\"https:\/\/www.whatsapp.com\/channel\/0029Va6Rb4v3WHTNnsh8WI3N\"><strong><em>WhatsApp<\/em><\/strong><\/a><em>\u00a0e\u00a0<\/em><a href=\"https:\/\/www.youtube.com\/@acordacidadenoticias\/videos\"><strong>YouTube<\/strong><\/a><em>\u00a0e grupo de\u00a0<\/em><a href=\"https:\/\/t.me\/+sSz0khrgARA0ZmRh\"><strong><em>Telegram<\/em><\/strong><\/a><em>.<\/em><\/p>\n<\/div>\n","protected":false},"excerpt":{"rendered":"<div>\n<div>\n<figure><img decoding=\"async\" src=\"https:\/\/uploads.acordacidade.com.br\/2026\/04\/Policia-Civil-Foto-ilustrativa-Divulgacao-Ascom-PCBA-2.jpg\" alt=\"Pol\u00edcia Civil\"><figcaption>Foto: Ilustrativa\/ Divulga\u00e7\u00e3o\/ Ascom-PCBA<\/figcaption><\/figure>\n<\/div>\n<p>Tamb\u00e9m foram apreendidos aparelhos eletr\u00f4nicos, arquivos relacionados a abuso sexual infantil e outros materiais.<\/p><\/div>\n","protected":false},"author":1,"featured_media":128819,"comment_status":"closed","ping_status":"closed","sticky":false,"template":"","format":"gallery","meta":{"footnotes":""},"categories":[8,9,6,57,56,10],"tags":[],"class_list":["post-128818","post","type-post","status-publish","format-gallery","has-post-thumbnail","hentry","category-bahia","category-brasil","category-feira-de-santana","category-mundo","category-policia","category-politica","post_format-post-format-gallery"],"featured_image_urls":{"full":["https:\/\/noticiasbahia360.com.br\/wp-content\/uploads\/2026\/04\/Policia-Civil-Foto-ilustrativa-Divulgacao-Ascom-PCBA-2.jpg",1200,869,false],"thumbnail":["https:\/\/noticiasbahia360.com.br\/wp-content\/uploads\/2026\/04\/Policia-Civil-Foto-ilustrativa-Divulgacao-Ascom-PCBA-2-150x150.jpg",150,150,true],"medium":["https:\/\/noticiasbahia360.com.br\/wp-content\/uploads\/2026\/04\/Policia-Civil-Foto-ilustrativa-Divulgacao-Ascom-PCBA-2-300x217.jpg",300,217,true],"medium_large":["https:\/\/noticiasbahia360.com.br\/wp-content\/uploads\/2026\/04\/Policia-Civil-Foto-ilustrativa-Divulgacao-Ascom-PCBA-2-768x556.jpg",640,463,true],"large":["https:\/\/noticiasbahia360.com.br\/wp-content\/uploads\/2026\/04\/Policia-Civil-Foto-ilustrativa-Divulgacao-Ascom-PCBA-2-1024x742.jpg",640,464,true],"1536x1536":["https:\/\/noticiasbahia360.com.br\/wp-content\/uploads\/2026\/04\/Policia-Civil-Foto-ilustrativa-Divulgacao-Ascom-PCBA-2.jpg",1200,869,false],"2048x2048":["https:\/\/noticiasbahia360.com.br\/wp-content\/uploads\/2026\/04\/Policia-Civil-Foto-ilustrativa-Divulgacao-Ascom-PCBA-2.jpg",1200,869,false],"chromenews-featured":["https:\/\/noticiasbahia360.com.br\/wp-content\/uploads\/2026\/04\/Policia-Civil-Foto-ilustrativa-Divulgacao-Ascom-PCBA-2-1024x742.jpg",1024,742,true],"chromenews-large":["https:\/\/noticiasbahia360.com.br\/wp-content\/uploads\/2026\/04\/Policia-Civil-Foto-ilustrativa-Divulgacao-Ascom-PCBA-2-825x575.jpg",825,575,true],"chromenews-medium":["https:\/\/noticiasbahia360.com.br\/wp-content\/uploads\/2026\/04\/Policia-Civil-Foto-ilustrativa-Divulgacao-Ascom-PCBA-2-590x410.jpg",590,410,true]},"author_info":{"display_name":"noticiasbahia360.com.br","author_link":"https:\/\/noticiasbahia360.com.br\/?author=1"},"category_info":"<a href=\"https:\/\/noticiasbahia360.com.br\/?cat=8\" rel=\"category\">Bahia<\/a> <a href=\"https:\/\/noticiasbahia360.com.br\/?cat=9\" rel=\"category\">Brasil<\/a> <a href=\"https:\/\/noticiasbahia360.com.br\/?cat=6\" rel=\"category\">Feira de Santana<\/a> <a href=\"https:\/\/noticiasbahia360.com.br\/?cat=57\" rel=\"category\">Mundo<\/a> <a href=\"https:\/\/noticiasbahia360.com.br\/?cat=56\" rel=\"category\">Pol\u00edcia<\/a> <a href=\"https:\/\/noticiasbahia360.com.br\/?cat=10\" rel=\"category\">Pol\u00edtica<\/a>","tag_info":"Pol\u00edtica","comment_count":"0","_links":{"self":[{"href":"https:\/\/noticiasbahia360.com.br\/index.php?rest_route=\/wp\/v2\/posts\/128818","targetHints":{"allow":["GET"]}}],"collection":[{"href":"https:\/\/noticiasbahia360.com.br\/index.php?rest_route=\/wp\/v2\/posts"}],"about":[{"href":"https:\/\/noticiasbahia360.com.br\/index.php?rest_route=\/wp\/v2\/types\/post"}],"author":[{"embeddable":true,"href":"https:\/\/noticiasbahia360.com.br\/index.php?rest_route=\/wp\/v2\/users\/1"}],"replies":[{"embeddable":true,"href":"https:\/\/noticiasbahia360.com.br\/index.php?rest_route=%2Fwp%2Fv2%2Fcomments&post=128818"}],"version-history":[{"count":0,"href":"https:\/\/noticiasbahia360.com.br\/index.php?rest_route=\/wp\/v2\/posts\/128818\/revisions"}],"wp:featuredmedia":[{"embeddable":true,"href":"https:\/\/noticiasbahia360.com.br\/index.php?rest_route=\/wp\/v2\/media\/128819"}],"wp:attachment":[{"href":"https:\/\/noticiasbahia360.com.br\/index.php?rest_route=%2Fwp%2Fv2%2Fmedia&parent=128818"}],"wp:term":[{"taxonomy":"category","embeddable":true,"href":"https:\/\/noticiasbahia360.com.br\/index.php?rest_route=%2Fwp%2Fv2%2Fcategories&post=128818"},{"taxonomy":"post_tag","embeddable":true,"href":"https:\/\/noticiasbahia360.com.br\/index.php?rest_route=%2Fwp%2Fv2%2Ftags&post=128818"}],"curies":[{"name":"wp","href":"https:\/\/api.w.org\/{rel}","templated":true}]}}