{"id":128820,"date":"2026-04-28T23:06:53","date_gmt":"2026-04-29T02:06:53","guid":{"rendered":"https:\/\/noticiasbahia360.com.br\/?p=128820"},"modified":"2026-04-28T23:06:53","modified_gmt":"2026-04-29T02:06:53","slug":"assembleia-legislativa-aprova-reajuste-escalonado-do-piso-salarial-de-professores-da-rede-estadual","status":"publish","type":"post","link":"https:\/\/noticiasbahia360.com.br\/?p=128820","title":{"rendered":"Assembleia Legislativa aprova reajuste escalonado do piso salarial de professores da rede estadual"},"content":{"rendered":"<div>\n<div>\n<figure><img decoding=\"async\" src=\"http:\/\/noticiasbahia360.com.br\/wp-content\/uploads\/2026\/04\/Alba-Foto-Leonardo-Almeida-Bahia-Noticias.jpg\" alt=\"Alba\"><figcaption>Foto: Leonardo Almeida\/ Bahia Not\u00edcias<\/figcaption><\/figure>\n<\/div>\n<p>A Assembleia Legislativa da Bahia (Alba) aprovou o Projeto de Lei que prev\u00ea o reajuste escalonado do piso salarial dos professores da rede estadual. A proposta, enviada pelo governador Jer\u00f4nimo Rodrigues (PT), prev\u00ea um aumento total de 5,4% no sal\u00e1rio m\u00ednimo da categoria. O PL foi aprovado nesta ter\u00e7a-feira (28), apesar da obstru\u00e7\u00e3o da oposi\u00e7\u00e3o e cr\u00edticas do deputado Hilton Coelho (PSOL).<\/p>\n<p>O bloco da minoria e o parlamentar psolista criticaram a proposta da gest\u00e3o estadual e afirmaram que o reajuste total deveria ser feito de forma imediata. Durante a discuss\u00e3o da mat\u00e9ria, o deputado Luciano Ribeiro (Uni\u00e3o) chegou a dizer que, apesar da readequa\u00e7\u00e3o do piso, o governo do estado ainda n\u00e3o pagaria o sal\u00e1rio m\u00ednimo dos professores.<\/p>\n<p>Hilton Coelho chegou a apresentar uma emenda na tentativa de antecipar o reajuste total em vez do aumento escalonado. Todavia, o relator Vitor Bonfim (PSB) opinou pela rejei\u00e7\u00e3o da emenda de Hilton por interpretar que iria gerar gastos nos cofres p\u00fablicos, sendo assim inconstitucional para a atividade parlamentar na AL-BA. A modifica\u00e7\u00e3o do texto original foi negada em plen\u00e1rio pelos deputados presentes na sess\u00e3o.<\/p>\n<p>A proposta chegou no sistema da AL-BA no dia 1\u00ba de abril, um dia ap\u00f3s o governador Jer\u00f4nimo Rodrigues (PT) anunciar que faria o envio. O reajuste prev\u00ea pagamentos retroativos desde janeiro deste ano, com previs\u00e3o dos repasses no m\u00eas de maio. O primeiro reajuste ser\u00e1 de 3,4% sendo aplicados em abril e, posteriormente, mais 2% a partir do m\u00eas de junho.<\/p>\n<p>No regime de 40h semanais, atualmente o piso do magist\u00e9rio da Bahia \u00e9 de R$ 4.965,24 e chegar\u00e1 a R$ 5.233,26 em junho, ap\u00f3s os dois aumentos os quais, somados, chegam a 5,4%.<\/p>\n<p>O Bahia Not\u00edcias obteve acesso \u00e0s tabelas com os sal\u00e1rios dos professores ap\u00f3s os reajustes previstos no Projeto de Lei. Os vencimentos variam entre R$ 2.565,32 para professores ou coordenadores pedag\u00f3gicos padr\u00e3o P com carga hor\u00e1ria de 20h, Grau III, at\u00e9 R$ 11.081,72 aos profissionais da educa\u00e7\u00e3o, padr\u00e3o D, em regime de 40h no Grau VII.<\/p>\n<p>Um detalhe \u00e9 que a proposi\u00e7\u00e3o tamb\u00e9m trata sobre os educadores ind\u00edgenas. De acordo com Jer\u00f4nimo, a especificidade \u00e9 uma das novidades no reajuste do piso do magist\u00e9rio deste ano.<\/p>\n<p><em>Siga o Acorda Cidade no\u00a0<\/em><a href=\"https:\/\/news.google.com\/search?q=acorda%20cidade&amp;hl=pt-BR&amp;gl=BR&amp;ceid=BR%3Apt-419\"><strong><em>Google Not\u00edcias<\/em><\/strong><\/a><em>\u00a0e receba os principais destaques do dia. Participe tamb\u00e9m dos nossos canais no\u00a0<\/em><a href=\"https:\/\/www.whatsapp.com\/channel\/0029Va6Rb4v3WHTNnsh8WI3N\"><strong><em>WhatsApp<\/em><\/strong><\/a><em>\u00a0e\u00a0<\/em><a href=\"https:\/\/www.youtube.com\/@acordacidadenoticias\/videos\"><strong>YouTube<\/strong><\/a><em>\u00a0e grupo de\u00a0<\/em><a href=\"https:\/\/t.me\/+sSz0khrgARA0ZmRh\"><strong><em>Telegram<\/em><\/strong><\/a><em>.<\/em><\/p>\n<\/div>\n","protected":false},"excerpt":{"rendered":"<div>\n<div>\n<figure><img decoding=\"async\" src=\"https:\/\/uploads.acordacidade.com.br\/2026\/04\/Alba-Foto-Leonardo-Almeida-Bahia-Noticias.jpg\" alt=\"Alba\"><figcaption>Foto: Leonardo Almeida\/ Bahia Not\u00edcias<\/figcaption><\/figure>\n<\/div>\n<p>O PL foi aprovado nesta ter\u00e7a-feira (28), apesar da obstru\u00e7\u00e3o da oposi\u00e7\u00e3o e cr\u00edticas do deputado Hilton Coelho (PSOL).<\/p><\/div>\n","protected":false},"author":1,"featured_media":128821,"comment_status":"closed","ping_status":"closed","sticky":false,"template":"","format":"gallery","meta":{"footnotes":""},"categories":[8,9,6,57,56,10],"tags":[],"class_list":["post-128820","post","type-post","status-publish","format-gallery","has-post-thumbnail","hentry","category-bahia","category-brasil","category-feira-de-santana","category-mundo","category-policia","category-politica","post_format-post-format-gallery"],"featured_image_urls":{"full":["https:\/\/noticiasbahia360.com.br\/wp-content\/uploads\/2026\/04\/Alba-Foto-Leonardo-Almeida-Bahia-Noticias.jpg",1200,630,false],"thumbnail":["https:\/\/noticiasbahia360.com.br\/wp-content\/uploads\/2026\/04\/Alba-Foto-Leonardo-Almeida-Bahia-Noticias-150x150.jpg",150,150,true],"medium":["https:\/\/noticiasbahia360.com.br\/wp-content\/uploads\/2026\/04\/Alba-Foto-Leonardo-Almeida-Bahia-Noticias-300x158.jpg",300,158,true],"medium_large":["https:\/\/noticiasbahia360.com.br\/wp-content\/uploads\/2026\/04\/Alba-Foto-Leonardo-Almeida-Bahia-Noticias-768x403.jpg",640,336,true],"large":["https:\/\/noticiasbahia360.com.br\/wp-content\/uploads\/2026\/04\/Alba-Foto-Leonardo-Almeida-Bahia-Noticias-1024x538.jpg",640,336,true],"1536x1536":["https:\/\/noticiasbahia360.com.br\/wp-content\/uploads\/2026\/04\/Alba-Foto-Leonardo-Almeida-Bahia-Noticias.jpg",1200,630,false],"2048x2048":["https:\/\/noticiasbahia360.com.br\/wp-content\/uploads\/2026\/04\/Alba-Foto-Leonardo-Almeida-Bahia-Noticias.jpg",1200,630,false],"chromenews-featured":["https:\/\/noticiasbahia360.com.br\/wp-content\/uploads\/2026\/04\/Alba-Foto-Leonardo-Almeida-Bahia-Noticias-1024x538.jpg",1024,538,true],"chromenews-large":["https:\/\/noticiasbahia360.com.br\/wp-content\/uploads\/2026\/04\/Alba-Foto-Leonardo-Almeida-Bahia-Noticias-825x575.jpg",825,575,true],"chromenews-medium":["https:\/\/noticiasbahia360.com.br\/wp-content\/uploads\/2026\/04\/Alba-Foto-Leonardo-Almeida-Bahia-Noticias-590x410.jpg",590,410,true]},"author_info":{"display_name":"noticiasbahia360.com.br","author_link":"https:\/\/noticiasbahia360.com.br\/?author=1"},"category_info":"<a href=\"https:\/\/noticiasbahia360.com.br\/?cat=8\" rel=\"category\">Bahia<\/a> <a href=\"https:\/\/noticiasbahia360.com.br\/?cat=9\" rel=\"category\">Brasil<\/a> <a href=\"https:\/\/noticiasbahia360.com.br\/?cat=6\" rel=\"category\">Feira de Santana<\/a> <a href=\"https:\/\/noticiasbahia360.com.br\/?cat=57\" rel=\"category\">Mundo<\/a> <a href=\"https:\/\/noticiasbahia360.com.br\/?cat=56\" rel=\"category\">Pol\u00edcia<\/a> <a href=\"https:\/\/noticiasbahia360.com.br\/?cat=10\" rel=\"category\">Pol\u00edtica<\/a>","tag_info":"Pol\u00edtica","comment_count":"0","_links":{"self":[{"href":"https:\/\/noticiasbahia360.com.br\/index.php?rest_route=\/wp\/v2\/posts\/128820","targetHints":{"allow":["GET"]}}],"collection":[{"href":"https:\/\/noticiasbahia360.com.br\/index.php?rest_route=\/wp\/v2\/posts"}],"about":[{"href":"https:\/\/noticiasbahia360.com.br\/index.php?rest_route=\/wp\/v2\/types\/post"}],"author":[{"embeddable":true,"href":"https:\/\/noticiasbahia360.com.br\/index.php?rest_route=\/wp\/v2\/users\/1"}],"replies":[{"embeddable":true,"href":"https:\/\/noticiasbahia360.com.br\/index.php?rest_route=%2Fwp%2Fv2%2Fcomments&post=128820"}],"version-history":[{"count":0,"href":"https:\/\/noticiasbahia360.com.br\/index.php?rest_route=\/wp\/v2\/posts\/128820\/revisions"}],"wp:featuredmedia":[{"embeddable":true,"href":"https:\/\/noticiasbahia360.com.br\/index.php?rest_route=\/wp\/v2\/media\/128821"}],"wp:attachment":[{"href":"https:\/\/noticiasbahia360.com.br\/index.php?rest_route=%2Fwp%2Fv2%2Fmedia&parent=128820"}],"wp:term":[{"taxonomy":"category","embeddable":true,"href":"https:\/\/noticiasbahia360.com.br\/index.php?rest_route=%2Fwp%2Fv2%2Fcategories&post=128820"},{"taxonomy":"post_tag","embeddable":true,"href":"https:\/\/noticiasbahia360.com.br\/index.php?rest_route=%2Fwp%2Fv2%2Ftags&post=128820"}],"curies":[{"name":"wp","href":"https:\/\/api.w.org\/{rel}","templated":true}]}}