{"id":128822,"date":"2026-04-29T06:31:04","date_gmt":"2026-04-29T09:31:04","guid":{"rendered":"https:\/\/noticiasbahia360.com.br\/?p=128822"},"modified":"2026-04-29T06:31:04","modified_gmt":"2026-04-29T09:31:04","slug":"operacao-salitre-e-deflagrada-por-forca-tarefa-para-combater-o-crime-organizado","status":"publish","type":"post","link":"https:\/\/noticiasbahia360.com.br\/?p=128822","title":{"rendered":"Opera\u00e7\u00e3o Salitre \u00e9 deflagrada por for\u00e7a tarefa para combater o crime organizado"},"content":{"rendered":"<div>\n<div>\n<figure><img decoding=\"async\" src=\"http:\/\/noticiasbahia360.com.br\/wp-content\/uploads\/2026\/04\/ficco-foto-marcia-santana-ascom-ssp-ba.jpg\" alt=\"Ficco BA\"><figcaption>Foto: M\u00e1rcia Santana\/ Ascom SSP<\/figcaption><\/figure>\n<\/div>\n<p>A For\u00e7a Integrada de Combate ao Crime Organizado em Ilh\u00e9us \u2013 Ficco\/Ilh\u00e9us, composta pela Pol\u00edcia Federal, Pol\u00edcia Militar, Pol\u00edcia Civil e Pol\u00edcia Penal, deflagrou, nesta quarta-feira (29), a Opera\u00e7\u00e3o Salitre, com o objetivo de desarticular organiza\u00e7\u00e3o criminosa voltada \u00e0 pr\u00e1tica dos crimes de tr\u00e1fico de drogas, com\u00e9rcio ilegal de armas de fogo e lavagem de dinheiro, com atua\u00e7\u00e3o predominante no sul da Bahia.<\/p>\n<p>A investiga\u00e7\u00e3o, conduzida de forma integrada pelos \u00f3rg\u00e3os de seguran\u00e7a p\u00fablica, identificou a exist\u00eancia de uma estrutura criminosa organizada, com divis\u00e3o de tarefas e atua\u00e7\u00e3o coordenada, respons\u00e1vel pela distribui\u00e7\u00e3o de entorpecentes e armamentos, bem como pela movimenta\u00e7\u00e3o de recursos il\u00edcitos oriundos dessas atividades.<\/p>\n<p>As apura\u00e7\u00f5es indicam que o grupo criminoso utilizava o munic\u00edpio de Canavieiras como base log\u00edstica para armazenamento e distribui\u00e7\u00e3o de drogas, al\u00e9m de ponto estrat\u00e9gico para articula\u00e7\u00e3o de suas atividades il\u00edcitas, mantendo conex\u00f5es com outras cidades da regi\u00e3o e ramifica\u00e7\u00f5es em diferentes estados da federa\u00e7\u00e3o.<\/p>\n<p>Ao todo, est\u00e3o sendo cumpridos 47 mandados judiciais, sendo 27 mandados de busca e apreens\u00e3o e 20 mandados de pris\u00e3o tempor\u00e1ria, expedidos pela Justi\u00e7a Estadual da Comarca de Canavieiras. As medidas est\u00e3o sendo executadas nos munic\u00edpios de Canavieiras, Una, Uru\u00e7uca, Itabuna e Eun\u00e1polis, al\u00e9m de uma a\u00e7\u00e3o no munic\u00edpio de Ubatuba, em S\u00e3o Paulo, evidenciando o car\u00e1ter interestadual da organiza\u00e7\u00e3o investigada.<\/p>\n<p>No \u00e2mbito das medidas assecurat\u00f3rias, foi determinado o bloqueio judicial de R$ 15 milh\u00f5es, valor vinculado \u00e0 movimenta\u00e7\u00e3o financeira suspeita da organiza\u00e7\u00e3o criminosa, com o objetivo de descapitalizar o grupo e inviabilizar a continuidade de suas atividades il\u00edcitas.<\/p>\n<p>A opera\u00e7\u00e3o mobiliza cerca de 160 agentes das for\u00e7as de seguran\u00e7a p\u00fablica (Pol\u00edcia Federal, Pol\u00edcia Militar, Pol\u00edcia Civil e Pol\u00edcia Penal), que atuam de forma simult\u00e2nea e coordenada no cumprimento das ordens judiciais, estrat\u00e9gia fundamental para evitar a fuga de investigados, a destrui\u00e7\u00e3o de provas e a continuidade das pr\u00e1ticas criminosas.<\/p>\n<p>Tamb\u00e9m participaram da deflagra\u00e7\u00e3o da opera\u00e7\u00e3o as seguintes unidades especializadas da Pol\u00edcia Militar da Bahia (PM\/BA): CPRS, 71\u00aa CIPM\/Canavieiras, TOR, CIPE Cacaueira, 15\u00ba BPM\/Itabuna, 28\u00ba BPM\/Eun\u00e1polis, CIPT Sul, 72\u00aa CIPM\/Itacar\u00e9, CIA de Guardas\/Itabuna.<\/p>\n<p>Pela Pol\u00edcia Civil da Bahia, participaram da opera\u00e7\u00e3o as seguintes unidades: DIRPIN Sul, atrav\u00e9s do planejamento envolvendo a 5\u00aa Coorpin Valen\u00e7a, 6\u00aa Coorpin Itabuna, 7\u00aa CoorpinN Ilh\u00e9us, 8\u00aa Coorpin Teixeira de Freitas, 23\u00aa Coorpin Eun\u00e1polis e 21\u00aa Coorpin Itapetinga.<\/p>\n<p>A deflagra\u00e7\u00e3o da Opera\u00e7\u00e3o Salitre representa mais uma a\u00e7\u00e3o estrat\u00e9gica no enfrentamento qualificado ao crime organizado na regi\u00e3o, com foco n\u00e3o apenas na responsabiliza\u00e7\u00e3o penal dos envolvidos, mas tamb\u00e9m na desarticula\u00e7\u00e3o completa da estrutura log\u00edstica, operacional e financeira da organiza\u00e7\u00e3o criminosa.<\/p>\n<p>As investiga\u00e7\u00f5es prosseguem com o objetivo de identificar outros envolvidos, aprofundar a an\u00e1lise do fluxo financeiro il\u00edcito e ampliar a responsabiliza\u00e7\u00e3o dos integrantes do grupo criminoso.<\/p>\n<p><em>Siga o Acorda Cidade no<\/em><a href=\"https:\/\/news.google.com\/search?q=acorda%20cidade&amp;hl=pt-BR&amp;gl=BR&amp;ceid=BR%3Apt-419\"><strong><em>\u00a0Google Not\u00edcias<\/em><\/strong><\/a><em>\u00a0e receba os principais destaques do dia. Participe tamb\u00e9m dos nossos canais no\u00a0<\/em><a href=\"https:\/\/www.whatsapp.com\/channel\/0029Va6Rb4v3WHTNnsh8WI3N\"><strong><em>WhatsApp<\/em><\/strong><\/a><em>\u00a0e\u00a0<\/em><a href=\"https:\/\/www.youtube.com\/@acordacidadenoticias\/videos\"><strong>YouTube<\/strong><\/a><em>\u00a0e grupo de\u00a0<\/em><a href=\"https:\/\/t.me\/+sSz0khrgARA0ZmRh\"><strong><em>Telegram<\/em><\/strong><\/a><em>.<\/em><\/p>\n<\/div>\n","protected":false},"excerpt":{"rendered":"<div>\n<div>\n<figure><img decoding=\"async\" src=\"https:\/\/www.acordacidade.com.br\/wp-content\/uploads\/2025\/12\/ficco-foto-marcia-santana-ascom-ssp-ba.jpg\" alt=\"Ficco BA\"><figcaption>Foto: M\u00e1rcia Santana\/ Ascom SSP<\/figcaption><\/figure>\n<\/div>\n<p>Est\u00e3o sendo cumpridos 47 mandados judiciais em dois estados, al\u00e9m do bloqueio de R$ 15 milh\u00f5es em bens e valores.<\/p><\/div>\n","protected":false},"author":1,"featured_media":128823,"comment_status":"closed","ping_status":"closed","sticky":false,"template":"","format":"gallery","meta":{"footnotes":""},"categories":[8,9,6,57,56,10],"tags":[],"class_list":["post-128822","post","type-post","status-publish","format-gallery","has-post-thumbnail","hentry","category-bahia","category-brasil","category-feira-de-santana","category-mundo","category-policia","category-politica","post_format-post-format-gallery"],"featured_image_urls":{"full":["https:\/\/noticiasbahia360.com.br\/wp-content\/uploads\/2026\/04\/ficco-foto-marcia-santana-ascom-ssp-ba.jpg",1200,675,false],"thumbnail":["https:\/\/noticiasbahia360.com.br\/wp-content\/uploads\/2026\/04\/ficco-foto-marcia-santana-ascom-ssp-ba-150x150.jpg",150,150,true],"medium":["https:\/\/noticiasbahia360.com.br\/wp-content\/uploads\/2026\/04\/ficco-foto-marcia-santana-ascom-ssp-ba-300x169.jpg",300,169,true],"medium_large":["https:\/\/noticiasbahia360.com.br\/wp-content\/uploads\/2026\/04\/ficco-foto-marcia-santana-ascom-ssp-ba-768x432.jpg",640,360,true],"large":["https:\/\/noticiasbahia360.com.br\/wp-content\/uploads\/2026\/04\/ficco-foto-marcia-santana-ascom-ssp-ba-1024x576.jpg",640,360,true],"1536x1536":["https:\/\/noticiasbahia360.com.br\/wp-content\/uploads\/2026\/04\/ficco-foto-marcia-santana-ascom-ssp-ba.jpg",1200,675,false],"2048x2048":["https:\/\/noticiasbahia360.com.br\/wp-content\/uploads\/2026\/04\/ficco-foto-marcia-santana-ascom-ssp-ba.jpg",1200,675,false],"chromenews-featured":["https:\/\/noticiasbahia360.com.br\/wp-content\/uploads\/2026\/04\/ficco-foto-marcia-santana-ascom-ssp-ba-1024x576.jpg",1024,576,true],"chromenews-large":["https:\/\/noticiasbahia360.com.br\/wp-content\/uploads\/2026\/04\/ficco-foto-marcia-santana-ascom-ssp-ba-825x575.jpg",825,575,true],"chromenews-medium":["https:\/\/noticiasbahia360.com.br\/wp-content\/uploads\/2026\/04\/ficco-foto-marcia-santana-ascom-ssp-ba-590x410.jpg",590,410,true]},"author_info":{"display_name":"noticiasbahia360.com.br","author_link":"https:\/\/noticiasbahia360.com.br\/?author=1"},"category_info":"<a href=\"https:\/\/noticiasbahia360.com.br\/?cat=8\" rel=\"category\">Bahia<\/a> <a href=\"https:\/\/noticiasbahia360.com.br\/?cat=9\" rel=\"category\">Brasil<\/a> <a href=\"https:\/\/noticiasbahia360.com.br\/?cat=6\" rel=\"category\">Feira de Santana<\/a> <a href=\"https:\/\/noticiasbahia360.com.br\/?cat=57\" rel=\"category\">Mundo<\/a> <a href=\"https:\/\/noticiasbahia360.com.br\/?cat=56\" rel=\"category\">Pol\u00edcia<\/a> <a href=\"https:\/\/noticiasbahia360.com.br\/?cat=10\" rel=\"category\">Pol\u00edtica<\/a>","tag_info":"Pol\u00edtica","comment_count":"0","_links":{"self":[{"href":"https:\/\/noticiasbahia360.com.br\/index.php?rest_route=\/wp\/v2\/posts\/128822","targetHints":{"allow":["GET"]}}],"collection":[{"href":"https:\/\/noticiasbahia360.com.br\/index.php?rest_route=\/wp\/v2\/posts"}],"about":[{"href":"https:\/\/noticiasbahia360.com.br\/index.php?rest_route=\/wp\/v2\/types\/post"}],"author":[{"embeddable":true,"href":"https:\/\/noticiasbahia360.com.br\/index.php?rest_route=\/wp\/v2\/users\/1"}],"replies":[{"embeddable":true,"href":"https:\/\/noticiasbahia360.com.br\/index.php?rest_route=%2Fwp%2Fv2%2Fcomments&post=128822"}],"version-history":[{"count":0,"href":"https:\/\/noticiasbahia360.com.br\/index.php?rest_route=\/wp\/v2\/posts\/128822\/revisions"}],"wp:featuredmedia":[{"embeddable":true,"href":"https:\/\/noticiasbahia360.com.br\/index.php?rest_route=\/wp\/v2\/media\/128823"}],"wp:attachment":[{"href":"https:\/\/noticiasbahia360.com.br\/index.php?rest_route=%2Fwp%2Fv2%2Fmedia&parent=128822"}],"wp:term":[{"taxonomy":"category","embeddable":true,"href":"https:\/\/noticiasbahia360.com.br\/index.php?rest_route=%2Fwp%2Fv2%2Fcategories&post=128822"},{"taxonomy":"post_tag","embeddable":true,"href":"https:\/\/noticiasbahia360.com.br\/index.php?rest_route=%2Fwp%2Fv2%2Ftags&post=128822"}],"curies":[{"name":"wp","href":"https:\/\/api.w.org\/{rel}","templated":true}]}}