{"id":128826,"date":"2026-04-29T06:51:12","date_gmt":"2026-04-29T09:51:12","guid":{"rendered":"https:\/\/noticiasbahia360.com.br\/?p=128826"},"modified":"2026-04-29T06:51:12","modified_gmt":"2026-04-29T09:51:12","slug":"motoristas-com-placas-final-3-tem-ate-esta-quarta-29-para-garantir-desconto-de-8-no-ipva","status":"publish","type":"post","link":"https:\/\/noticiasbahia360.com.br\/?p=128826","title":{"rendered":"Motoristas com placas final 3 t\u00eam at\u00e9 esta quarta (29) para garantir desconto de 8% no IPVA"},"content":{"rendered":"<div>\n<div>\n<figure><img decoding=\"async\" src=\"http:\/\/noticiasbahia360.com.br\/wp-content\/uploads\/2026\/04\/wHGAcdTC-IPVA.webp\" alt=\"IPVA: propriet\u00e1rios de ve\u00edculos com placas de finais 5 e 6 t\u00eam desconto de 8%\"><figcaption>Foto: Jo\u00e1 Souza\/GOVBA<\/figcaption><\/figure>\n<\/div>\n<p>Vai at\u00e9 esta quarta-feira (29) o prazo para pagamento do IPVA com desconto de 8% para ve\u00edculos com placas final 3. O abatimento \u00e9 v\u00e1lido para quem optar pela quita\u00e7\u00e3o do tributo em cota \u00fanica. <\/p>\n<p>J\u00e1 para os contribuintes que escolherem o pagamento parcelado em cinco vezes, sem desconto, a primeira cota tamb\u00e9m vence no dia 29 de abril. <\/p>\n<p>Para os ve\u00edculos com placas de final 4, os prazos se estendem at\u00e9 quinta-feira (30). O calend\u00e1rio do IPVA 2026 est\u00e1 dispon\u00edvel no <a href=\"http:\/\/www.sefaz.ba.gov.br\/\">site<\/a>, no caminho \u201cInspetoria Eletr\u00f4nica\u201d, \u201cIPVA\u201d, \u201cCalend\u00e1rio\u201d.<\/p>\n<p>Os contribuintes que optarem pelo pagamento em cota \u00fanica com desconto de 8% podem quitar o imposto via Pix, por meio do <a href=\"http:\/\/www.ba.gov.br\/\">portal<\/a>. Para isso, basta acessar com usu\u00e1rio e senha e solicitar o servi\u00e7o \u201cPagar licenciamento cota \u00fanica \u2013 emiss\u00e3o do DAE\u201d. <\/p>\n<p>O pagamento tamb\u00e9m pode ser realizado pelos canais dos bancos parceiros da Secretaria da Fazenda do Estado da Bahia (Sefaz-Ba): Banco do Brasil, Bradesco e Bancoob. Caso prefira o pagamento em cota \u00fanica, sem desconto, o prazo para ve\u00edculos com placa de final 3 vai at\u00e9 28 de agosto, enquanto para os de final 4 o vencimento ocorre em 31 de agosto.<\/p>\n<p>Nesse m\u00eas de abril vence ainda a segunda cota do IPVA para quem optou pelo parcelamento do tributo. Para as placas de final 1, o vencimento \u00e9 no dia 29 de abril, e para as de final 2, no dia 30. O descumprimento dos prazos implica a perda do direito ao parcelamento ou ao desconto, sendo necess\u00e1rio quitar o valor integral na data de vencimento da \u00faltima cota.<\/p>\n<h3 class=\"wp-block-heading\" id=\"h-alerta-do-detran-e-mais-informacoes\">Alerta do Detran e mais informa\u00e7\u00f5es<\/h3>\n<p>De acordo com o Departamento Estadual de Tr\u00e2nsito da Bahia (Detran-Ba), o licenciamento completo do ve\u00edculo inclui outros itens al\u00e9m do IPVA. Para estar regularizado, o propriet\u00e1rio deve quitar tamb\u00e9m o licenciamento anual e eventuais multas. O prazo m\u00e1ximo para regularizar a documenta\u00e7\u00e3o do ve\u00edculo coincide com a data de vencimento da quinta parcela do imposto.<\/p>\n<p>Mais informa\u00e7\u00f5es est\u00e3o dispon\u00edveis por meio do Balc\u00e3o Virtual, <a href=\"http:\/\/www.sefaz.ba.gov.br\/\">no site<\/a>, pelo e-mail\u00a0<a href=\"mailto:faleconosco@sefaz.ba.gov.br\">faleconosco@sefaz.ba.gov.br<\/a>\u00a0ou pelos telefones do call center: 0800 071 0071 (liga\u00e7\u00f5es de telefone fixo) e (71) 3319-2500 \/ 3319-2501 (liga\u00e7\u00f5es de telefone celular ou fixo).<\/p>\n<\/div>\n","protected":false},"excerpt":{"rendered":"<div>\n<div>\n<figure><img decoding=\"async\" src=\"https:\/\/www.acordacidade.com.br\/wp-content\/uploads\/2025\/03\/wHGAcdTC-IPVA.webp\" alt=\"IPVA: propriet\u00e1rios de ve\u00edculos com placas de finais 5 e 6 t\u00eam desconto de 8%\"><figcaption>Foto: Jo\u00e1 Souza\/GOVBA<\/figcaption><\/figure>\n<\/div>\n<p>Para os ve\u00edculos com placas de final 4, os prazos se estendem at\u00e9 quinta-feira (30).<\/p><\/div>\n","protected":false},"author":1,"featured_media":128827,"comment_status":"closed","ping_status":"closed","sticky":false,"template":"","format":"gallery","meta":{"footnotes":""},"categories":[8,9,6,57,56,10],"tags":[],"class_list":["post-128826","post","type-post","status-publish","format-gallery","has-post-thumbnail","hentry","category-bahia","category-brasil","category-feira-de-santana","category-mundo","category-policia","category-politica","post_format-post-format-gallery"],"featured_image_urls":{"full":["https:\/\/noticiasbahia360.com.br\/wp-content\/uploads\/2026\/04\/wHGAcdTC-IPVA.webp",1200,801,false],"thumbnail":["https:\/\/noticiasbahia360.com.br\/wp-content\/uploads\/2026\/04\/wHGAcdTC-IPVA-150x150.webp",150,150,true],"medium":["https:\/\/noticiasbahia360.com.br\/wp-content\/uploads\/2026\/04\/wHGAcdTC-IPVA-300x200.webp",300,200,true],"medium_large":["https:\/\/noticiasbahia360.com.br\/wp-content\/uploads\/2026\/04\/wHGAcdTC-IPVA-768x513.webp",640,428,true],"large":["https:\/\/noticiasbahia360.com.br\/wp-content\/uploads\/2026\/04\/wHGAcdTC-IPVA-1024x684.webp",640,428,true],"1536x1536":["https:\/\/noticiasbahia360.com.br\/wp-content\/uploads\/2026\/04\/wHGAcdTC-IPVA.webp",1200,801,false],"2048x2048":["https:\/\/noticiasbahia360.com.br\/wp-content\/uploads\/2026\/04\/wHGAcdTC-IPVA.webp",1200,801,false],"chromenews-featured":["https:\/\/noticiasbahia360.com.br\/wp-content\/uploads\/2026\/04\/wHGAcdTC-IPVA-1024x684.webp",1024,684,true],"chromenews-large":["https:\/\/noticiasbahia360.com.br\/wp-content\/uploads\/2026\/04\/wHGAcdTC-IPVA-825x575.webp",825,575,true],"chromenews-medium":["https:\/\/noticiasbahia360.com.br\/wp-content\/uploads\/2026\/04\/wHGAcdTC-IPVA-590x410.webp",590,410,true]},"author_info":{"display_name":"noticiasbahia360.com.br","author_link":"https:\/\/noticiasbahia360.com.br\/?author=1"},"category_info":"<a href=\"https:\/\/noticiasbahia360.com.br\/?cat=8\" rel=\"category\">Bahia<\/a> <a href=\"https:\/\/noticiasbahia360.com.br\/?cat=9\" rel=\"category\">Brasil<\/a> <a href=\"https:\/\/noticiasbahia360.com.br\/?cat=6\" rel=\"category\">Feira de Santana<\/a> <a href=\"https:\/\/noticiasbahia360.com.br\/?cat=57\" rel=\"category\">Mundo<\/a> <a href=\"https:\/\/noticiasbahia360.com.br\/?cat=56\" rel=\"category\">Pol\u00edcia<\/a> <a href=\"https:\/\/noticiasbahia360.com.br\/?cat=10\" rel=\"category\">Pol\u00edtica<\/a>","tag_info":"Pol\u00edtica","comment_count":"0","_links":{"self":[{"href":"https:\/\/noticiasbahia360.com.br\/index.php?rest_route=\/wp\/v2\/posts\/128826","targetHints":{"allow":["GET"]}}],"collection":[{"href":"https:\/\/noticiasbahia360.com.br\/index.php?rest_route=\/wp\/v2\/posts"}],"about":[{"href":"https:\/\/noticiasbahia360.com.br\/index.php?rest_route=\/wp\/v2\/types\/post"}],"author":[{"embeddable":true,"href":"https:\/\/noticiasbahia360.com.br\/index.php?rest_route=\/wp\/v2\/users\/1"}],"replies":[{"embeddable":true,"href":"https:\/\/noticiasbahia360.com.br\/index.php?rest_route=%2Fwp%2Fv2%2Fcomments&post=128826"}],"version-history":[{"count":0,"href":"https:\/\/noticiasbahia360.com.br\/index.php?rest_route=\/wp\/v2\/posts\/128826\/revisions"}],"wp:featuredmedia":[{"embeddable":true,"href":"https:\/\/noticiasbahia360.com.br\/index.php?rest_route=\/wp\/v2\/media\/128827"}],"wp:attachment":[{"href":"https:\/\/noticiasbahia360.com.br\/index.php?rest_route=%2Fwp%2Fv2%2Fmedia&parent=128826"}],"wp:term":[{"taxonomy":"category","embeddable":true,"href":"https:\/\/noticiasbahia360.com.br\/index.php?rest_route=%2Fwp%2Fv2%2Fcategories&post=128826"},{"taxonomy":"post_tag","embeddable":true,"href":"https:\/\/noticiasbahia360.com.br\/index.php?rest_route=%2Fwp%2Fv2%2Ftags&post=128826"}],"curies":[{"name":"wp","href":"https:\/\/api.w.org\/{rel}","templated":true}]}}