{"id":128828,"date":"2026-04-29T07:01:24","date_gmt":"2026-04-29T10:01:24","guid":{"rendered":"https:\/\/noticiasbahia360.com.br\/?p=128828"},"modified":"2026-04-29T07:01:24","modified_gmt":"2026-04-29T10:01:24","slug":"prazo-para-pre-selecionados-do-minha-casa-minha-vida-enviar-documentos-termina-nesta-quinta-30","status":"publish","type":"post","link":"https:\/\/noticiasbahia360.com.br\/?p=128828","title":{"rendered":"Prazo para pr\u00e9-selecionados do Minha Casa, Minha Vida enviar documentos termina nesta quinta (30)"},"content":{"rendered":"<div>\n<div>\n<figure><img decoding=\"async\" src=\"http:\/\/noticiasbahia360.com.br\/wp-content\/uploads\/2026\/04\/MCMV-Minha-Casa-Minha-Vida-foto-Foto-Aescom-MCid.jpg\" alt=\"documentos MCMV Minha Casa Minha Vida\"><figcaption>Foto: Aescom MCid<\/figcaption><\/figure>\n<\/div>\n<p>A Secretaria de Habita\u00e7\u00e3o de Feira de Santana prorrogou at\u00e9 o dia 30 deste m\u00eas o prazo para que os candidatos pr\u00e9-selecionados \u00e0s unidades do Programa Minha Casa Minha Vida, referentes aos residenciais Vivendas Panorama I, Vivendas Panorama II e Rio de Janeiro II, apresentem a documenta\u00e7\u00e3o exigida.<\/p>\n<p>O prazo anterior foi encerrado na \u00faltima sexta-feira (24). No entanto, muitos selecionados n\u00e3o compareceram \u00e0 Secretaria de Habita\u00e7\u00e3o para entregar os documentos necess\u00e1rios \u00e0 continuidade no processo de sele\u00e7\u00e3o para uma das unidades habitacionais. Tamb\u00e9m foram identificados casos de incompatibilidade com os crit\u00e9rios exigidos pelo programa.<\/p>\n<p>A sele\u00e7\u00e3o segue as diretrizes estabelecidas pela Lei Federal n\u00ba 14.620\/2023 e pela Portaria n\u00ba 738\/2024 do Minist\u00e9rio das Cidades. Para serem habilitados, os interessados devem comprovar enquadramento em pelo menos uma das situa\u00e7\u00f5es que caracterizam o d\u00e9ficit habitacional, como moradia prec\u00e1ria, coabita\u00e7\u00e3o familiar, adensamento excessivo, comprometimento elevado de renda com aluguel, recebimento de aluguel social ou situa\u00e7\u00e3o de rua.<\/p>\n<p>Entre os documentos exigidos est\u00e3o documento de identidade, CPF, comprovante de estado civil, folha resumo do Cad\u00danico atualizada e comprovante de resid\u00eancia recente. Em casos espec\u00edficos, tamb\u00e9m podem ser solicitados laudos m\u00e9dicos e declara\u00e7\u00f5es complementares.<\/p>\n<p>O n\u00e3o comparecimento dentro do prazo estipulado implicar\u00e1 desist\u00eancia autom\u00e1tica e desclassifica\u00e7\u00e3o do processo seletivo. A Secretaria de Habita\u00e7\u00e3o est\u00e1 localizada na Avenida Senhor dos Passos, n\u00ba 212, Centro. O atendimento ocorre de segunda a sexta-feira, das 8h \u00e0s 12h e das 14h \u00e0s 16h.<\/p>\n<p><em>Com informa\u00e7\u00f5es da Secretaria Municipal de Comunica\u00e7\u00e3o Social de Feira de Santana <\/em><\/p>\n<p><em>Siga o Acorda Cidade no<\/em><a href=\"https:\/\/news.google.com\/search?q=acorda%20cidade&amp;hl=pt-BR&amp;gl=BR&amp;ceid=BR%3Apt-419\"><strong><em>\u00a0Google Not\u00edcias<\/em><\/strong><\/a><em>\u00a0e receba os principais destaques do dia. Participe tamb\u00e9m dos nossos canais no\u00a0<\/em><a href=\"https:\/\/www.whatsapp.com\/channel\/0029Va6Rb4v3WHTNnsh8WI3N\"><strong><em>WhatsApp<\/em><\/strong><\/a><em>\u00a0e\u00a0<\/em><a href=\"https:\/\/www.youtube.com\/@acordacidadenoticias\/videos\"><strong>YouTube<\/strong><\/a><em>\u00a0e grupo de\u00a0<\/em><a href=\"https:\/\/t.me\/+sSz0khrgARA0ZmRh\"><strong><em>Telegram<\/em><\/strong><\/a><em>.<\/em><\/p>\n<\/div>\n","protected":false},"excerpt":{"rendered":"<div>\n<div>\n<figure><img decoding=\"async\" src=\"https:\/\/www.acordacidade.com.br\/wp-content\/uploads\/2025\/04\/MCMV-Minha-Casa-Minha-Vida-foto-Foto-Aescom-MCid.jpg\" alt=\"documentos MCMV Minha Casa Minha Vida\"><figcaption>Foto: Aescom MCid<\/figcaption><\/figure>\n<\/div>\n<p>Entre os documentos exigidos est\u00e3o carteira de identidade (RG), CPF, comprovante de estado civil e folha resumo do Cad\u00danico atualizada.<\/p><\/div>\n","protected":false},"author":1,"featured_media":128829,"comment_status":"closed","ping_status":"closed","sticky":false,"template":"","format":"gallery","meta":{"footnotes":""},"categories":[8,9,6,57,56,10],"tags":[],"class_list":["post-128828","post","type-post","status-publish","format-gallery","has-post-thumbnail","hentry","category-bahia","category-brasil","category-feira-de-santana","category-mundo","category-policia","category-politica","post_format-post-format-gallery"],"featured_image_urls":{"full":["https:\/\/noticiasbahia360.com.br\/wp-content\/uploads\/2026\/04\/MCMV-Minha-Casa-Minha-Vida-foto-Foto-Aescom-MCid.jpg",1200,694,false],"thumbnail":["https:\/\/noticiasbahia360.com.br\/wp-content\/uploads\/2026\/04\/MCMV-Minha-Casa-Minha-Vida-foto-Foto-Aescom-MCid-150x150.jpg",150,150,true],"medium":["https:\/\/noticiasbahia360.com.br\/wp-content\/uploads\/2026\/04\/MCMV-Minha-Casa-Minha-Vida-foto-Foto-Aescom-MCid-300x174.jpg",300,174,true],"medium_large":["https:\/\/noticiasbahia360.com.br\/wp-content\/uploads\/2026\/04\/MCMV-Minha-Casa-Minha-Vida-foto-Foto-Aescom-MCid-768x444.jpg",640,370,true],"large":["https:\/\/noticiasbahia360.com.br\/wp-content\/uploads\/2026\/04\/MCMV-Minha-Casa-Minha-Vida-foto-Foto-Aescom-MCid-1024x592.jpg",640,370,true],"1536x1536":["https:\/\/noticiasbahia360.com.br\/wp-content\/uploads\/2026\/04\/MCMV-Minha-Casa-Minha-Vida-foto-Foto-Aescom-MCid.jpg",1200,694,false],"2048x2048":["https:\/\/noticiasbahia360.com.br\/wp-content\/uploads\/2026\/04\/MCMV-Minha-Casa-Minha-Vida-foto-Foto-Aescom-MCid.jpg",1200,694,false],"chromenews-featured":["https:\/\/noticiasbahia360.com.br\/wp-content\/uploads\/2026\/04\/MCMV-Minha-Casa-Minha-Vida-foto-Foto-Aescom-MCid-1024x592.jpg",1024,592,true],"chromenews-large":["https:\/\/noticiasbahia360.com.br\/wp-content\/uploads\/2026\/04\/MCMV-Minha-Casa-Minha-Vida-foto-Foto-Aescom-MCid-825x575.jpg",825,575,true],"chromenews-medium":["https:\/\/noticiasbahia360.com.br\/wp-content\/uploads\/2026\/04\/MCMV-Minha-Casa-Minha-Vida-foto-Foto-Aescom-MCid-590x410.jpg",590,410,true]},"author_info":{"display_name":"noticiasbahia360.com.br","author_link":"https:\/\/noticiasbahia360.com.br\/?author=1"},"category_info":"<a href=\"https:\/\/noticiasbahia360.com.br\/?cat=8\" rel=\"category\">Bahia<\/a> <a href=\"https:\/\/noticiasbahia360.com.br\/?cat=9\" rel=\"category\">Brasil<\/a> <a href=\"https:\/\/noticiasbahia360.com.br\/?cat=6\" rel=\"category\">Feira de Santana<\/a> <a href=\"https:\/\/noticiasbahia360.com.br\/?cat=57\" rel=\"category\">Mundo<\/a> <a href=\"https:\/\/noticiasbahia360.com.br\/?cat=56\" rel=\"category\">Pol\u00edcia<\/a> <a href=\"https:\/\/noticiasbahia360.com.br\/?cat=10\" rel=\"category\">Pol\u00edtica<\/a>","tag_info":"Pol\u00edtica","comment_count":"0","_links":{"self":[{"href":"https:\/\/noticiasbahia360.com.br\/index.php?rest_route=\/wp\/v2\/posts\/128828","targetHints":{"allow":["GET"]}}],"collection":[{"href":"https:\/\/noticiasbahia360.com.br\/index.php?rest_route=\/wp\/v2\/posts"}],"about":[{"href":"https:\/\/noticiasbahia360.com.br\/index.php?rest_route=\/wp\/v2\/types\/post"}],"author":[{"embeddable":true,"href":"https:\/\/noticiasbahia360.com.br\/index.php?rest_route=\/wp\/v2\/users\/1"}],"replies":[{"embeddable":true,"href":"https:\/\/noticiasbahia360.com.br\/index.php?rest_route=%2Fwp%2Fv2%2Fcomments&post=128828"}],"version-history":[{"count":0,"href":"https:\/\/noticiasbahia360.com.br\/index.php?rest_route=\/wp\/v2\/posts\/128828\/revisions"}],"wp:featuredmedia":[{"embeddable":true,"href":"https:\/\/noticiasbahia360.com.br\/index.php?rest_route=\/wp\/v2\/media\/128829"}],"wp:attachment":[{"href":"https:\/\/noticiasbahia360.com.br\/index.php?rest_route=%2Fwp%2Fv2%2Fmedia&parent=128828"}],"wp:term":[{"taxonomy":"category","embeddable":true,"href":"https:\/\/noticiasbahia360.com.br\/index.php?rest_route=%2Fwp%2Fv2%2Fcategories&post=128828"},{"taxonomy":"post_tag","embeddable":true,"href":"https:\/\/noticiasbahia360.com.br\/index.php?rest_route=%2Fwp%2Fv2%2Ftags&post=128828"}],"curies":[{"name":"wp","href":"https:\/\/api.w.org\/{rel}","templated":true}]}} 